{"id":1634,"date":"2025-05-30T15:46:55","date_gmt":"2025-05-30T13:46:55","guid":{"rendered":"https:\/\/futbolbezbarier.pl\/?p=1634"},"modified":"2025-08-12T20:22:14","modified_gmt":"2025-08-12T18:22:14","slug":"druga-kolejka-futsalu-bez-barier-za-nami-autentyczne-emocje-okraszone-gradem-goli","status":"publish","type":"post","link":"https:\/\/futbolbezbarier.pl\/index.php\/2025\/05\/30\/druga-kolejka-futsalu-bez-barier-za-nami-autentyczne-emocje-okraszone-gradem-goli\/","title":{"rendered":"Druga kolejka Futsalu Bez Barier za nami! Autentyczne emocje, okraszone gradem goli!"},"content":{"rendered":"\n<p>W miniony weekend, 24-25 maja, hala sportowa &#8222;Jasna 31&#8221; w Gliwicach sta\u0142a si\u0119 aren\u0105 wydarze\u0144, kt\u00f3re ponownie udowodni\u0142y, \u017ce Futsal Bez Barier to nie tylko liga \u2013 to wyj\u0105tkowa spo\u0142eczno\u015b\u0107 ludzi, kt\u00f3rzy na futsalowych parkietach realnie spe\u0142niaj\u0105 swoje marzenia. Druga kolejka sezonu 2025 dostarczy\u0142a niezapomnianych wra\u017ce\u0144 zar\u00f3wno kibicom, jak i samym uczestnikom. W 16 rozegranych meczach pad\u0142a imponuj\u0105ca liczba 162 bramek. 77 z nich strzelono w sobotnich starciach Ekstraklasy, a 85 w niedzielnych zmaganiach 1 Ligi. A teraz czas na szczeg\u00f3\u0142y.<\/p>\n\n\n\n<figure class=\"wp-block-image size-large\"><img fetchpriority=\"high\" decoding=\"async\" width=\"1024\" height=\"684\" src=\"https:\/\/futbolbezbarier.pl\/wp-content\/uploads\/2025\/05\/FBB_Gliwice-366-1-1024x684.jpg\" alt=\"\" class=\"wp-image-1655\" srcset=\"https:\/\/futbolbezbarier.pl\/wp-content\/uploads\/2025\/05\/FBB_Gliwice-366-1-1024x684.jpg 1024w, https:\/\/futbolbezbarier.pl\/wp-content\/uploads\/2025\/05\/FBB_Gliwice-366-1-300x200.jpg 300w, https:\/\/futbolbezbarier.pl\/wp-content\/uploads\/2025\/05\/FBB_Gliwice-366-1-768x513.jpg 768w, https:\/\/futbolbezbarier.pl\/wp-content\/uploads\/2025\/05\/FBB_Gliwice-366-1-1536x1025.jpg 1536w, https:\/\/futbolbezbarier.pl\/wp-content\/uploads\/2025\/05\/FBB_Gliwice-366-1-930x620.jpg 930w, https:\/\/futbolbezbarier.pl\/wp-content\/uploads\/2025\/05\/FBB_Gliwice-366-1.jpg 2048w\" sizes=\"(max-width: 1024px) 100vw, 1024px\" \/><\/figure>\n\n\n\n<p><strong>SOBOTA &#8211; EKSTRAKLASA<\/strong><\/p>\n\n\n\n<p><strong>UKS Lasotczak P\u0142ock &#8211; Widzew \u0141\u00f3d\u017a 10:0<\/strong><strong><br><\/strong>Od pierwszego gwizdka by\u0142o wida\u0107, \u017ce zesp\u00f3\u0142 z P\u0142ocka przyjecha\u0142 do Gliwic po kolejne trzy punkty. Ich gra by\u0142a szybka, zorganizowana i pe\u0142na pi\u0142karskiej dyscypliny. Ka\u017cdy element taktyczny by\u0142 realizowany z niemal chirurgiczn\u0105 precyzj\u0105. Krystian Dzierzba z zimn\u0105 krwi\u0105 zdobywa\u0142 kolejne bramki, a Szymon Sikora umiej\u0119tnie wyprowadza\u0142 pi\u0142k\u0119 niejednokrotnie wchodz\u0105 w drybling z dwoma lub nawet trzema zawodnikami z \u0141odzi. Jednak gdy by\u0142o trzeba, to potrafi\u0142 r\u00f3wnie\u017c rozci\u0105ga\u0107 gr\u0119, otwieraj\u0105c przestrzenie kolegom. Widzew nie potrafi\u0142 odpowiedzie\u0107, ich defensywa nie wytrzyma\u0142a tempa narzuconego przez rywala.<\/p>\n\n\n\n<figure class=\"wp-block-image size-large\"><img decoding=\"async\" width=\"1024\" height=\"684\" src=\"https:\/\/futbolbezbarier.pl\/wp-content\/uploads\/2025\/05\/FBB_Gliwice-006-1-1024x684.jpg\" alt=\"\" class=\"wp-image-1636\" srcset=\"https:\/\/futbolbezbarier.pl\/wp-content\/uploads\/2025\/05\/FBB_Gliwice-006-1-1024x684.jpg 1024w, https:\/\/futbolbezbarier.pl\/wp-content\/uploads\/2025\/05\/FBB_Gliwice-006-1-300x200.jpg 300w, https:\/\/futbolbezbarier.pl\/wp-content\/uploads\/2025\/05\/FBB_Gliwice-006-1-768x513.jpg 768w, https:\/\/futbolbezbarier.pl\/wp-content\/uploads\/2025\/05\/FBB_Gliwice-006-1-1536x1025.jpg 1536w, https:\/\/futbolbezbarier.pl\/wp-content\/uploads\/2025\/05\/FBB_Gliwice-006-1-930x620.jpg 930w, https:\/\/futbolbezbarier.pl\/wp-content\/uploads\/2025\/05\/FBB_Gliwice-006-1.jpg 2048w\" sizes=\"(max-width: 1024px) 100vw, 1024px\" \/><\/figure>\n\n\n\n<p><strong>Zamek Opolnica &#8211; Dogadanka KKN Kielce 5:1<\/strong><strong><br><\/strong>To starcie mog\u0142o zapowiada\u0107 si\u0119 na jedno z najciekawszych. Dogadanka po dw\u00f3ch wygranych w pierwszej kolejce przyjecha\u0142a z du\u017cymi ambicjami. I cho\u0107 rozpocz\u0119li mecz z animuszem, obejmuj\u0105c prowadzenie i graj\u0105c w przewadze liczebnej po czerwonej kartce dla \u0141aszczewskiego, to Zamek pokaza\u0142 ogromn\u0105 cierpliwo\u015b\u0107 i do\u015bwiadczenie. Patryk Hucaluk wzi\u0105\u0142 na siebie odpowiedzialno\u015b\u0107 za organizacj\u0119 gry, dyryguj\u0105c zespo\u0142em niczym kapitan okr\u0119tu w sztormie. Efekt? Zamek rozbi\u0142 rywala po przerwie.<\/p>\n\n\n\n<figure class=\"wp-block-image size-large\"><img decoding=\"async\" width=\"1024\" height=\"684\" src=\"https:\/\/futbolbezbarier.pl\/wp-content\/uploads\/2025\/05\/FBB_Gliwice-046-1024x684.jpg\" alt=\"\" class=\"wp-image-1637\" srcset=\"https:\/\/futbolbezbarier.pl\/wp-content\/uploads\/2025\/05\/FBB_Gliwice-046-1024x684.jpg 1024w, https:\/\/futbolbezbarier.pl\/wp-content\/uploads\/2025\/05\/FBB_Gliwice-046-300x200.jpg 300w, https:\/\/futbolbezbarier.pl\/wp-content\/uploads\/2025\/05\/FBB_Gliwice-046-768x513.jpg 768w, https:\/\/futbolbezbarier.pl\/wp-content\/uploads\/2025\/05\/FBB_Gliwice-046-1536x1025.jpg 1536w, https:\/\/futbolbezbarier.pl\/wp-content\/uploads\/2025\/05\/FBB_Gliwice-046-930x620.jpg 930w, https:\/\/futbolbezbarier.pl\/wp-content\/uploads\/2025\/05\/FBB_Gliwice-046.jpg 2048w\" sizes=\"(max-width: 1024px) 100vw, 1024px\" \/><\/figure>\n\n\n\n<p><strong>WKS \u015al\u0105sk Futsal Wroc\u0142aw Bez Barier &#8211; MKS Si\u00f3demka Ruda \u015al\u0105ska 3:8<\/strong><strong><br><\/strong>Cho\u0107 wroc\u0142awianie przed meczem zapowiadali walk\u0119 jak r\u00f3wny z r\u00f3wnym, Si\u00f3demka b\u0142yskawicznie obna\u017cy\u0142a braki w ich ustawieniu. Mistrzowie z Rudy \u015al\u0105skiej zagrali mecz niemal doskona\u0142y &#8211; pressing, przej\u015bcia z obrony do ataku, schematy rozegrania sta\u0142ych fragment\u00f3w, wszystko dzia\u0142a\u0142o jak w szwajcarskim zegarku. Kamil Skorupa by\u0142 niepodwa\u017calnym liderem, dominuj\u0105c w \u015brodkowej strefie i inicjuj\u0105c niemal ka\u017cd\u0105 bramkow\u0105 akcj\u0119.<\/p>\n\n\n\n<figure class=\"wp-block-image size-large\"><img loading=\"lazy\" decoding=\"async\" width=\"1024\" height=\"684\" src=\"https:\/\/futbolbezbarier.pl\/wp-content\/uploads\/2025\/05\/FBB_Gliwice-100-1024x684.jpg\" alt=\"\" class=\"wp-image-1638\" srcset=\"https:\/\/futbolbezbarier.pl\/wp-content\/uploads\/2025\/05\/FBB_Gliwice-100-1024x684.jpg 1024w, https:\/\/futbolbezbarier.pl\/wp-content\/uploads\/2025\/05\/FBB_Gliwice-100-300x200.jpg 300w, https:\/\/futbolbezbarier.pl\/wp-content\/uploads\/2025\/05\/FBB_Gliwice-100-768x513.jpg 768w, https:\/\/futbolbezbarier.pl\/wp-content\/uploads\/2025\/05\/FBB_Gliwice-100-1536x1025.jpg 1536w, https:\/\/futbolbezbarier.pl\/wp-content\/uploads\/2025\/05\/FBB_Gliwice-100-930x620.jpg 930w, https:\/\/futbolbezbarier.pl\/wp-content\/uploads\/2025\/05\/FBB_Gliwice-100.jpg 2048w\" sizes=\"(max-width: 1024px) 100vw, 1024px\" \/><\/figure>\n\n\n\n<p><strong>Radomiak Radom Futbol Plus &#8211; Tarnowski KKN Jask\u00f3\u0142ki 0:8<\/strong><strong><br><\/strong>Tarnowski KKN Jask\u00f3\u0142ki zagrali jeden z najbardziej pouk\u0142adanych mecz\u00f3w ca\u0142ej kolejki. Ich linia pomocy funkcjonowa\u0142a bez zarzutu, a pressing w wysokiej strefie odbiera\u0142 Radomiakowi jakiekolwiek pole manewru. Eryk N\u0119dza imponowa\u0142 kreacj\u0105 gry, nieustannie zaskakiwa\u0142 podaniami mi\u0119dzy liniami. W defensywie &#8211; spok\u00f3j, a w ofensywie &#8211; chirurgiczna precyzja. Radom nie mia\u0142 narz\u0119dzi, by nawi\u0105za\u0107 walk\u0119.<\/p>\n\n\n\n<figure class=\"wp-block-image size-large\"><img loading=\"lazy\" decoding=\"async\" width=\"1024\" height=\"684\" src=\"https:\/\/futbolbezbarier.pl\/wp-content\/uploads\/2025\/05\/FBB_Gliwice-122-1024x684.jpg\" alt=\"\" class=\"wp-image-1639\" srcset=\"https:\/\/futbolbezbarier.pl\/wp-content\/uploads\/2025\/05\/FBB_Gliwice-122-1024x684.jpg 1024w, https:\/\/futbolbezbarier.pl\/wp-content\/uploads\/2025\/05\/FBB_Gliwice-122-300x200.jpg 300w, https:\/\/futbolbezbarier.pl\/wp-content\/uploads\/2025\/05\/FBB_Gliwice-122-768x513.jpg 768w, https:\/\/futbolbezbarier.pl\/wp-content\/uploads\/2025\/05\/FBB_Gliwice-122-1536x1025.jpg 1536w, https:\/\/futbolbezbarier.pl\/wp-content\/uploads\/2025\/05\/FBB_Gliwice-122-930x620.jpg 930w, https:\/\/futbolbezbarier.pl\/wp-content\/uploads\/2025\/05\/FBB_Gliwice-122.jpg 2048w\" sizes=\"(max-width: 1024px) 100vw, 1024px\" \/><\/figure>\n\n\n\n<p><strong>UKS Lasotczak &#8211; Zamek Opolnica 10:6<\/strong><strong><br><\/strong>To by\u0142 mecz, kt\u00f3ry mo\u017cna by pokazywa\u0107 jako esencj\u0119 futsalowych emocji. Wymiany cios\u00f3w, przewagi, odrabianie strat, bramki w seriach. Gdy Zamek obj\u0105\u0142 prowadzenie 6:5, wydawa\u0142o si\u0119, \u017ce ich do\u015bwiadczenie pozwoli im dowie\u017a\u0107 wynik do ko\u0144ca. Ale wtedy wszed\u0142 Lasotczak w tryb &#8222;killer mode&#8221;. Trener Pawe\u0142 \u015apiegowski dokona\u0142 b\u0142yskotliwych korekt, a jego zesp\u00f3\u0142 odpowiedzia\u0142 pi\u0119cioma bramkami z rz\u0119du. Lasotczak pokaza\u0142 ogromn\u0105 si\u0142\u0119.<\/p>\n\n\n\n<figure class=\"wp-block-image size-large\"><img loading=\"lazy\" decoding=\"async\" width=\"1024\" height=\"684\" src=\"https:\/\/futbolbezbarier.pl\/wp-content\/uploads\/2025\/05\/FBB_Gliwice-152-1024x684.jpg\" alt=\"\" class=\"wp-image-1657\" srcset=\"https:\/\/futbolbezbarier.pl\/wp-content\/uploads\/2025\/05\/FBB_Gliwice-152-1024x684.jpg 1024w, https:\/\/futbolbezbarier.pl\/wp-content\/uploads\/2025\/05\/FBB_Gliwice-152-300x200.jpg 300w, https:\/\/futbolbezbarier.pl\/wp-content\/uploads\/2025\/05\/FBB_Gliwice-152-768x513.jpg 768w, https:\/\/futbolbezbarier.pl\/wp-content\/uploads\/2025\/05\/FBB_Gliwice-152-1536x1025.jpg 1536w, https:\/\/futbolbezbarier.pl\/wp-content\/uploads\/2025\/05\/FBB_Gliwice-152-930x620.jpg 930w, https:\/\/futbolbezbarier.pl\/wp-content\/uploads\/2025\/05\/FBB_Gliwice-152.jpg 2048w\" sizes=\"(max-width: 1024px) 100vw, 1024px\" \/><\/figure>\n\n\n\n<p><strong>MKS Si\u00f3demka &#8211; Dogadanka Kielce 12:2<\/strong><strong><br><\/strong>Mistrzowska Si\u00f3demka przesz\u0142a przez ten mecz jak walec. Dogadanka, mimo woli walki, nie mia\u0142a przestrzeni ani czasu na podj\u0119cie decyzji. Si\u00f3demka stosowa\u0142a wysoki pressing, zdominowa\u0142a \u015brodkow\u0105 stref\u0119 i nie pozwoli\u0142a rywalom rozwin\u0105\u0107 skrzyde\u0142. Skorupa zagra\u0142 kapitalnie &#8211; by\u0142 wsz\u0119dzie, a jego wsp\u00f3\u0142praca z Siemi\u0144skim, to duet z wy\u017cszej p\u00f3\u0142ki.<\/p>\n\n\n\n<figure class=\"wp-block-image size-large\"><img loading=\"lazy\" decoding=\"async\" width=\"1024\" height=\"684\" src=\"https:\/\/futbolbezbarier.pl\/wp-content\/uploads\/2025\/05\/FBB_Gliwice-167-1024x684.jpg\" alt=\"\" class=\"wp-image-1641\" srcset=\"https:\/\/futbolbezbarier.pl\/wp-content\/uploads\/2025\/05\/FBB_Gliwice-167-1024x684.jpg 1024w, https:\/\/futbolbezbarier.pl\/wp-content\/uploads\/2025\/05\/FBB_Gliwice-167-300x200.jpg 300w, https:\/\/futbolbezbarier.pl\/wp-content\/uploads\/2025\/05\/FBB_Gliwice-167-768x513.jpg 768w, https:\/\/futbolbezbarier.pl\/wp-content\/uploads\/2025\/05\/FBB_Gliwice-167-1536x1025.jpg 1536w, https:\/\/futbolbezbarier.pl\/wp-content\/uploads\/2025\/05\/FBB_Gliwice-167-930x620.jpg 930w, https:\/\/futbolbezbarier.pl\/wp-content\/uploads\/2025\/05\/FBB_Gliwice-167.jpg 2048w\" sizes=\"(max-width: 1024px) 100vw, 1024px\" \/><\/figure>\n\n\n\n<p><strong>Widzew \u0141\u00f3d\u017a &#8211; Radomiak Radom 3:6<\/strong><strong><br><\/strong>To by\u0142 pojedynek dru\u017cyn walcz\u0105cych o pierwsze punkty. Obie strony podesz\u0142y do meczu z determinacj\u0105, ale to Radomiak by\u0142 bardziej skoncentrowany i zdyscyplinowany. Powr\u00f3t Piotrka Michalskiego okaza\u0142 si\u0119 kluczowy, bo to on dawa\u0142 spok\u00f3j w rozegraniu i by\u0142 kreatorem wi\u0119kszo\u015bci ofensywnych akcji. Widzew pr\u00f3bowa\u0142 odpowiada\u0107, ale zabrak\u0142o dok\u0142adno\u015bci i skuteczno\u015bci.<\/p>\n\n\n\n<figure class=\"wp-block-image size-large\"><img loading=\"lazy\" decoding=\"async\" width=\"1024\" height=\"684\" src=\"https:\/\/futbolbezbarier.pl\/wp-content\/uploads\/2025\/05\/FBB_Gliwice-170-1024x684.jpg\" alt=\"\" class=\"wp-image-1642\" srcset=\"https:\/\/futbolbezbarier.pl\/wp-content\/uploads\/2025\/05\/FBB_Gliwice-170-1024x684.jpg 1024w, https:\/\/futbolbezbarier.pl\/wp-content\/uploads\/2025\/05\/FBB_Gliwice-170-300x200.jpg 300w, https:\/\/futbolbezbarier.pl\/wp-content\/uploads\/2025\/05\/FBB_Gliwice-170-768x513.jpg 768w, https:\/\/futbolbezbarier.pl\/wp-content\/uploads\/2025\/05\/FBB_Gliwice-170-1536x1025.jpg 1536w, https:\/\/futbolbezbarier.pl\/wp-content\/uploads\/2025\/05\/FBB_Gliwice-170-930x620.jpg 930w, https:\/\/futbolbezbarier.pl\/wp-content\/uploads\/2025\/05\/FBB_Gliwice-170.jpg 2048w\" sizes=\"(max-width: 1024px) 100vw, 1024px\" \/><\/figure>\n\n\n\n<p><strong>WKS \u015al\u0105sk Futsal Wroc\u0142aw Bez Barier &#8211; Tarnowski KKN Jask\u00f3\u0142ki 3:0<\/strong><strong><br><\/strong>Po wysokiej pora\u017cce z mistrzem Polski, \u015al\u0105sk musia\u0142 pokaza\u0107 charakter. Zrobili to w najlepszy mo\u017cliwy spos\u00f3b &#8211; zagrali odpowiedzialnie w defensywie i skutecznie w ataku. Kwartet W\u00f3jcik-W\u00f3jcik-Koszlaga-Pieczarka operowa\u0142 pi\u0142k\u0105 z du\u017c\u0105 \u015bwiadomo\u015bci\u0105, kontroluj\u0105c tempo gry i nie pozwalaj\u0105c Jask\u00f3\u0142kom na stworzenie wi\u0119kszego zagro\u017cenia.<\/p>\n\n\n\n<figure class=\"wp-block-image size-large\"><img loading=\"lazy\" decoding=\"async\" width=\"1024\" height=\"684\" src=\"https:\/\/futbolbezbarier.pl\/wp-content\/uploads\/2025\/05\/FBB_Gliwice-184-1024x684.jpg\" alt=\"\" class=\"wp-image-1643\" srcset=\"https:\/\/futbolbezbarier.pl\/wp-content\/uploads\/2025\/05\/FBB_Gliwice-184-1024x684.jpg 1024w, https:\/\/futbolbezbarier.pl\/wp-content\/uploads\/2025\/05\/FBB_Gliwice-184-300x200.jpg 300w, https:\/\/futbolbezbarier.pl\/wp-content\/uploads\/2025\/05\/FBB_Gliwice-184-768x513.jpg 768w, https:\/\/futbolbezbarier.pl\/wp-content\/uploads\/2025\/05\/FBB_Gliwice-184-1536x1025.jpg 1536w, https:\/\/futbolbezbarier.pl\/wp-content\/uploads\/2025\/05\/FBB_Gliwice-184-930x620.jpg 930w, https:\/\/futbolbezbarier.pl\/wp-content\/uploads\/2025\/05\/FBB_Gliwice-184.jpg 2048w\" sizes=\"(max-width: 1024px) 100vw, 1024px\" \/><\/figure>\n\n\n\n<p><strong>NIEDZIELA &#8211; 1. LIGA<\/strong><\/p>\n\n\n\n<p><strong>Klimontowianka Klimont\u00f3w &#8211; Razem Sk\u0119czniew 0:10<\/strong><strong><br><\/strong>Od samego pocz\u0105tku mecz przebiega\u0142 pod dyktando Sk\u0119czniewa. Zesp\u00f3\u0142 ten imponowa\u0142 organizacj\u0105 gry i intensywno\u015bci\u0105. Sebastian Adamski zagra\u0142 koncertowo, zar\u00f3wno jako egzekutor, jak i lider. Klimontowianka by\u0142a przyt\u0142oczona, nie potrafi\u0142a znale\u017a\u0107 odpowiedzi na szybk\u0105 wymian\u0119 poda\u0144 i p\u0142ynne akcje rywala<strong>.<\/strong><\/p>\n\n\n\n<figure class=\"wp-block-image size-large\"><img loading=\"lazy\" decoding=\"async\" width=\"1024\" height=\"684\" src=\"https:\/\/futbolbezbarier.pl\/wp-content\/uploads\/2025\/05\/FBB_Gliwice-212-1024x684.jpg\" alt=\"\" class=\"wp-image-1644\" srcset=\"https:\/\/futbolbezbarier.pl\/wp-content\/uploads\/2025\/05\/FBB_Gliwice-212-1024x684.jpg 1024w, https:\/\/futbolbezbarier.pl\/wp-content\/uploads\/2025\/05\/FBB_Gliwice-212-300x200.jpg 300w, https:\/\/futbolbezbarier.pl\/wp-content\/uploads\/2025\/05\/FBB_Gliwice-212-768x513.jpg 768w, https:\/\/futbolbezbarier.pl\/wp-content\/uploads\/2025\/05\/FBB_Gliwice-212-1536x1025.jpg 1536w, https:\/\/futbolbezbarier.pl\/wp-content\/uploads\/2025\/05\/FBB_Gliwice-212-930x620.jpg 930w, https:\/\/futbolbezbarier.pl\/wp-content\/uploads\/2025\/05\/FBB_Gliwice-212.jpg 2048w\" sizes=\"(max-width: 1024px) 100vw, 1024px\" \/><\/figure>\n\n\n\n<p><strong>KGKN Gdybus Gdynia &#8211; KS Tygrysy Pozna\u0144 9:2<\/strong><strong><br><\/strong>Gdynia kolejny raz pokaza\u0142a, \u017ce jest kandydatem do awansu. Ich pressing w \u015brodkowej strefie, szybkie skrzyd\u0142a i \u015bwietne wyko\u0144czenie akcji sprawi\u0142y, \u017ce Tygrysy przez wi\u0119kszo\u015b\u0107 meczu walczy\u0142y o przetrwanie. Gorzycki i Hansen pokazali, \u017ce s\u0105 jednym z najgro\u017aniejszych duet\u00f3w ofensywnych w lidze.<\/p>\n\n\n\n<figure class=\"wp-block-image size-large\"><img loading=\"lazy\" decoding=\"async\" width=\"1024\" height=\"684\" src=\"https:\/\/futbolbezbarier.pl\/wp-content\/uploads\/2025\/05\/FBB_Gliwice-226-1024x684.jpg\" alt=\"\" class=\"wp-image-1645\" srcset=\"https:\/\/futbolbezbarier.pl\/wp-content\/uploads\/2025\/05\/FBB_Gliwice-226-1024x684.jpg 1024w, https:\/\/futbolbezbarier.pl\/wp-content\/uploads\/2025\/05\/FBB_Gliwice-226-300x200.jpg 300w, https:\/\/futbolbezbarier.pl\/wp-content\/uploads\/2025\/05\/FBB_Gliwice-226-768x513.jpg 768w, https:\/\/futbolbezbarier.pl\/wp-content\/uploads\/2025\/05\/FBB_Gliwice-226-1536x1025.jpg 1536w, https:\/\/futbolbezbarier.pl\/wp-content\/uploads\/2025\/05\/FBB_Gliwice-226-930x620.jpg 930w, https:\/\/futbolbezbarier.pl\/wp-content\/uploads\/2025\/05\/FBB_Gliwice-226.jpg 2048w\" sizes=\"(max-width: 1024px) 100vw, 1024px\" \/><\/figure>\n\n\n\n<p><strong>Top Talent Che\u0142m &#8211; Jagiellonia Bia\u0142ystok 1:5<\/strong><strong><br><\/strong>Che\u0142m, mimo wzmocnie\u0144, nie potrafi\u0142 zatrzyma\u0107 rozp\u0119dzonej Jagiellonii. Kowalewski, w swoim debiucie, zagra\u0142 jakby by\u0142 w tej dru\u017cynie od lat, p\u0142ynnie wsp\u00f3\u0142pracuj\u0105c z So\u0142ubem, kt\u00f3ry jak zwykle by\u0142 silnikiem ataku. Mimo pora\u017cki Top Talent zostawi\u0142 po sobie dobre wra\u017cenie i pokaza\u0142, \u017ce jest na odpowiednich torach w kwestii rozwoju dru\u017cyny.<\/p>\n\n\n\n<figure class=\"wp-block-image size-large\"><img loading=\"lazy\" decoding=\"async\" width=\"1024\" height=\"684\" src=\"https:\/\/futbolbezbarier.pl\/wp-content\/uploads\/2025\/05\/FBB_Gliwice-276-1024x684.jpg\" alt=\"\" class=\"wp-image-1646\" srcset=\"https:\/\/futbolbezbarier.pl\/wp-content\/uploads\/2025\/05\/FBB_Gliwice-276-1024x684.jpg 1024w, https:\/\/futbolbezbarier.pl\/wp-content\/uploads\/2025\/05\/FBB_Gliwice-276-300x200.jpg 300w, https:\/\/futbolbezbarier.pl\/wp-content\/uploads\/2025\/05\/FBB_Gliwice-276-768x513.jpg 768w, https:\/\/futbolbezbarier.pl\/wp-content\/uploads\/2025\/05\/FBB_Gliwice-276-1536x1025.jpg 1536w, https:\/\/futbolbezbarier.pl\/wp-content\/uploads\/2025\/05\/FBB_Gliwice-276-930x620.jpg 930w, https:\/\/futbolbezbarier.pl\/wp-content\/uploads\/2025\/05\/FBB_Gliwice-276.jpg 2048w\" sizes=\"(max-width: 1024px) 100vw, 1024px\" \/><\/figure>\n\n\n\n<p><strong>Strefa Futbolu Olsztyn &#8211; Pogo\u0144 Krak\u00f3w 19:1<\/strong><strong><br><\/strong>To by\u0142 pokaz mocy i pewno\u015bci siebie w wykonaniu Strefy. Od pierwszych minut dominacja, pe\u0142na kontrola i kapitalna gra zespo\u0142owa. Falkowski zdobywa\u0142 bramki jak na zawo\u0142anie, a m\u0142ody debiutant Madejski idealnie wkomponowa\u0142 si\u0119 w dru\u017cyn\u0119, notuj\u0105c hat-tricka. Pogo\u0144 pr\u00f3bowa\u0142a walczy\u0107, ale to by\u0142a r\u00f3\u017cnica klas.<\/p>\n\n\n\n<figure class=\"wp-block-image size-large\"><img loading=\"lazy\" decoding=\"async\" width=\"1024\" height=\"684\" src=\"https:\/\/futbolbezbarier.pl\/wp-content\/uploads\/2025\/05\/FBB_Gliwice-294-1024x684.jpg\" alt=\"\" class=\"wp-image-1647\" srcset=\"https:\/\/futbolbezbarier.pl\/wp-content\/uploads\/2025\/05\/FBB_Gliwice-294-1024x684.jpg 1024w, https:\/\/futbolbezbarier.pl\/wp-content\/uploads\/2025\/05\/FBB_Gliwice-294-300x200.jpg 300w, https:\/\/futbolbezbarier.pl\/wp-content\/uploads\/2025\/05\/FBB_Gliwice-294-768x513.jpg 768w, https:\/\/futbolbezbarier.pl\/wp-content\/uploads\/2025\/05\/FBB_Gliwice-294-1536x1025.jpg 1536w, https:\/\/futbolbezbarier.pl\/wp-content\/uploads\/2025\/05\/FBB_Gliwice-294-930x620.jpg 930w, https:\/\/futbolbezbarier.pl\/wp-content\/uploads\/2025\/05\/FBB_Gliwice-294.jpg 2048w\" sizes=\"(max-width: 1024px) 100vw, 1024px\" \/><\/figure>\n\n\n\n<p><strong>Razem Sk\u0119czniew &#8211; Top Talent Che\u0142m 5:2<\/strong><strong><br><\/strong>Cho\u0107 wynik sugeruje kontrol\u0119 Sk\u0119czniewa, przez d\u0142ugi czas to by\u0142 bardzo wyr\u00f3wnany mecz. Eitler z Top Talent rozgrywa\u0142 kapitalne zawody, b\u0119d\u0105c motorem nap\u0119dowym i liderem mentalnym dru\u017cyny. Jednak w ko\u0144c\u00f3wce wi\u0119cej zimnej krwi zachowali zawodnicy Sk\u0119czniewa i to oni dopisali trzy punkty.<\/p>\n\n\n\n<figure class=\"wp-block-image size-large\"><img loading=\"lazy\" decoding=\"async\" width=\"1024\" height=\"684\" src=\"https:\/\/futbolbezbarier.pl\/wp-content\/uploads\/2025\/05\/FBB_Gliwice-322-1024x684.jpg\" alt=\"\" class=\"wp-image-1648\" srcset=\"https:\/\/futbolbezbarier.pl\/wp-content\/uploads\/2025\/05\/FBB_Gliwice-322-1024x684.jpg 1024w, https:\/\/futbolbezbarier.pl\/wp-content\/uploads\/2025\/05\/FBB_Gliwice-322-300x200.jpg 300w, https:\/\/futbolbezbarier.pl\/wp-content\/uploads\/2025\/05\/FBB_Gliwice-322-768x513.jpg 768w, https:\/\/futbolbezbarier.pl\/wp-content\/uploads\/2025\/05\/FBB_Gliwice-322-1536x1025.jpg 1536w, https:\/\/futbolbezbarier.pl\/wp-content\/uploads\/2025\/05\/FBB_Gliwice-322-930x620.jpg 930w, https:\/\/futbolbezbarier.pl\/wp-content\/uploads\/2025\/05\/FBB_Gliwice-322.jpg 2048w\" sizes=\"(max-width: 1024px) 100vw, 1024px\" \/><\/figure>\n\n\n\n<p><strong>KGKN Gdynia &#8211; Klimontowianka 8:0<\/strong><strong><br><\/strong>Gdynianie zagrali na pe\u0142nym luzie, dominuj\u0105c ka\u017cdy sektor boiska, Odci\u0119li rywala od gry kombinacyjnej i co najwa\u017cniejsze &#8211; byli bezlito\u015bni pod bramk\u0105. Klimontowianka nie znalaz\u0142a \u017cadnego sposobu, by zagrozi\u0107 bramce KGKN.<\/p>\n\n\n\n<figure class=\"wp-block-image size-large\"><img loading=\"lazy\" decoding=\"async\" width=\"1024\" height=\"684\" src=\"https:\/\/futbolbezbarier.pl\/wp-content\/uploads\/2025\/05\/FBB_Gliwice-330-1024x684.jpg\" alt=\"\" class=\"wp-image-1649\" srcset=\"https:\/\/futbolbezbarier.pl\/wp-content\/uploads\/2025\/05\/FBB_Gliwice-330-1024x684.jpg 1024w, https:\/\/futbolbezbarier.pl\/wp-content\/uploads\/2025\/05\/FBB_Gliwice-330-300x200.jpg 300w, https:\/\/futbolbezbarier.pl\/wp-content\/uploads\/2025\/05\/FBB_Gliwice-330-768x513.jpg 768w, https:\/\/futbolbezbarier.pl\/wp-content\/uploads\/2025\/05\/FBB_Gliwice-330-1536x1025.jpg 1536w, https:\/\/futbolbezbarier.pl\/wp-content\/uploads\/2025\/05\/FBB_Gliwice-330-930x620.jpg 930w, https:\/\/futbolbezbarier.pl\/wp-content\/uploads\/2025\/05\/FBB_Gliwice-330.jpg 2048w\" sizes=\"(max-width: 1024px) 100vw, 1024px\" \/><\/figure>\n\n\n\n<p><strong>Strefa Futbolu &#8211; KS Tygrysy Pozna\u0144 9:0<\/strong><strong><br><\/strong>Pe\u0142na kontrola od pocz\u0105tku do ko\u0144ca. Trenerzy Lewandowski i Niest\u0119pski mog\u0105 by\u0107 dumni z organizacji gry i poziomu zaanga\u017cowania swoich zawodnik\u00f3w. Tygrysy walczy\u0142y, ale jeszcze brakuje im do\u015bwiadczenia, by stawi\u0107 czo\u0142a dru\u017cynie tego kalibru.<\/p>\n\n\n\n<figure class=\"wp-block-image size-large\"><img loading=\"lazy\" decoding=\"async\" width=\"1024\" height=\"683\" src=\"https:\/\/futbolbezbarier.pl\/wp-content\/uploads\/2025\/05\/FBB_Gliwice-355-1024x683.jpg\" alt=\"\" class=\"wp-image-1650\" srcset=\"https:\/\/futbolbezbarier.pl\/wp-content\/uploads\/2025\/05\/FBB_Gliwice-355-1024x683.jpg 1024w, https:\/\/futbolbezbarier.pl\/wp-content\/uploads\/2025\/05\/FBB_Gliwice-355-300x200.jpg 300w, https:\/\/futbolbezbarier.pl\/wp-content\/uploads\/2025\/05\/FBB_Gliwice-355-768x512.jpg 768w, https:\/\/futbolbezbarier.pl\/wp-content\/uploads\/2025\/05\/FBB_Gliwice-355-1536x1024.jpg 1536w, https:\/\/futbolbezbarier.pl\/wp-content\/uploads\/2025\/05\/FBB_Gliwice-355-930x620.jpg 930w, https:\/\/futbolbezbarier.pl\/wp-content\/uploads\/2025\/05\/FBB_Gliwice-355.jpg 2048w\" sizes=\"(max-width: 1024px) 100vw, 1024px\" \/><\/figure>\n\n\n\n<p><strong>Jagiellonia &#8211; Pogo\u0144 Krak\u00f3w 13:1<\/strong><strong><br><\/strong>So\u0142ub i Kowalewski to duet, kt\u00f3ry w tej lidze mo\u017ce wygrywa\u0107 mecze niemal w pojedynk\u0119. Wspomniani zawodnicy, wspierani przez pewnego w defensywie Bia\u0142ka, nie zostawili z\u0142udze\u0144, Jaga gra\u0142a dojrzale i konsekwentnie. Pogo\u0144 zdo\u0142a\u0142a zdoby\u0107 honorowego gola, ale na tle rozp\u0119dzonych rywali nie mia\u0142a zbyt wiele do powiedzenia.<\/p>\n\n\n\n<figure class=\"wp-block-image size-large\"><img loading=\"lazy\" decoding=\"async\" width=\"1024\" height=\"684\" src=\"https:\/\/futbolbezbarier.pl\/wp-content\/uploads\/2025\/05\/FBB_Gliwice-369-1024x684.jpg\" alt=\"\" class=\"wp-image-1651\" srcset=\"https:\/\/futbolbezbarier.pl\/wp-content\/uploads\/2025\/05\/FBB_Gliwice-369-1024x684.jpg 1024w, https:\/\/futbolbezbarier.pl\/wp-content\/uploads\/2025\/05\/FBB_Gliwice-369-300x200.jpg 300w, https:\/\/futbolbezbarier.pl\/wp-content\/uploads\/2025\/05\/FBB_Gliwice-369-768x513.jpg 768w, https:\/\/futbolbezbarier.pl\/wp-content\/uploads\/2025\/05\/FBB_Gliwice-369-1536x1025.jpg 1536w, https:\/\/futbolbezbarier.pl\/wp-content\/uploads\/2025\/05\/FBB_Gliwice-369-930x620.jpg 930w, https:\/\/futbolbezbarier.pl\/wp-content\/uploads\/2025\/05\/FBB_Gliwice-369.jpg 2048w\" sizes=\"(max-width: 1024px) 100vw, 1024px\" \/><\/figure>\n\n\n\n<p><strong>CO DALEJ? CZAS NA GDYNI\u0118!<\/strong><\/p>\n\n\n\n<p>Druga kolejka Futsalu Bez Barier pokaza\u0142a ogromny post\u0119p sportowy ca\u0142ego projektu. Coraz wy\u017cszy poziom taktyczny, \u015bwiadome zarz\u0105dzanie meczem i pe\u0142na pasji rywalizacja, to wszystko sk\u0142ada si\u0119 na atmosfer\u0119, kt\u00f3r\u0105 trudno opisa\u0107 s\u0142owami. Szczeg\u00f3lne uznanie nale\u017cy si\u0119 zawodnikom, kt\u00f3rzy z zaanga\u017cowaniem, sercem i u\u015bmiechem pokazuj\u0105, czym naprawd\u0119 jest sport. Dzi\u0119kujemy ka\u017cdemu, kto pojawi\u0142 si\u0119 w hali.&nbsp; Wasza obecno\u015b\u0107 tworzy klimat tej ligi<strong>.<\/strong><\/p>\n\n\n\n<p>Wielkie uk\u0142ony dla partner\u00f3w i sponsor\u00f3w, bez kt\u00f3rych ten projekt nie m\u00f3g\u0142by si\u0119 rozwija\u0107 w tak dynamiczny spos\u00f3b. Wasze wsparcie to realny wp\u0142yw na spe\u0142nianie marze\u0144 tych niezwyk\u0142ych zawodnik\u00f3w.<\/p>\n\n\n\n<p>Ju\u017c 14-15 czerwca spotykamy si\u0119 w Gdyni. Sobotni poranek rozpocznie niekwestionowany hit kolejki: starcie dw\u00f3ch niepokonanych &#8211; mistrzowie z MKS Si\u00f3demka Ruda \u015al\u0105ska podejm\u0105 rewelacj\u0119 sezonu UKS Lasotczak P\u0142ock. Zmierz\u0105 si\u0119 nie tylko znakomici napastnicy &#8211; Siemi\u0144ski i Dzierzba, kreatorzy gry &#8211; Skorupa i Sikora, a tak\u017ce szkoleniowcy z najwy\u017cszej p\u00f3\u0142ki: Bartek Mizi\u0144ski i Pawe\u0142 \u015apiegowski. Ten mecz mo\u017ce by\u0107 kluczowy w kontek\u015bcie uk\u0142adu tabeli.<\/p>\n\n\n\n<p>W 1 Lidze z niecierpliwo\u015bci\u0105 czekamy na kolejne wyst\u0119py gospodarzy z Gdyni. Wiele obiecuje tak\u017ce starcie Jagiellonii z Razem Sk\u0119czniew, kt\u00f3re mo\u017ce okaza\u0107 si\u0119 kluczowe w kontek\u015bcie walki o awans. Ka\u017cda dru\u017cyna i ka\u017cdy zawodnik&nbsp; dok\u0142ada cegie\u0142k\u0119 do czego\u015b znacznie wi\u0119kszego ni\u017c tabela.<\/p>\n\n\n\n<p>Ale to nie wszystko! Ka\u017cde z nadchodz\u0105cych spotka\u0144 mo\u017ce przewr\u00f3ci\u0107 stawk\u0119 do g\u00f3ry nogami. Walka o mistrzostwo, batalia o utrzymanie i beniaminkowie, kt\u00f3rzy z ka\u017cd\u0105 kolejk\u0105 rosn\u0105 w si\u0142\u0119, to zapowied\u017a weekendu pe\u0142nego pasji!<\/p>\n\n\n\n<figure class=\"wp-block-image size-large\"><img loading=\"lazy\" decoding=\"async\" width=\"1024\" height=\"684\" src=\"https:\/\/futbolbezbarier.pl\/wp-content\/uploads\/2025\/05\/FBB_Gliwice-224-1024x684.jpg\" alt=\"\" class=\"wp-image-1652\" srcset=\"https:\/\/futbolbezbarier.pl\/wp-content\/uploads\/2025\/05\/FBB_Gliwice-224-1024x684.jpg 1024w, https:\/\/futbolbezbarier.pl\/wp-content\/uploads\/2025\/05\/FBB_Gliwice-224-300x200.jpg 300w, https:\/\/futbolbezbarier.pl\/wp-content\/uploads\/2025\/05\/FBB_Gliwice-224-768x513.jpg 768w, https:\/\/futbolbezbarier.pl\/wp-content\/uploads\/2025\/05\/FBB_Gliwice-224-1536x1025.jpg 1536w, https:\/\/futbolbezbarier.pl\/wp-content\/uploads\/2025\/05\/FBB_Gliwice-224-930x620.jpg 930w, https:\/\/futbolbezbarier.pl\/wp-content\/uploads\/2025\/05\/FBB_Gliwice-224.jpg 2048w\" sizes=\"(max-width: 1024px) 100vw, 1024px\" \/><\/figure>\n\n\n\n<p><strong>IDEA, KT\u00d3RA NIESIE REALNE ZMIANY.<\/strong><\/p>\n\n\n\n<p>Futsal Bez Barier to znacznie wi\u0119cej ni\u017c tabela wynik\u00f3w i bramkowe statystyki. To przestrze\u0144, w kt\u00f3rej sport staje si\u0119 narz\u0119dziem realnej rehabilitacji &#8211; nie tylko fizycznej, ale przede wszystkim spo\u0142ecznej. Tu zawodnicy z niepe\u0142nosprawno\u015bciami odnajduj\u0105 poczucie przynale\u017cno\u015bci, pewno\u015b\u0107 siebie, a przede wszystkim sens wsp\u00f3lnej drogi. Ka\u017cde podanie, ka\u017cda parada bramkarska i ka\u017cda walka o pi\u0142k\u0119 to dow\u00f3d na to, \u017ce sport potrafi budowa\u0107 mosty tam, gdzie rzeki nie da si\u0119 przep\u0142yn\u0105\u0107.<\/p>\n\n\n\n<p>Na tych parkietach nie chodzi tylko o zwyci\u0119stwo. Chodzi o to, by ka\u017cdy czu\u0142, \u017ce jest cz\u0119\u015bci\u0105 czego\u015b wa\u017cnego. Jego obecno\u015b\u0107, jego zaanga\u017cowanie i jego historia maj\u0105 znaczenie. Futsal Bez Barier to nie tylko liga, to \u017cywa wsp\u00f3lnota w kt\u00f3rej ka\u017cdy zawodnik, niezale\u017cnie od stopnia sprawno\u015bci, mo\u017ce poczu\u0107, \u017ce naprawd\u0119 gra o co\u015b wi\u0119cej ni\u017c punkty.<\/p>\n\n\n\n<figure class=\"wp-block-image size-large\"><img loading=\"lazy\" decoding=\"async\" width=\"1024\" height=\"684\" src=\"https:\/\/futbolbezbarier.pl\/wp-content\/uploads\/2025\/05\/FBB_Gliwice-298-1024x684.jpg\" alt=\"\" class=\"wp-image-1653\" srcset=\"https:\/\/futbolbezbarier.pl\/wp-content\/uploads\/2025\/05\/FBB_Gliwice-298-1024x684.jpg 1024w, https:\/\/futbolbezbarier.pl\/wp-content\/uploads\/2025\/05\/FBB_Gliwice-298-300x200.jpg 300w, https:\/\/futbolbezbarier.pl\/wp-content\/uploads\/2025\/05\/FBB_Gliwice-298-768x513.jpg 768w, https:\/\/futbolbezbarier.pl\/wp-content\/uploads\/2025\/05\/FBB_Gliwice-298-1536x1025.jpg 1536w, https:\/\/futbolbezbarier.pl\/wp-content\/uploads\/2025\/05\/FBB_Gliwice-298-930x620.jpg 930w, https:\/\/futbolbezbarier.pl\/wp-content\/uploads\/2025\/05\/FBB_Gliwice-298.jpg 2048w\" sizes=\"(max-width: 1024px) 100vw, 1024px\" \/><\/figure>\n\n\n\n<p>Odliczamy do Gdyni, boo to s\u0105 najbardziej prawdziwe rozgrywki \u015bwiata!<\/p>\n","protected":false},"excerpt":{"rendered":"<p>W miniony weekend, 24-25 maja, hala sportowa &#8222;Jasna 31&#8221; w Gliwicach sta\u0142a si\u0119 aren\u0105 wydarze\u0144, kt\u00f3re ponownie udowodni\u0142y, \u017ce Futsal Bez Barier to nie tylko liga \u2013 to wyj\u0105tkowa spo\u0142eczno\u015b\u0107 ludzi, kt\u00f3rzy na futsalowych parkietach realnie spe\u0142niaj\u0105 swoje marzenia. Druga kolejka sezonu 2025 dostarczy\u0142a niezapomnianych wra\u017ce\u0144 zar\u00f3wno kibicom, jak i samym uczestnikom. W 16 rozegranych&hellip;&nbsp;<a href=\"https:\/\/futbolbezbarier.pl\/index.php\/2025\/05\/30\/druga-kolejka-futsalu-bez-barier-za-nami-autentyczne-emocje-okraszone-gradem-goli\/\" rel=\"bookmark\">Dowiedz si\u0119 wi\u0119cej &raquo;<span class=\"screen-reader-text\">Druga kolejka Futsalu Bez Barier za nami! Autentyczne emocje, okraszone gradem goli!<\/span><\/a><\/p>\n","protected":false},"author":5,"featured_media":1640,"comment_status":"closed","ping_status":"open","sticky":false,"template":"","format":"standard","meta":{"_monsterinsights_skip_tracking":false,"_monsterinsights_sitenote_active":false,"_monsterinsights_sitenote_note":"","_monsterinsights_sitenote_category":0,"neve_meta_sidebar":"","neve_meta_container":"","neve_meta_enable_content_width":"","neve_meta_content_width":0,"neve_meta_title_alignment":"","neve_meta_author_avatar":"","neve_post_elements_order":"","neve_meta_disable_header":"","neve_meta_disable_footer":"","neve_meta_disable_title":"","_themeisle_gutenberg_block_has_review":false,"footnotes":""},"categories":[10],"tags":[],"class_list":["post-1634","post","type-post","status-publish","format-standard","has-post-thumbnail","hentry","category-ekstraklasa"],"yoast_head":"<!-- This site is optimized with the Yoast SEO plugin v27.5 - https:\/\/yoast.com\/product\/yoast-seo-wordpress\/ -->\n<title>Druga kolejka Futsalu Bez Barier za nami! Autentyczne emocje, okraszone gradem goli! - Futbol Bez Barier<\/title>\n<meta name=\"description\" content=\"Druga kolejka Futsalu Bez Barier za nami! Autentyczne emocje, okraszone gradem goli! przeczytaj najnowszy wpis\" \/>\n<meta name=\"robots\" content=\"index, follow, max-snippet:-1, max-image-preview:large, max-video-preview:-1\" \/>\n<link rel=\"canonical\" href=\"https:\/\/futbolbezbarier.pl\/index.php\/2025\/05\/30\/druga-kolejka-futsalu-bez-barier-za-nami-autentyczne-emocje-okraszone-gradem-goli\/\" \/>\n<meta property=\"og:locale\" content=\"pl_PL\" \/>\n<meta property=\"og:type\" content=\"article\" \/>\n<meta property=\"og:title\" content=\"Druga kolejka Futsalu Bez Barier za nami! Autentyczne emocje, okraszone gradem goli! - Futbol Bez Barier\" \/>\n<meta property=\"og:description\" content=\"Druga kolejka Futsalu Bez Barier za nami! Autentyczne emocje, okraszone gradem goli! przeczytaj najnowszy wpis\" \/>\n<meta property=\"og:url\" content=\"https:\/\/futbolbezbarier.pl\/index.php\/2025\/05\/30\/druga-kolejka-futsalu-bez-barier-za-nami-autentyczne-emocje-okraszone-gradem-goli\/\" \/>\n<meta property=\"og:site_name\" content=\"Futbol Bez Barier\" \/>\n<meta property=\"article:publisher\" content=\"https:\/\/www.facebook.com\/FutbollBezBarier\/\" \/>\n<meta property=\"article:published_time\" content=\"2025-05-30T13:46:55+00:00\" \/>\n<meta property=\"article:modified_time\" content=\"2025-08-12T18:22:14+00:00\" \/>\n<meta property=\"og:image\" content=\"https:\/\/futbolbezbarier.pl\/wp-content\/uploads\/2025\/05\/FBB_Gliwice-155-1024x684.jpg\" \/>\n\t<meta property=\"og:image:width\" content=\"1024\" \/>\n\t<meta property=\"og:image:height\" content=\"684\" \/>\n\t<meta property=\"og:image:type\" content=\"image\/jpeg\" \/>\n<meta name=\"author\" content=\"Dominik Kulas\" \/>\n<meta name=\"twitter:card\" content=\"summary_large_image\" \/>\n<meta name=\"twitter:label1\" content=\"Napisane przez\" \/>\n\t<meta name=\"twitter:data1\" content=\"Dominik Kulas\" \/>\n\t<meta name=\"twitter:label2\" content=\"Szacowany czas czytania\" \/>\n\t<meta name=\"twitter:data2\" content=\"13 minut\" \/>\n<script type=\"application\/ld+json\" class=\"yoast-schema-graph\">{\"@context\":\"https:\\\/\\\/schema.org\",\"@graph\":[{\"@type\":\"Article\",\"@id\":\"https:\\\/\\\/futbolbezbarier.pl\\\/index.php\\\/2025\\\/05\\\/30\\\/druga-kolejka-futsalu-bez-barier-za-nami-autentyczne-emocje-okraszone-gradem-goli\\\/#article\",\"isPartOf\":{\"@id\":\"https:\\\/\\\/futbolbezbarier.pl\\\/index.php\\\/2025\\\/05\\\/30\\\/druga-kolejka-futsalu-bez-barier-za-nami-autentyczne-emocje-okraszone-gradem-goli\\\/\"},\"author\":{\"name\":\"Dominik Kulas\",\"@id\":\"https:\\\/\\\/futbolbezbarier.pl\\\/#\\\/schema\\\/person\\\/ee39f11483afba346f1bc0e0bdb12675\"},\"headline\":\"Druga kolejka Futsalu Bez Barier za nami! Autentyczne emocje, okraszone gradem goli!\",\"datePublished\":\"2025-05-30T13:46:55+00:00\",\"dateModified\":\"2025-08-12T18:22:14+00:00\",\"mainEntityOfPage\":{\"@id\":\"https:\\\/\\\/futbolbezbarier.pl\\\/index.php\\\/2025\\\/05\\\/30\\\/druga-kolejka-futsalu-bez-barier-za-nami-autentyczne-emocje-okraszone-gradem-goli\\\/\"},\"wordCount\":1661,\"publisher\":{\"@id\":\"https:\\\/\\\/futbolbezbarier.pl\\\/#organization\"},\"image\":{\"@id\":\"https:\\\/\\\/futbolbezbarier.pl\\\/index.php\\\/2025\\\/05\\\/30\\\/druga-kolejka-futsalu-bez-barier-za-nami-autentyczne-emocje-okraszone-gradem-goli\\\/#primaryimage\"},\"thumbnailUrl\":\"https:\\\/\\\/futbolbezbarier.pl\\\/wp-content\\\/uploads\\\/2025\\\/05\\\/FBB_Gliwice-155.jpg\",\"articleSection\":[\"Ekstraklasa\"],\"inLanguage\":\"pl-PL\"},{\"@type\":\"WebPage\",\"@id\":\"https:\\\/\\\/futbolbezbarier.pl\\\/index.php\\\/2025\\\/05\\\/30\\\/druga-kolejka-futsalu-bez-barier-za-nami-autentyczne-emocje-okraszone-gradem-goli\\\/\",\"url\":\"https:\\\/\\\/futbolbezbarier.pl\\\/index.php\\\/2025\\\/05\\\/30\\\/druga-kolejka-futsalu-bez-barier-za-nami-autentyczne-emocje-okraszone-gradem-goli\\\/\",\"name\":\"Druga kolejka Futsalu Bez Barier za nami! Autentyczne emocje, okraszone gradem goli! - Futbol Bez Barier\",\"isPartOf\":{\"@id\":\"https:\\\/\\\/futbolbezbarier.pl\\\/#website\"},\"primaryImageOfPage\":{\"@id\":\"https:\\\/\\\/futbolbezbarier.pl\\\/index.php\\\/2025\\\/05\\\/30\\\/druga-kolejka-futsalu-bez-barier-za-nami-autentyczne-emocje-okraszone-gradem-goli\\\/#primaryimage\"},\"image\":{\"@id\":\"https:\\\/\\\/futbolbezbarier.pl\\\/index.php\\\/2025\\\/05\\\/30\\\/druga-kolejka-futsalu-bez-barier-za-nami-autentyczne-emocje-okraszone-gradem-goli\\\/#primaryimage\"},\"thumbnailUrl\":\"https:\\\/\\\/futbolbezbarier.pl\\\/wp-content\\\/uploads\\\/2025\\\/05\\\/FBB_Gliwice-155.jpg\",\"datePublished\":\"2025-05-30T13:46:55+00:00\",\"dateModified\":\"2025-08-12T18:22:14+00:00\",\"description\":\"Druga kolejka Futsalu Bez Barier za nami! Autentyczne emocje, okraszone gradem goli! przeczytaj najnowszy wpis\",\"breadcrumb\":{\"@id\":\"https:\\\/\\\/futbolbezbarier.pl\\\/index.php\\\/2025\\\/05\\\/30\\\/druga-kolejka-futsalu-bez-barier-za-nami-autentyczne-emocje-okraszone-gradem-goli\\\/#breadcrumb\"},\"inLanguage\":\"pl-PL\",\"potentialAction\":[{\"@type\":\"ReadAction\",\"target\":[\"https:\\\/\\\/futbolbezbarier.pl\\\/index.php\\\/2025\\\/05\\\/30\\\/druga-kolejka-futsalu-bez-barier-za-nami-autentyczne-emocje-okraszone-gradem-goli\\\/\"]}]},{\"@type\":\"ImageObject\",\"inLanguage\":\"pl-PL\",\"@id\":\"https:\\\/\\\/futbolbezbarier.pl\\\/index.php\\\/2025\\\/05\\\/30\\\/druga-kolejka-futsalu-bez-barier-za-nami-autentyczne-emocje-okraszone-gradem-goli\\\/#primaryimage\",\"url\":\"https:\\\/\\\/futbolbezbarier.pl\\\/wp-content\\\/uploads\\\/2025\\\/05\\\/FBB_Gliwice-155.jpg\",\"contentUrl\":\"https:\\\/\\\/futbolbezbarier.pl\\\/wp-content\\\/uploads\\\/2025\\\/05\\\/FBB_Gliwice-155.jpg\",\"width\":2048,\"height\":1367},{\"@type\":\"BreadcrumbList\",\"@id\":\"https:\\\/\\\/futbolbezbarier.pl\\\/index.php\\\/2025\\\/05\\\/30\\\/druga-kolejka-futsalu-bez-barier-za-nami-autentyczne-emocje-okraszone-gradem-goli\\\/#breadcrumb\",\"itemListElement\":[{\"@type\":\"ListItem\",\"position\":1,\"name\":\"Home\",\"item\":\"https:\\\/\\\/futbolbezbarier.pl\\\/\"},{\"@type\":\"ListItem\",\"position\":2,\"name\":\"Druga kolejka Futsalu Bez Barier za nami! Autentyczne emocje, okraszone gradem goli!\"}]},{\"@type\":\"WebSite\",\"@id\":\"https:\\\/\\\/futbolbezbarier.pl\\\/#website\",\"url\":\"https:\\\/\\\/futbolbezbarier.pl\\\/\",\"name\":\"Futbol Bez Barier\",\"description\":\"Pi\u0142ka no\u017cna dla os\u00f3b z niepe\u0142nosprawno\u015bciami\",\"publisher\":{\"@id\":\"https:\\\/\\\/futbolbezbarier.pl\\\/#organization\"},\"potentialAction\":[{\"@type\":\"SearchAction\",\"target\":{\"@type\":\"EntryPoint\",\"urlTemplate\":\"https:\\\/\\\/futbolbezbarier.pl\\\/?s={search_term_string}\"},\"query-input\":{\"@type\":\"PropertyValueSpecification\",\"valueRequired\":true,\"valueName\":\"search_term_string\"}}],\"inLanguage\":\"pl-PL\"},{\"@type\":\"Organization\",\"@id\":\"https:\\\/\\\/futbolbezbarier.pl\\\/#organization\",\"name\":\"Futbol Bez Barier\",\"url\":\"https:\\\/\\\/futbolbezbarier.pl\\\/\",\"logo\":{\"@type\":\"ImageObject\",\"inLanguage\":\"pl-PL\",\"@id\":\"https:\\\/\\\/futbolbezbarier.pl\\\/#\\\/schema\\\/logo\\\/image\\\/\",\"url\":\"https:\\\/\\\/futbolbezbarier.pl\\\/wp-content\\\/uploads\\\/2025\\\/02\\\/Projekt-bez-nazwy-20.png\",\"contentUrl\":\"https:\\\/\\\/futbolbezbarier.pl\\\/wp-content\\\/uploads\\\/2025\\\/02\\\/Projekt-bez-nazwy-20.png\",\"width\":940,\"height\":788,\"caption\":\"Futbol Bez Barier\"},\"image\":{\"@id\":\"https:\\\/\\\/futbolbezbarier.pl\\\/#\\\/schema\\\/logo\\\/image\\\/\"},\"sameAs\":[\"https:\\\/\\\/www.facebook.com\\\/FutbollBezBarier\\\/\",\"https:\\\/\\\/www.youtube.com\\\/channel\\\/UCTKZn9TuPuanTWiCGnTRGGw\"]},{\"@type\":\"Person\",\"@id\":\"https:\\\/\\\/futbolbezbarier.pl\\\/#\\\/schema\\\/person\\\/ee39f11483afba346f1bc0e0bdb12675\",\"name\":\"Dominik Kulas\",\"image\":{\"@type\":\"ImageObject\",\"inLanguage\":\"pl-PL\",\"@id\":\"https:\\\/\\\/secure.gravatar.com\\\/avatar\\\/62596efe9d5e53ca0356fd019cfad73f9f05c00e58b8457c3319373147be153e?s=96&d=mm&r=g\",\"url\":\"https:\\\/\\\/secure.gravatar.com\\\/avatar\\\/62596efe9d5e53ca0356fd019cfad73f9f05c00e58b8457c3319373147be153e?s=96&d=mm&r=g\",\"contentUrl\":\"https:\\\/\\\/secure.gravatar.com\\\/avatar\\\/62596efe9d5e53ca0356fd019cfad73f9f05c00e58b8457c3319373147be153e?s=96&d=mm&r=g\",\"caption\":\"Dominik Kulas\"},\"url\":\"https:\\\/\\\/futbolbezbarier.pl\\\/index.php\\\/author\\\/dominik-k\\\/\"}]}<\/script>\n<!-- \/ Yoast SEO plugin. -->","yoast_head_json":{"title":"Druga kolejka Futsalu Bez Barier za nami! Autentyczne emocje, okraszone gradem goli! - Futbol Bez Barier","description":"Druga kolejka Futsalu Bez Barier za nami! Autentyczne emocje, okraszone gradem goli! przeczytaj najnowszy wpis","robots":{"index":"index","follow":"follow","max-snippet":"max-snippet:-1","max-image-preview":"max-image-preview:large","max-video-preview":"max-video-preview:-1"},"canonical":"https:\/\/futbolbezbarier.pl\/index.php\/2025\/05\/30\/druga-kolejka-futsalu-bez-barier-za-nami-autentyczne-emocje-okraszone-gradem-goli\/","og_locale":"pl_PL","og_type":"article","og_title":"Druga kolejka Futsalu Bez Barier za nami! Autentyczne emocje, okraszone gradem goli! - Futbol Bez Barier","og_description":"Druga kolejka Futsalu Bez Barier za nami! Autentyczne emocje, okraszone gradem goli! przeczytaj najnowszy wpis","og_url":"https:\/\/futbolbezbarier.pl\/index.php\/2025\/05\/30\/druga-kolejka-futsalu-bez-barier-za-nami-autentyczne-emocje-okraszone-gradem-goli\/","og_site_name":"Futbol Bez Barier","article_publisher":"https:\/\/www.facebook.com\/FutbollBezBarier\/","article_published_time":"2025-05-30T13:46:55+00:00","article_modified_time":"2025-08-12T18:22:14+00:00","og_image":[{"width":1024,"height":684,"url":"https:\/\/futbolbezbarier.pl\/wp-content\/uploads\/2025\/05\/FBB_Gliwice-155-1024x684.jpg","type":"image\/jpeg"}],"author":"Dominik Kulas","twitter_card":"summary_large_image","twitter_misc":{"Napisane przez":"Dominik Kulas","Szacowany czas czytania":"13 minut"},"schema":{"@context":"https:\/\/schema.org","@graph":[{"@type":"Article","@id":"https:\/\/futbolbezbarier.pl\/index.php\/2025\/05\/30\/druga-kolejka-futsalu-bez-barier-za-nami-autentyczne-emocje-okraszone-gradem-goli\/#article","isPartOf":{"@id":"https:\/\/futbolbezbarier.pl\/index.php\/2025\/05\/30\/druga-kolejka-futsalu-bez-barier-za-nami-autentyczne-emocje-okraszone-gradem-goli\/"},"author":{"name":"Dominik Kulas","@id":"https:\/\/futbolbezbarier.pl\/#\/schema\/person\/ee39f11483afba346f1bc0e0bdb12675"},"headline":"Druga kolejka Futsalu Bez Barier za nami! Autentyczne emocje, okraszone gradem goli!","datePublished":"2025-05-30T13:46:55+00:00","dateModified":"2025-08-12T18:22:14+00:00","mainEntityOfPage":{"@id":"https:\/\/futbolbezbarier.pl\/index.php\/2025\/05\/30\/druga-kolejka-futsalu-bez-barier-za-nami-autentyczne-emocje-okraszone-gradem-goli\/"},"wordCount":1661,"publisher":{"@id":"https:\/\/futbolbezbarier.pl\/#organization"},"image":{"@id":"https:\/\/futbolbezbarier.pl\/index.php\/2025\/05\/30\/druga-kolejka-futsalu-bez-barier-za-nami-autentyczne-emocje-okraszone-gradem-goli\/#primaryimage"},"thumbnailUrl":"https:\/\/futbolbezbarier.pl\/wp-content\/uploads\/2025\/05\/FBB_Gliwice-155.jpg","articleSection":["Ekstraklasa"],"inLanguage":"pl-PL"},{"@type":"WebPage","@id":"https:\/\/futbolbezbarier.pl\/index.php\/2025\/05\/30\/druga-kolejka-futsalu-bez-barier-za-nami-autentyczne-emocje-okraszone-gradem-goli\/","url":"https:\/\/futbolbezbarier.pl\/index.php\/2025\/05\/30\/druga-kolejka-futsalu-bez-barier-za-nami-autentyczne-emocje-okraszone-gradem-goli\/","name":"Druga kolejka Futsalu Bez Barier za nami! Autentyczne emocje, okraszone gradem goli! - Futbol Bez Barier","isPartOf":{"@id":"https:\/\/futbolbezbarier.pl\/#website"},"primaryImageOfPage":{"@id":"https:\/\/futbolbezbarier.pl\/index.php\/2025\/05\/30\/druga-kolejka-futsalu-bez-barier-za-nami-autentyczne-emocje-okraszone-gradem-goli\/#primaryimage"},"image":{"@id":"https:\/\/futbolbezbarier.pl\/index.php\/2025\/05\/30\/druga-kolejka-futsalu-bez-barier-za-nami-autentyczne-emocje-okraszone-gradem-goli\/#primaryimage"},"thumbnailUrl":"https:\/\/futbolbezbarier.pl\/wp-content\/uploads\/2025\/05\/FBB_Gliwice-155.jpg","datePublished":"2025-05-30T13:46:55+00:00","dateModified":"2025-08-12T18:22:14+00:00","description":"Druga kolejka Futsalu Bez Barier za nami! Autentyczne emocje, okraszone gradem goli! przeczytaj najnowszy wpis","breadcrumb":{"@id":"https:\/\/futbolbezbarier.pl\/index.php\/2025\/05\/30\/druga-kolejka-futsalu-bez-barier-za-nami-autentyczne-emocje-okraszone-gradem-goli\/#breadcrumb"},"inLanguage":"pl-PL","potentialAction":[{"@type":"ReadAction","target":["https:\/\/futbolbezbarier.pl\/index.php\/2025\/05\/30\/druga-kolejka-futsalu-bez-barier-za-nami-autentyczne-emocje-okraszone-gradem-goli\/"]}]},{"@type":"ImageObject","inLanguage":"pl-PL","@id":"https:\/\/futbolbezbarier.pl\/index.php\/2025\/05\/30\/druga-kolejka-futsalu-bez-barier-za-nami-autentyczne-emocje-okraszone-gradem-goli\/#primaryimage","url":"https:\/\/futbolbezbarier.pl\/wp-content\/uploads\/2025\/05\/FBB_Gliwice-155.jpg","contentUrl":"https:\/\/futbolbezbarier.pl\/wp-content\/uploads\/2025\/05\/FBB_Gliwice-155.jpg","width":2048,"height":1367},{"@type":"BreadcrumbList","@id":"https:\/\/futbolbezbarier.pl\/index.php\/2025\/05\/30\/druga-kolejka-futsalu-bez-barier-za-nami-autentyczne-emocje-okraszone-gradem-goli\/#breadcrumb","itemListElement":[{"@type":"ListItem","position":1,"name":"Home","item":"https:\/\/futbolbezbarier.pl\/"},{"@type":"ListItem","position":2,"name":"Druga kolejka Futsalu Bez Barier za nami! Autentyczne emocje, okraszone gradem goli!"}]},{"@type":"WebSite","@id":"https:\/\/futbolbezbarier.pl\/#website","url":"https:\/\/futbolbezbarier.pl\/","name":"Futbol Bez Barier","description":"Pi\u0142ka no\u017cna dla os\u00f3b z niepe\u0142nosprawno\u015bciami","publisher":{"@id":"https:\/\/futbolbezbarier.pl\/#organization"},"potentialAction":[{"@type":"SearchAction","target":{"@type":"EntryPoint","urlTemplate":"https:\/\/futbolbezbarier.pl\/?s={search_term_string}"},"query-input":{"@type":"PropertyValueSpecification","valueRequired":true,"valueName":"search_term_string"}}],"inLanguage":"pl-PL"},{"@type":"Organization","@id":"https:\/\/futbolbezbarier.pl\/#organization","name":"Futbol Bez Barier","url":"https:\/\/futbolbezbarier.pl\/","logo":{"@type":"ImageObject","inLanguage":"pl-PL","@id":"https:\/\/futbolbezbarier.pl\/#\/schema\/logo\/image\/","url":"https:\/\/futbolbezbarier.pl\/wp-content\/uploads\/2025\/02\/Projekt-bez-nazwy-20.png","contentUrl":"https:\/\/futbolbezbarier.pl\/wp-content\/uploads\/2025\/02\/Projekt-bez-nazwy-20.png","width":940,"height":788,"caption":"Futbol Bez Barier"},"image":{"@id":"https:\/\/futbolbezbarier.pl\/#\/schema\/logo\/image\/"},"sameAs":["https:\/\/www.facebook.com\/FutbollBezBarier\/","https:\/\/www.youtube.com\/channel\/UCTKZn9TuPuanTWiCGnTRGGw"]},{"@type":"Person","@id":"https:\/\/futbolbezbarier.pl\/#\/schema\/person\/ee39f11483afba346f1bc0e0bdb12675","name":"Dominik Kulas","image":{"@type":"ImageObject","inLanguage":"pl-PL","@id":"https:\/\/secure.gravatar.com\/avatar\/62596efe9d5e53ca0356fd019cfad73f9f05c00e58b8457c3319373147be153e?s=96&d=mm&r=g","url":"https:\/\/secure.gravatar.com\/avatar\/62596efe9d5e53ca0356fd019cfad73f9f05c00e58b8457c3319373147be153e?s=96&d=mm&r=g","contentUrl":"https:\/\/secure.gravatar.com\/avatar\/62596efe9d5e53ca0356fd019cfad73f9f05c00e58b8457c3319373147be153e?s=96&d=mm&r=g","caption":"Dominik Kulas"},"url":"https:\/\/futbolbezbarier.pl\/index.php\/author\/dominik-k\/"}]}},"_links":{"self":[{"href":"https:\/\/futbolbezbarier.pl\/index.php\/wp-json\/wp\/v2\/posts\/1634","targetHints":{"allow":["GET"]}}],"collection":[{"href":"https:\/\/futbolbezbarier.pl\/index.php\/wp-json\/wp\/v2\/posts"}],"about":[{"href":"https:\/\/futbolbezbarier.pl\/index.php\/wp-json\/wp\/v2\/types\/post"}],"author":[{"embeddable":true,"href":"https:\/\/futbolbezbarier.pl\/index.php\/wp-json\/wp\/v2\/users\/5"}],"replies":[{"embeddable":true,"href":"https:\/\/futbolbezbarier.pl\/index.php\/wp-json\/wp\/v2\/comments?post=1634"}],"version-history":[{"count":2,"href":"https:\/\/futbolbezbarier.pl\/index.php\/wp-json\/wp\/v2\/posts\/1634\/revisions"}],"predecessor-version":[{"id":1658,"href":"https:\/\/futbolbezbarier.pl\/index.php\/wp-json\/wp\/v2\/posts\/1634\/revisions\/1658"}],"wp:featuredmedia":[{"embeddable":true,"href":"https:\/\/futbolbezbarier.pl\/index.php\/wp-json\/wp\/v2\/media\/1640"}],"wp:attachment":[{"href":"https:\/\/futbolbezbarier.pl\/index.php\/wp-json\/wp\/v2\/media?parent=1634"}],"wp:term":[{"taxonomy":"category","embeddable":true,"href":"https:\/\/futbolbezbarier.pl\/index.php\/wp-json\/wp\/v2\/categories?post=1634"},{"taxonomy":"post_tag","embeddable":true,"href":"https:\/\/futbolbezbarier.pl\/index.php\/wp-json\/wp\/v2\/tags?post=1634"}],"curies":[{"name":"wp","href":"https:\/\/api.w.org\/{rel}","templated":true}]}}