{"id":1701,"date":"2025-07-25T17:48:08","date_gmt":"2025-07-25T15:48:08","guid":{"rendered":"https:\/\/futbolbezbarier.pl\/?p=1701"},"modified":"2025-08-10T22:55:52","modified_gmt":"2025-08-10T20:55:52","slug":"wks-leci-na-mistrzostwa-swiata","status":"publish","type":"post","link":"https:\/\/futbolbezbarier.pl\/index.php\/2025\/07\/25\/wks-leci-na-mistrzostwa-swiata\/","title":{"rendered":"WKS leci na mistrzostwa \u015bwiata!"},"content":{"rendered":"\n<p class=\"has-text-align-center\"><strong>Dru\u017cyna WKS \u015al\u0105sk Futsal Wroc\u0142aw Bez Barier wylatuje do Stan\u00f3w Zjednoczonych<\/strong>, aby wzi\u0105\u0107 udzia\u0142 w presti\u017cowym turnieju Genuine World Cup Houston 2025, kt\u00f3ry odb\u0119dzie si\u0119 w dniach <br><strong>27 lipca \u2013 2 sierpnia 2025<\/strong>. <\/p>\n\n\n<div class=\"wp-block-image\">\n<figure class=\"aligncenter size-large\"><img fetchpriority=\"high\" decoding=\"async\" width=\"1280\" height=\"854\" src=\"https:\/\/futbolbezbarier.pl\/wp-content\/uploads\/2025\/07\/513118302_122135781092801501_7579608396191152475_n-edited.jpg\" alt=\"\" class=\"wp-image-1703\" style=\"aspect-ratio:4\/3;object-fit:cover\" srcset=\"https:\/\/futbolbezbarier.pl\/wp-content\/uploads\/2025\/07\/513118302_122135781092801501_7579608396191152475_n-edited.jpg 1280w, https:\/\/futbolbezbarier.pl\/wp-content\/uploads\/2025\/07\/513118302_122135781092801501_7579608396191152475_n-edited-300x200.jpg 300w, https:\/\/futbolbezbarier.pl\/wp-content\/uploads\/2025\/07\/513118302_122135781092801501_7579608396191152475_n-edited-1024x683.jpg 1024w, https:\/\/futbolbezbarier.pl\/wp-content\/uploads\/2025\/07\/513118302_122135781092801501_7579608396191152475_n-edited-768x512.jpg 768w, https:\/\/futbolbezbarier.pl\/wp-content\/uploads\/2025\/07\/513118302_122135781092801501_7579608396191152475_n-edited-930x620.jpg 930w\" sizes=\"(max-width: 1280px) 100vw, 1280px\" \/><\/figure>\n<\/div>\n\n\n<p class=\"has-text-align-center\"><strong>Genuine Cup to mi\u0119dzynarodowy turniej pi\u0142ki no\u017cnej dla os\u00f3b z niepe\u0142nosprawno\u015bciami <\/strong><br><strong>z ca\u0142ego \u015bwiata<\/strong>, organizowany we wsp\u00f3\u0142pracy z Houston Dynamo FC, promuj\u0105cy sport, r\u00f3wno\u015b\u0107 <br>i spo\u0142eczn\u0105 integracj\u0119.<\/p>\n\n\n\n<div class=\"wp-block-columns is-layout-flex wp-container-core-columns-is-layout-9d6595d7 wp-block-columns-is-layout-flex\">\n<div class=\"wp-block-column is-layout-flow wp-block-column-is-layout-flow\">\n<figure class=\"wp-block-image size-large\"><img decoding=\"async\" width=\"819\" height=\"1024\" src=\"https:\/\/futbolbezbarier.pl\/wp-content\/uploads\/2025\/07\/517117267_122137985840801501_9116146191678443518_n-819x1024.jpg\" alt=\"\" class=\"wp-image-1704\" srcset=\"https:\/\/futbolbezbarier.pl\/wp-content\/uploads\/2025\/07\/517117267_122137985840801501_9116146191678443518_n-819x1024.jpg 819w, https:\/\/futbolbezbarier.pl\/wp-content\/uploads\/2025\/07\/517117267_122137985840801501_9116146191678443518_n-240x300.jpg 240w, https:\/\/futbolbezbarier.pl\/wp-content\/uploads\/2025\/07\/517117267_122137985840801501_9116146191678443518_n-768x960.jpg 768w, https:\/\/futbolbezbarier.pl\/wp-content\/uploads\/2025\/07\/517117267_122137985840801501_9116146191678443518_n.jpg 960w\" sizes=\"(max-width: 819px) 100vw, 819px\" \/><\/figure>\n<\/div>\n\n\n\n<div class=\"wp-block-column is-layout-flow wp-block-column-is-layout-flow\">\n<figure class=\"wp-block-image size-large\"><img decoding=\"async\" width=\"819\" height=\"1024\" src=\"https:\/\/futbolbezbarier.pl\/wp-content\/uploads\/2025\/07\/518055119_122137985804801501_7260275636420542645_n-819x1024.jpg\" alt=\"\" class=\"wp-image-1705\" srcset=\"https:\/\/futbolbezbarier.pl\/wp-content\/uploads\/2025\/07\/518055119_122137985804801501_7260275636420542645_n-819x1024.jpg 819w, https:\/\/futbolbezbarier.pl\/wp-content\/uploads\/2025\/07\/518055119_122137985804801501_7260275636420542645_n-240x300.jpg 240w, https:\/\/futbolbezbarier.pl\/wp-content\/uploads\/2025\/07\/518055119_122137985804801501_7260275636420542645_n-768x960.jpg 768w, https:\/\/futbolbezbarier.pl\/wp-content\/uploads\/2025\/07\/518055119_122137985804801501_7260275636420542645_n.jpg 960w\" sizes=\"(max-width: 819px) 100vw, 819px\" \/><\/figure>\n<\/div>\n<\/div>\n\n\n\n<p class=\"has-text-align-center\"><strong>Nasza dru\u017cyna rozpocznie rywalizacj\u0119 29 lipca<\/strong>, a pierwszym przeciwnikiem b\u0119dzie zesp\u00f3\u0142 z Gwatemali \u2013 Club Social y Deportivo Municipal. Ka\u017cda dru\u017cyna rozegra minimum trzy mecze w fazie pocz\u0105tkowej (pierwszy ustalany przez losowanie, kolejne na podstawie wynik\u00f3w), po czym zostanie przypisana do nowej grupy zgodnie z osi\u0105gni\u0119ciami sportowymi. Ca\u0142o\u015b\u0107 zako\u0144czy si\u0119 rozgrywkami fina\u0142owymi <br>w pi\u0119ciu poziomach \u2013 ka\u017cdy zesp\u00f3\u0142 ma szans\u0119 zawalczy\u0107 o swoje trofeum.<\/p>\n\n\n\n<figure class=\"wp-block-embed is-type-video is-provider-youtube wp-block-embed-youtube wp-embed-aspect-16-9 wp-has-aspect-ratio\"><div class=\"wp-block-embed__wrapper\">\n<div class=\"nv-iframe-embed\"><iframe title=\"Marcin Oleksy promuje wylot WKS Futsal Bez Barier na Mistrzostwa \u015awiata\" width=\"1200\" height=\"675\" src=\"https:\/\/www.youtube.com\/embed\/iUPQpfJ0ynM?feature=oembed\" frameborder=\"0\" allow=\"accelerometer; autoplay; clipboard-write; encrypted-media; gyroscope; picture-in-picture; web-share\" referrerpolicy=\"strict-origin-when-cross-origin\" allowfullscreen><\/iframe><\/div>\n<\/div><\/figure>\n\n\n\n<p class=\"has-text-align-center\">Wylot do USA planowany jest na 27 lipca, powr\u00f3t \u2013 2 sierpnia. Wi\u0119cej informacji oraz relacje <br>z przygotowa\u0144 i pobytu dru\u017cyny b\u0119dzie mo\u017cna \u015bledzi\u0107 na naszych profilach w mediach spo\u0142eczno\u015bciowych \u2013 na Facebooku i Instagramie pod nazw\u0105 WKS \u015al\u0105sk Futsal Wroc\u0142aw\u00a0Bez\u00a0Barier!<br>(kliknij w logo facebook)<\/p>\n\n\n\n<ul class=\"wp-block-social-links aligncenter is-layout-flex wp-block-social-links-is-layout-flex\"><li class=\"wp-social-link wp-social-link-facebook  wp-block-social-link\"><a href=\"https:\/\/www.facebook.com\/WKSBezBarier\" class=\"wp-block-social-link-anchor\"><svg width=\"24\" height=\"24\" viewBox=\"0 0 24 24\" version=\"1.1\" xmlns=\"http:\/\/www.w3.org\/2000\/svg\" aria-hidden=\"true\" focusable=\"false\"><path d=\"M12 2C6.5 2 2 6.5 2 12c0 5 3.7 9.1 8.4 9.9v-7H7.9V12h2.5V9.8c0-2.5 1.5-3.9 3.8-3.9 1.1 0 2.2.2 2.2.2v2.5h-1.3c-1.2 0-1.6.8-1.6 1.6V12h2.8l-.4 2.9h-2.3v7C18.3 21.1 22 17 22 12c0-5.5-4.5-10-10-10z\"><\/path><\/svg><span class=\"wp-block-social-link-label screen-reader-text\">Facebook<\/span><\/a><\/li><\/ul>\n\n\n\n<figure class=\"wp-block-embed is-type-video is-provider-youtube wp-block-embed-youtube wp-embed-aspect-16-9 wp-has-aspect-ratio\"><div class=\"wp-block-embed__wrapper\">\n<div class=\"nv-iframe-embed\"><iframe title=\"Micha\u0142 Zachodny promuje wylot WKS Futsal Bez Barier na Mistrzostwa \u015awiata!\" width=\"1200\" height=\"675\" src=\"https:\/\/www.youtube.com\/embed\/d3G9K7v3ErI?feature=oembed\" frameborder=\"0\" allow=\"accelerometer; autoplay; clipboard-write; encrypted-media; gyroscope; picture-in-picture; web-share\" referrerpolicy=\"strict-origin-when-cross-origin\" allowfullscreen><\/iframe><\/div>\n<\/div><\/figure>\n","protected":false},"excerpt":{"rendered":"<p>Dru\u017cyna WKS \u015al\u0105sk Futsal Wroc\u0142aw Bez Barier wylatuje do Stan\u00f3w Zjednoczonych, aby wzi\u0105\u0107 udzia\u0142 w presti\u017cowym turnieju Genuine World Cup Houston 2025, kt\u00f3ry odb\u0119dzie si\u0119 w dniach 27 lipca \u2013 2 sierpnia 2025. Genuine Cup to mi\u0119dzynarodowy turniej pi\u0142ki no\u017cnej dla os\u00f3b z niepe\u0142nosprawno\u015bciami z ca\u0142ego \u015bwiata, organizowany we wsp\u00f3\u0142pracy z Houston Dynamo FC, promuj\u0105cy&hellip;&nbsp;<a href=\"https:\/\/futbolbezbarier.pl\/index.php\/2025\/07\/25\/wks-leci-na-mistrzostwa-swiata\/\" rel=\"bookmark\">Dowiedz si\u0119 wi\u0119cej &raquo;<span class=\"screen-reader-text\">WKS leci na mistrzostwa \u015bwiata!<\/span><\/a><\/p>\n","protected":false},"author":3,"featured_media":1731,"comment_status":"closed","ping_status":"open","sticky":false,"template":"","format":"standard","meta":{"_monsterinsights_skip_tracking":false,"_monsterinsights_sitenote_active":false,"_monsterinsights_sitenote_note":"","_monsterinsights_sitenote_category":0,"neve_meta_sidebar":"","neve_meta_container":"","neve_meta_enable_content_width":"","neve_meta_content_width":0,"neve_meta_title_alignment":"","neve_meta_author_avatar":"","neve_post_elements_order":"","neve_meta_disable_header":"","neve_meta_disable_footer":"","neve_meta_disable_title":"","_themeisle_gutenberg_block_has_review":false,"footnotes":""},"categories":[1],"tags":[],"class_list":["post-1701","post","type-post","status-publish","format-standard","has-post-thumbnail","hentry","category-bez-kategorii"],"yoast_head":"<!-- This site is optimized with the Yoast SEO plugin v27.5 - https:\/\/yoast.com\/product\/yoast-seo-wordpress\/ -->\n<title>WKS leci na mistrzostwa \u015bwiata! - Futbol Bez Barier<\/title>\n<meta name=\"description\" content=\"WKS leci na mistrzostwa \u015bwiata! przeczytaj najnowszy wpis\" \/>\n<meta name=\"robots\" content=\"index, follow, max-snippet:-1, max-image-preview:large, max-video-preview:-1\" \/>\n<link rel=\"canonical\" href=\"https:\/\/futbolbezbarier.pl\/index.php\/2025\/07\/25\/wks-leci-na-mistrzostwa-swiata\/\" \/>\n<meta property=\"og:locale\" content=\"pl_PL\" \/>\n<meta property=\"og:type\" content=\"article\" \/>\n<meta property=\"og:title\" content=\"WKS leci na mistrzostwa \u015bwiata! - Futbol Bez Barier\" \/>\n<meta property=\"og:description\" content=\"WKS leci na mistrzostwa \u015bwiata! przeczytaj najnowszy wpis\" \/>\n<meta property=\"og:url\" content=\"https:\/\/futbolbezbarier.pl\/index.php\/2025\/07\/25\/wks-leci-na-mistrzostwa-swiata\/\" \/>\n<meta property=\"og:site_name\" content=\"Futbol Bez Barier\" \/>\n<meta property=\"article:publisher\" content=\"https:\/\/www.facebook.com\/FutbollBezBarier\/\" \/>\n<meta property=\"article:published_time\" content=\"2025-07-25T15:48:08+00:00\" \/>\n<meta property=\"article:modified_time\" content=\"2025-08-10T20:55:52+00:00\" \/>\n<meta property=\"og:image\" content=\"https:\/\/futbolbezbarier.pl\/wp-content\/uploads\/2025\/07\/494124510_1106188331537929_1844243243075638853_n-2.jpg\" \/>\n\t<meta property=\"og:image:width\" content=\"2051\" \/>\n\t<meta property=\"og:image:height\" content=\"1367\" \/>\n\t<meta property=\"og:image:type\" content=\"image\/jpeg\" \/>\n<meta name=\"author\" content=\"Maciej Colton\" \/>\n<meta name=\"twitter:card\" content=\"summary_large_image\" \/>\n<meta name=\"twitter:label1\" content=\"Napisane przez\" \/>\n\t<meta name=\"twitter:data1\" content=\"Maciej Colton\" \/>\n\t<meta name=\"twitter:label2\" content=\"Szacowany czas czytania\" \/>\n\t<meta name=\"twitter:data2\" content=\"2 minuty\" \/>\n<script type=\"application\/ld+json\" class=\"yoast-schema-graph\">{\"@context\":\"https:\\\/\\\/schema.org\",\"@graph\":[{\"@type\":\"Article\",\"@id\":\"https:\\\/\\\/futbolbezbarier.pl\\\/index.php\\\/2025\\\/07\\\/25\\\/wks-leci-na-mistrzostwa-swiata\\\/#article\",\"isPartOf\":{\"@id\":\"https:\\\/\\\/futbolbezbarier.pl\\\/index.php\\\/2025\\\/07\\\/25\\\/wks-leci-na-mistrzostwa-swiata\\\/\"},\"author\":{\"name\":\"Maciej Colton\",\"@id\":\"https:\\\/\\\/futbolbezbarier.pl\\\/#\\\/schema\\\/person\\\/746638be29ba15e59f6324eefa98f822\"},\"headline\":\"WKS leci na mistrzostwa \u015bwiata!\",\"datePublished\":\"2025-07-25T15:48:08+00:00\",\"dateModified\":\"2025-08-10T20:55:52+00:00\",\"mainEntityOfPage\":{\"@id\":\"https:\\\/\\\/futbolbezbarier.pl\\\/index.php\\\/2025\\\/07\\\/25\\\/wks-leci-na-mistrzostwa-swiata\\\/\"},\"wordCount\":217,\"publisher\":{\"@id\":\"https:\\\/\\\/futbolbezbarier.pl\\\/#organization\"},\"image\":{\"@id\":\"https:\\\/\\\/futbolbezbarier.pl\\\/index.php\\\/2025\\\/07\\\/25\\\/wks-leci-na-mistrzostwa-swiata\\\/#primaryimage\"},\"thumbnailUrl\":\"https:\\\/\\\/futbolbezbarier.pl\\\/wp-content\\\/uploads\\\/2025\\\/07\\\/494124510_1106188331537929_1844243243075638853_n-2.jpg\",\"inLanguage\":\"pl-PL\"},{\"@type\":\"WebPage\",\"@id\":\"https:\\\/\\\/futbolbezbarier.pl\\\/index.php\\\/2025\\\/07\\\/25\\\/wks-leci-na-mistrzostwa-swiata\\\/\",\"url\":\"https:\\\/\\\/futbolbezbarier.pl\\\/index.php\\\/2025\\\/07\\\/25\\\/wks-leci-na-mistrzostwa-swiata\\\/\",\"name\":\"WKS leci na mistrzostwa \u015bwiata! - Futbol Bez Barier\",\"isPartOf\":{\"@id\":\"https:\\\/\\\/futbolbezbarier.pl\\\/#website\"},\"primaryImageOfPage\":{\"@id\":\"https:\\\/\\\/futbolbezbarier.pl\\\/index.php\\\/2025\\\/07\\\/25\\\/wks-leci-na-mistrzostwa-swiata\\\/#primaryimage\"},\"image\":{\"@id\":\"https:\\\/\\\/futbolbezbarier.pl\\\/index.php\\\/2025\\\/07\\\/25\\\/wks-leci-na-mistrzostwa-swiata\\\/#primaryimage\"},\"thumbnailUrl\":\"https:\\\/\\\/futbolbezbarier.pl\\\/wp-content\\\/uploads\\\/2025\\\/07\\\/494124510_1106188331537929_1844243243075638853_n-2.jpg\",\"datePublished\":\"2025-07-25T15:48:08+00:00\",\"dateModified\":\"2025-08-10T20:55:52+00:00\",\"description\":\"WKS leci na mistrzostwa \u015bwiata! przeczytaj najnowszy wpis\",\"breadcrumb\":{\"@id\":\"https:\\\/\\\/futbolbezbarier.pl\\\/index.php\\\/2025\\\/07\\\/25\\\/wks-leci-na-mistrzostwa-swiata\\\/#breadcrumb\"},\"inLanguage\":\"pl-PL\",\"potentialAction\":[{\"@type\":\"ReadAction\",\"target\":[\"https:\\\/\\\/futbolbezbarier.pl\\\/index.php\\\/2025\\\/07\\\/25\\\/wks-leci-na-mistrzostwa-swiata\\\/\"]}]},{\"@type\":\"ImageObject\",\"inLanguage\":\"pl-PL\",\"@id\":\"https:\\\/\\\/futbolbezbarier.pl\\\/index.php\\\/2025\\\/07\\\/25\\\/wks-leci-na-mistrzostwa-swiata\\\/#primaryimage\",\"url\":\"https:\\\/\\\/futbolbezbarier.pl\\\/wp-content\\\/uploads\\\/2025\\\/07\\\/494124510_1106188331537929_1844243243075638853_n-2.jpg\",\"contentUrl\":\"https:\\\/\\\/futbolbezbarier.pl\\\/wp-content\\\/uploads\\\/2025\\\/07\\\/494124510_1106188331537929_1844243243075638853_n-2.jpg\",\"width\":2051,\"height\":1367},{\"@type\":\"BreadcrumbList\",\"@id\":\"https:\\\/\\\/futbolbezbarier.pl\\\/index.php\\\/2025\\\/07\\\/25\\\/wks-leci-na-mistrzostwa-swiata\\\/#breadcrumb\",\"itemListElement\":[{\"@type\":\"ListItem\",\"position\":1,\"name\":\"Home\",\"item\":\"https:\\\/\\\/futbolbezbarier.pl\\\/\"},{\"@type\":\"ListItem\",\"position\":2,\"name\":\"WKS leci na mistrzostwa \u015bwiata!\"}]},{\"@type\":\"WebSite\",\"@id\":\"https:\\\/\\\/futbolbezbarier.pl\\\/#website\",\"url\":\"https:\\\/\\\/futbolbezbarier.pl\\\/\",\"name\":\"Futbol Bez Barier\",\"description\":\"Pi\u0142ka no\u017cna dla os\u00f3b z niepe\u0142nosprawno\u015bciami\",\"publisher\":{\"@id\":\"https:\\\/\\\/futbolbezbarier.pl\\\/#organization\"},\"potentialAction\":[{\"@type\":\"SearchAction\",\"target\":{\"@type\":\"EntryPoint\",\"urlTemplate\":\"https:\\\/\\\/futbolbezbarier.pl\\\/?s={search_term_string}\"},\"query-input\":{\"@type\":\"PropertyValueSpecification\",\"valueRequired\":true,\"valueName\":\"search_term_string\"}}],\"inLanguage\":\"pl-PL\"},{\"@type\":\"Organization\",\"@id\":\"https:\\\/\\\/futbolbezbarier.pl\\\/#organization\",\"name\":\"Futbol Bez Barier\",\"url\":\"https:\\\/\\\/futbolbezbarier.pl\\\/\",\"logo\":{\"@type\":\"ImageObject\",\"inLanguage\":\"pl-PL\",\"@id\":\"https:\\\/\\\/futbolbezbarier.pl\\\/#\\\/schema\\\/logo\\\/image\\\/\",\"url\":\"https:\\\/\\\/futbolbezbarier.pl\\\/wp-content\\\/uploads\\\/2025\\\/02\\\/Projekt-bez-nazwy-20.png\",\"contentUrl\":\"https:\\\/\\\/futbolbezbarier.pl\\\/wp-content\\\/uploads\\\/2025\\\/02\\\/Projekt-bez-nazwy-20.png\",\"width\":940,\"height\":788,\"caption\":\"Futbol Bez Barier\"},\"image\":{\"@id\":\"https:\\\/\\\/futbolbezbarier.pl\\\/#\\\/schema\\\/logo\\\/image\\\/\"},\"sameAs\":[\"https:\\\/\\\/www.facebook.com\\\/FutbollBezBarier\\\/\",\"https:\\\/\\\/www.youtube.com\\\/channel\\\/UCTKZn9TuPuanTWiCGnTRGGw\"]},{\"@type\":\"Person\",\"@id\":\"https:\\\/\\\/futbolbezbarier.pl\\\/#\\\/schema\\\/person\\\/746638be29ba15e59f6324eefa98f822\",\"name\":\"Maciej Colton\",\"image\":{\"@type\":\"ImageObject\",\"inLanguage\":\"pl-PL\",\"@id\":\"https:\\\/\\\/secure.gravatar.com\\\/avatar\\\/a068e195272152fc1341d1b627a6665aa0d02867c44c7a51cecd5f0f9d523ead?s=96&d=mm&r=g\",\"url\":\"https:\\\/\\\/secure.gravatar.com\\\/avatar\\\/a068e195272152fc1341d1b627a6665aa0d02867c44c7a51cecd5f0f9d523ead?s=96&d=mm&r=g\",\"contentUrl\":\"https:\\\/\\\/secure.gravatar.com\\\/avatar\\\/a068e195272152fc1341d1b627a6665aa0d02867c44c7a51cecd5f0f9d523ead?s=96&d=mm&r=g\",\"caption\":\"Maciej Colton\"},\"url\":\"https:\\\/\\\/futbolbezbarier.pl\\\/index.php\\\/author\\\/foltyn-m\\\/\"}]}<\/script>\n<!-- \/ Yoast SEO plugin. -->","yoast_head_json":{"title":"WKS leci na mistrzostwa \u015bwiata! - Futbol Bez Barier","description":"WKS leci na mistrzostwa \u015bwiata! przeczytaj najnowszy wpis","robots":{"index":"index","follow":"follow","max-snippet":"max-snippet:-1","max-image-preview":"max-image-preview:large","max-video-preview":"max-video-preview:-1"},"canonical":"https:\/\/futbolbezbarier.pl\/index.php\/2025\/07\/25\/wks-leci-na-mistrzostwa-swiata\/","og_locale":"pl_PL","og_type":"article","og_title":"WKS leci na mistrzostwa \u015bwiata! - Futbol Bez Barier","og_description":"WKS leci na mistrzostwa \u015bwiata! przeczytaj najnowszy wpis","og_url":"https:\/\/futbolbezbarier.pl\/index.php\/2025\/07\/25\/wks-leci-na-mistrzostwa-swiata\/","og_site_name":"Futbol Bez Barier","article_publisher":"https:\/\/www.facebook.com\/FutbollBezBarier\/","article_published_time":"2025-07-25T15:48:08+00:00","article_modified_time":"2025-08-10T20:55:52+00:00","og_image":[{"width":2051,"height":1367,"url":"https:\/\/futbolbezbarier.pl\/wp-content\/uploads\/2025\/07\/494124510_1106188331537929_1844243243075638853_n-2.jpg","type":"image\/jpeg"}],"author":"Maciej Colton","twitter_card":"summary_large_image","twitter_misc":{"Napisane przez":"Maciej Colton","Szacowany czas czytania":"2 minuty"},"schema":{"@context":"https:\/\/schema.org","@graph":[{"@type":"Article","@id":"https:\/\/futbolbezbarier.pl\/index.php\/2025\/07\/25\/wks-leci-na-mistrzostwa-swiata\/#article","isPartOf":{"@id":"https:\/\/futbolbezbarier.pl\/index.php\/2025\/07\/25\/wks-leci-na-mistrzostwa-swiata\/"},"author":{"name":"Maciej Colton","@id":"https:\/\/futbolbezbarier.pl\/#\/schema\/person\/746638be29ba15e59f6324eefa98f822"},"headline":"WKS leci na mistrzostwa \u015bwiata!","datePublished":"2025-07-25T15:48:08+00:00","dateModified":"2025-08-10T20:55:52+00:00","mainEntityOfPage":{"@id":"https:\/\/futbolbezbarier.pl\/index.php\/2025\/07\/25\/wks-leci-na-mistrzostwa-swiata\/"},"wordCount":217,"publisher":{"@id":"https:\/\/futbolbezbarier.pl\/#organization"},"image":{"@id":"https:\/\/futbolbezbarier.pl\/index.php\/2025\/07\/25\/wks-leci-na-mistrzostwa-swiata\/#primaryimage"},"thumbnailUrl":"https:\/\/futbolbezbarier.pl\/wp-content\/uploads\/2025\/07\/494124510_1106188331537929_1844243243075638853_n-2.jpg","inLanguage":"pl-PL"},{"@type":"WebPage","@id":"https:\/\/futbolbezbarier.pl\/index.php\/2025\/07\/25\/wks-leci-na-mistrzostwa-swiata\/","url":"https:\/\/futbolbezbarier.pl\/index.php\/2025\/07\/25\/wks-leci-na-mistrzostwa-swiata\/","name":"WKS leci na mistrzostwa \u015bwiata! - Futbol Bez Barier","isPartOf":{"@id":"https:\/\/futbolbezbarier.pl\/#website"},"primaryImageOfPage":{"@id":"https:\/\/futbolbezbarier.pl\/index.php\/2025\/07\/25\/wks-leci-na-mistrzostwa-swiata\/#primaryimage"},"image":{"@id":"https:\/\/futbolbezbarier.pl\/index.php\/2025\/07\/25\/wks-leci-na-mistrzostwa-swiata\/#primaryimage"},"thumbnailUrl":"https:\/\/futbolbezbarier.pl\/wp-content\/uploads\/2025\/07\/494124510_1106188331537929_1844243243075638853_n-2.jpg","datePublished":"2025-07-25T15:48:08+00:00","dateModified":"2025-08-10T20:55:52+00:00","description":"WKS leci na mistrzostwa \u015bwiata! przeczytaj najnowszy wpis","breadcrumb":{"@id":"https:\/\/futbolbezbarier.pl\/index.php\/2025\/07\/25\/wks-leci-na-mistrzostwa-swiata\/#breadcrumb"},"inLanguage":"pl-PL","potentialAction":[{"@type":"ReadAction","target":["https:\/\/futbolbezbarier.pl\/index.php\/2025\/07\/25\/wks-leci-na-mistrzostwa-swiata\/"]}]},{"@type":"ImageObject","inLanguage":"pl-PL","@id":"https:\/\/futbolbezbarier.pl\/index.php\/2025\/07\/25\/wks-leci-na-mistrzostwa-swiata\/#primaryimage","url":"https:\/\/futbolbezbarier.pl\/wp-content\/uploads\/2025\/07\/494124510_1106188331537929_1844243243075638853_n-2.jpg","contentUrl":"https:\/\/futbolbezbarier.pl\/wp-content\/uploads\/2025\/07\/494124510_1106188331537929_1844243243075638853_n-2.jpg","width":2051,"height":1367},{"@type":"BreadcrumbList","@id":"https:\/\/futbolbezbarier.pl\/index.php\/2025\/07\/25\/wks-leci-na-mistrzostwa-swiata\/#breadcrumb","itemListElement":[{"@type":"ListItem","position":1,"name":"Home","item":"https:\/\/futbolbezbarier.pl\/"},{"@type":"ListItem","position":2,"name":"WKS leci na mistrzostwa \u015bwiata!"}]},{"@type":"WebSite","@id":"https:\/\/futbolbezbarier.pl\/#website","url":"https:\/\/futbolbezbarier.pl\/","name":"Futbol Bez Barier","description":"Pi\u0142ka no\u017cna dla os\u00f3b z niepe\u0142nosprawno\u015bciami","publisher":{"@id":"https:\/\/futbolbezbarier.pl\/#organization"},"potentialAction":[{"@type":"SearchAction","target":{"@type":"EntryPoint","urlTemplate":"https:\/\/futbolbezbarier.pl\/?s={search_term_string}"},"query-input":{"@type":"PropertyValueSpecification","valueRequired":true,"valueName":"search_term_string"}}],"inLanguage":"pl-PL"},{"@type":"Organization","@id":"https:\/\/futbolbezbarier.pl\/#organization","name":"Futbol Bez Barier","url":"https:\/\/futbolbezbarier.pl\/","logo":{"@type":"ImageObject","inLanguage":"pl-PL","@id":"https:\/\/futbolbezbarier.pl\/#\/schema\/logo\/image\/","url":"https:\/\/futbolbezbarier.pl\/wp-content\/uploads\/2025\/02\/Projekt-bez-nazwy-20.png","contentUrl":"https:\/\/futbolbezbarier.pl\/wp-content\/uploads\/2025\/02\/Projekt-bez-nazwy-20.png","width":940,"height":788,"caption":"Futbol Bez Barier"},"image":{"@id":"https:\/\/futbolbezbarier.pl\/#\/schema\/logo\/image\/"},"sameAs":["https:\/\/www.facebook.com\/FutbollBezBarier\/","https:\/\/www.youtube.com\/channel\/UCTKZn9TuPuanTWiCGnTRGGw"]},{"@type":"Person","@id":"https:\/\/futbolbezbarier.pl\/#\/schema\/person\/746638be29ba15e59f6324eefa98f822","name":"Maciej Colton","image":{"@type":"ImageObject","inLanguage":"pl-PL","@id":"https:\/\/secure.gravatar.com\/avatar\/a068e195272152fc1341d1b627a6665aa0d02867c44c7a51cecd5f0f9d523ead?s=96&d=mm&r=g","url":"https:\/\/secure.gravatar.com\/avatar\/a068e195272152fc1341d1b627a6665aa0d02867c44c7a51cecd5f0f9d523ead?s=96&d=mm&r=g","contentUrl":"https:\/\/secure.gravatar.com\/avatar\/a068e195272152fc1341d1b627a6665aa0d02867c44c7a51cecd5f0f9d523ead?s=96&d=mm&r=g","caption":"Maciej Colton"},"url":"https:\/\/futbolbezbarier.pl\/index.php\/author\/foltyn-m\/"}]}},"_links":{"self":[{"href":"https:\/\/futbolbezbarier.pl\/index.php\/wp-json\/wp\/v2\/posts\/1701","targetHints":{"allow":["GET"]}}],"collection":[{"href":"https:\/\/futbolbezbarier.pl\/index.php\/wp-json\/wp\/v2\/posts"}],"about":[{"href":"https:\/\/futbolbezbarier.pl\/index.php\/wp-json\/wp\/v2\/types\/post"}],"author":[{"embeddable":true,"href":"https:\/\/futbolbezbarier.pl\/index.php\/wp-json\/wp\/v2\/users\/3"}],"replies":[{"embeddable":true,"href":"https:\/\/futbolbezbarier.pl\/index.php\/wp-json\/wp\/v2\/comments?post=1701"}],"version-history":[{"count":4,"href":"https:\/\/futbolbezbarier.pl\/index.php\/wp-json\/wp\/v2\/posts\/1701\/revisions"}],"predecessor-version":[{"id":1710,"href":"https:\/\/futbolbezbarier.pl\/index.php\/wp-json\/wp\/v2\/posts\/1701\/revisions\/1710"}],"wp:featuredmedia":[{"embeddable":true,"href":"https:\/\/futbolbezbarier.pl\/index.php\/wp-json\/wp\/v2\/media\/1731"}],"wp:attachment":[{"href":"https:\/\/futbolbezbarier.pl\/index.php\/wp-json\/wp\/v2\/media?parent=1701"}],"wp:term":[{"taxonomy":"category","embeddable":true,"href":"https:\/\/futbolbezbarier.pl\/index.php\/wp-json\/wp\/v2\/categories?post=1701"},{"taxonomy":"post_tag","embeddable":true,"href":"https:\/\/futbolbezbarier.pl\/index.php\/wp-json\/wp\/v2\/tags?post=1701"}],"curies":[{"name":"wp","href":"https:\/\/api.w.org\/{rel}","templated":true}]}}