{"id":1911,"date":"2025-09-25T01:18:42","date_gmt":"2025-09-24T23:18:42","guid":{"rendered":"https:\/\/futbolbezbarier.pl\/?p=1911"},"modified":"2025-09-25T01:18:43","modified_gmt":"2025-09-24T23:18:43","slug":"no-barriers-champions-league-czas-na-prawdziwe-granie","status":"publish","type":"post","link":"https:\/\/futbolbezbarier.pl\/index.php\/2025\/09\/25\/no-barriers-champions-league-czas-na-prawdziwe-granie\/","title":{"rendered":"No Barriers Champions League \u2013 czas na prawdziwe granie"},"content":{"rendered":"\n<p>Za nami rozgrzewka. Poniedzia\u0142ek i wtorek up\u0142yn\u0119\u0142y pod znakiem trening\u00f3w i mecz\u00f3w towarzyskich. Ka\u017cdy mia\u0142 okazj\u0119 wej\u015b\u0107 w rytm, poczu\u0107 muraw\u0119, sprawdzi\u0107 przeciwnik\u00f3w. <\/p>\n\n\n\n<figure class=\"wp-block-image size-large\"><img fetchpriority=\"high\" decoding=\"async\" width=\"1024\" height=\"682\" src=\"https:\/\/futbolbezbarier.pl\/wp-content\/uploads\/2025\/09\/TUESDAY23-4-1024x682.jpg\" alt=\"\" class=\"wp-image-1913\" srcset=\"https:\/\/futbolbezbarier.pl\/wp-content\/uploads\/2025\/09\/TUESDAY23-4-1024x682.jpg 1024w, https:\/\/futbolbezbarier.pl\/wp-content\/uploads\/2025\/09\/TUESDAY23-4-300x200.jpg 300w, https:\/\/futbolbezbarier.pl\/wp-content\/uploads\/2025\/09\/TUESDAY23-4-768x511.jpg 768w, https:\/\/futbolbezbarier.pl\/wp-content\/uploads\/2025\/09\/TUESDAY23-4-1536x1022.jpg 1536w, https:\/\/futbolbezbarier.pl\/wp-content\/uploads\/2025\/09\/TUESDAY23-4-930x620.jpg 930w, https:\/\/futbolbezbarier.pl\/wp-content\/uploads\/2025\/09\/TUESDAY23-4.jpg 2048w\" sizes=\"(max-width: 1024px) 100vw, 1024px\" \/><\/figure>\n\n\n\n<p>\u015aroda? To nie by\u0142 dzie\u0144 na \u015brubowanie wynik\u00f3w, tylko na \u0142adowanie baterii &#8211; wsp\u00f3lny wyjazd do Energylandii i integracja. Bo w tym turnieju emocje licz\u0105 si\u0119 nie tylko wtedy, gdy pi\u0142ka wpada do siatki.<\/p>\n\n\n\n<figure class=\"wp-block-image size-large\"><img decoding=\"async\" width=\"1024\" height=\"683\" src=\"https:\/\/futbolbezbarier.pl\/wp-content\/uploads\/2025\/09\/552693320_122124851990954223_7297878755554735555_n-1024x683.jpg\" alt=\"\" class=\"wp-image-1914\" srcset=\"https:\/\/futbolbezbarier.pl\/wp-content\/uploads\/2025\/09\/552693320_122124851990954223_7297878755554735555_n-1024x683.jpg 1024w, https:\/\/futbolbezbarier.pl\/wp-content\/uploads\/2025\/09\/552693320_122124851990954223_7297878755554735555_n-300x200.jpg 300w, https:\/\/futbolbezbarier.pl\/wp-content\/uploads\/2025\/09\/552693320_122124851990954223_7297878755554735555_n-768x512.jpg 768w, https:\/\/futbolbezbarier.pl\/wp-content\/uploads\/2025\/09\/552693320_122124851990954223_7297878755554735555_n-930x620.jpg 930w, https:\/\/futbolbezbarier.pl\/wp-content\/uploads\/2025\/09\/552693320_122124851990954223_7297878755554735555_n.jpg 1440w\" sizes=\"(max-width: 1024px) 100vw, 1024px\" \/><\/figure>\n\n\n\n<h3 class=\"wp-block-heading\"><strong>Grupa R-GOL.com \u2013 futbol w wersji najczystszej<\/strong><\/h3>\n\n\n\n<p>R-GOL.com &#8211; najwi\u0119kszy sklep pi\u0142karski w kraju. Oni wiedz\u0105, \u017ce futbol nie ko\u0144czy si\u0119 na Lidze Mistrz\u00f3w czy Ekstraklasie. Dlatego patronuj\u0105 grupie, w kt\u00f3rej wyst\u0119puj\u0105 zawodnicy z wi\u0119kszymi trudno\u015bciami w codziennym funkcjonowaniu. To tu futbol pokazuje swoj\u0105 esencj\u0119 &#8211; rado\u015b\u0107, autentyczno\u015b\u0107, szczero\u015b\u0107 emocji.<\/p>\n\n\n\n<p>W grupie R-GOL zobaczymy:<\/p>\n\n\n\n<ul class=\"wp-block-list\">\n<li><strong>Ascot United (Wielka Brytania)<\/strong><\/li>\n\n\n\n<li><strong>Pasjonormalnych (Polska)<\/strong><\/li>\n\n\n\n<li><strong>Special Olympics Ukraine (Ukraina)<\/strong><\/li>\n\n\n\n<li><strong>Special Power Croatia (Chorwacja)<\/strong><\/li>\n<\/ul>\n\n\n\n<figure class=\"wp-block-image size-large\"><img decoding=\"async\" width=\"1024\" height=\"682\" src=\"https:\/\/futbolbezbarier.pl\/wp-content\/uploads\/2025\/09\/TUESDAY23-7-1024x682.jpg\" alt=\"\" class=\"wp-image-1915\" srcset=\"https:\/\/futbolbezbarier.pl\/wp-content\/uploads\/2025\/09\/TUESDAY23-7-1024x682.jpg 1024w, https:\/\/futbolbezbarier.pl\/wp-content\/uploads\/2025\/09\/TUESDAY23-7-300x200.jpg 300w, https:\/\/futbolbezbarier.pl\/wp-content\/uploads\/2025\/09\/TUESDAY23-7-768x511.jpg 768w, https:\/\/futbolbezbarier.pl\/wp-content\/uploads\/2025\/09\/TUESDAY23-7-1536x1022.jpg 1536w, https:\/\/futbolbezbarier.pl\/wp-content\/uploads\/2025\/09\/TUESDAY23-7-930x620.jpg 930w, https:\/\/futbolbezbarier.pl\/wp-content\/uploads\/2025\/09\/TUESDAY23-7.jpg 2048w\" sizes=\"(max-width: 1024px) 100vw, 1024px\" \/><\/figure>\n\n\n\n<h3 class=\"wp-block-heading\"><strong>Grupa Remington \u2013 \u201eUwolnij siebie!\u201d<\/strong><\/h3>\n\n\n\n<p>Has\u0142o Remingtona pasuje tu jak ula\u0142 &#8211; bo to dru\u017cyny, kt\u00f3re sportowo prezentuj\u0105 najwy\u017cszy poziom. Mocni, zorganizowani, graj\u0105cy z rozmachem. Ale i tu chodzi o co\u015b wi\u0119cej ni\u017c wynik. O pokazanie, \u017ce ka\u017cdy mo\u017ce \u201euwolni\u0107 siebie\u201d na boisku, bez barier i ogranicze\u0144.<\/p>\n\n\n\n<p>W grupie Remington zagraj\u0105:<\/p>\n\n\n\n<ul class=\"wp-block-list\">\n<li><strong>WKS \u015al\u0105sk Wroc\u0142aw Bez Barier (Polska)<\/strong><\/li>\n\n\n\n<li><strong>Fundaci\u00f3 FC Barcelona (Hiszpania)<\/strong><\/li>\n\n\n\n<li><strong>Insuperabili (W\u0142ochy)<\/strong><\/li>\n\n\n\n<li><strong>UKS Lasotczak P\u0142ock (Polska)<\/strong><\/li>\n<\/ul>\n\n\n\n<figure class=\"wp-block-image size-large\"><img loading=\"lazy\" decoding=\"async\" width=\"1024\" height=\"682\" src=\"https:\/\/futbolbezbarier.pl\/wp-content\/uploads\/2025\/09\/MONDAY22-54-1024x682.jpg\" alt=\"\" class=\"wp-image-1916\" srcset=\"https:\/\/futbolbezbarier.pl\/wp-content\/uploads\/2025\/09\/MONDAY22-54-1024x682.jpg 1024w, https:\/\/futbolbezbarier.pl\/wp-content\/uploads\/2025\/09\/MONDAY22-54-300x200.jpg 300w, https:\/\/futbolbezbarier.pl\/wp-content\/uploads\/2025\/09\/MONDAY22-54-768x511.jpg 768w, https:\/\/futbolbezbarier.pl\/wp-content\/uploads\/2025\/09\/MONDAY22-54-1536x1022.jpg 1536w, https:\/\/futbolbezbarier.pl\/wp-content\/uploads\/2025\/09\/MONDAY22-54-930x620.jpg 930w, https:\/\/futbolbezbarier.pl\/wp-content\/uploads\/2025\/09\/MONDAY22-54.jpg 2048w\" sizes=\"(max-width: 1024px) 100vw, 1024px\" \/><\/figure>\n\n\n\n<h3 class=\"wp-block-heading\"><strong>Czwartek, pi\u0105tek, sobota \u2013 trzy dni prawd<\/strong>y<\/h3>\n\n\n\n<p>Czwartek to start fazy grupowej. Ka\u017cdy zesp\u00f3\u0142 rozegra po dwa mecze, kt\u00f3re ustawi\u0105 tabel\u0119. W pi\u0105tek kolejne starcia grupowe, a p\u00f3\u017anym popo\u0142udniem mecze decyduj\u0105ce o tym, kto powalczy w finale. Sobota to cr\u00e8me de la cr\u00e8me \u2013 cztery wielkie mecze, kt\u00f3re zdecyduj\u0105 o zwyci\u0119stwie w ca\u0142ym turnieju.<\/p>\n\n\n\n<figure class=\"wp-block-image size-large\"><img loading=\"lazy\" decoding=\"async\" width=\"1024\" height=\"683\" src=\"https:\/\/futbolbezbarier.pl\/wp-content\/uploads\/2025\/09\/TUESDAY23-48-1024x683.jpg\" alt=\"\" class=\"wp-image-1920\" srcset=\"https:\/\/futbolbezbarier.pl\/wp-content\/uploads\/2025\/09\/TUESDAY23-48-1024x683.jpg 1024w, https:\/\/futbolbezbarier.pl\/wp-content\/uploads\/2025\/09\/TUESDAY23-48-300x200.jpg 300w, https:\/\/futbolbezbarier.pl\/wp-content\/uploads\/2025\/09\/TUESDAY23-48-768x512.jpg 768w, https:\/\/futbolbezbarier.pl\/wp-content\/uploads\/2025\/09\/TUESDAY23-48-1536x1024.jpg 1536w, https:\/\/futbolbezbarier.pl\/wp-content\/uploads\/2025\/09\/TUESDAY23-48-930x620.jpg 930w, https:\/\/futbolbezbarier.pl\/wp-content\/uploads\/2025\/09\/TUESDAY23-48.jpg 2048w\" sizes=\"(max-width: 1024px) 100vw, 1024px\" \/><\/figure>\n\n\n\n<p>Gramy o mistrza w obu grupach &#8211; R-GOL.com i Remington. Ale nie oszukujmy si\u0119:\u00a0<strong>prawdziwym trofeum jest integracja, poczucie przynale\u017cno\u015bci, wsp\u00f3lnota, kt\u00f3ra buduje si\u0119 poza tabel\u0105 wynik\u00f3w<\/strong>. Tu ka\u017cdy ma swoje miejsce, a ka\u017cdy gol, niewa\u017cne czy na 1:0, czy na 1:10, ma wag\u0119 z\u0142ota.<\/p>\n\n\n\n<figure class=\"wp-block-image size-large\"><img loading=\"lazy\" decoding=\"async\" width=\"1024\" height=\"682\" src=\"https:\/\/futbolbezbarier.pl\/wp-content\/uploads\/2025\/09\/TUESDAY23-109-1024x682.jpg\" alt=\"\" class=\"wp-image-1919\" srcset=\"https:\/\/futbolbezbarier.pl\/wp-content\/uploads\/2025\/09\/TUESDAY23-109-1024x682.jpg 1024w, https:\/\/futbolbezbarier.pl\/wp-content\/uploads\/2025\/09\/TUESDAY23-109-300x200.jpg 300w, https:\/\/futbolbezbarier.pl\/wp-content\/uploads\/2025\/09\/TUESDAY23-109-768x511.jpg 768w, https:\/\/futbolbezbarier.pl\/wp-content\/uploads\/2025\/09\/TUESDAY23-109-1536x1022.jpg 1536w, https:\/\/futbolbezbarier.pl\/wp-content\/uploads\/2025\/09\/TUESDAY23-109-930x620.jpg 930w, https:\/\/futbolbezbarier.pl\/wp-content\/uploads\/2025\/09\/TUESDAY23-109.jpg 2048w\" sizes=\"(max-width: 1024px) 100vw, 1024px\" \/><\/figure>\n\n\n\n<h3 class=\"wp-block-heading\"><strong>Dzi\u0119kujemy, \u017ce jeste\u015bcie z nami<\/strong><\/h3>\n\n\n\n<p>Takie wydarzenie nie istnieje bez wsparcia. Dlatego dzi\u0119kujemy:\u00a0Pa\u0144stwowemu Funduszowi Rehabilitacji Os\u00f3b Niepe\u0142nosprawnych, Ministerstwu Sportu i Turystyki, Polskiemu Zwi\u0105zkowi Pi\u0142ki No\u017cnej, TVP Sport, Straganowi Zdrowia, R-GOL.com i Remingtonowi. To dzi\u0119ki nim futbol inkluzywny ro\u015bnie w si\u0142\u0119 i dostaje nale\u017cyt\u0105 opraw\u0119.<\/p>\n\n\n\n<figure class=\"wp-block-image size-large\"><img loading=\"lazy\" decoding=\"async\" width=\"1024\" height=\"682\" src=\"https:\/\/futbolbezbarier.pl\/wp-content\/uploads\/2025\/09\/TUESDAY23-45-1024x682.jpg\" alt=\"\" class=\"wp-image-1917\" srcset=\"https:\/\/futbolbezbarier.pl\/wp-content\/uploads\/2025\/09\/TUESDAY23-45-1024x682.jpg 1024w, https:\/\/futbolbezbarier.pl\/wp-content\/uploads\/2025\/09\/TUESDAY23-45-300x200.jpg 300w, https:\/\/futbolbezbarier.pl\/wp-content\/uploads\/2025\/09\/TUESDAY23-45-768x511.jpg 768w, https:\/\/futbolbezbarier.pl\/wp-content\/uploads\/2025\/09\/TUESDAY23-45-1536x1022.jpg 1536w, https:\/\/futbolbezbarier.pl\/wp-content\/uploads\/2025\/09\/TUESDAY23-45-930x620.jpg 930w, https:\/\/futbolbezbarier.pl\/wp-content\/uploads\/2025\/09\/TUESDAY23-45.jpg 2048w\" sizes=\"(max-width: 1024px) 100vw, 1024px\" \/><\/figure>\n\n\n\n<h3 class=\"wp-block-heading\"><strong>Fina\u0142y na \u017cywo \u2013 zobaczcie to sami<\/strong><\/h3>\n\n\n\n<p>W sobot\u0119 od\u00a0<strong>14:00<\/strong>\u00a0w\u0142\u0105czcie kana\u0142\u00a0<strong>YouTube <\/strong>Futbol Bez Barier. B\u0119dzie transmisja fina\u0142\u00f3w z komentarzem na \u017cywo. Za mikrofonem do\u015bwiadczeni komentatorzy, kt\u00f3rzy wiedz\u0105, jak opowiada\u0107 o pi\u0142ce tak, \u017ce ciarki przechodz\u0105 po plecach.<\/p>\n\n\n\n<figure class=\"wp-block-image size-large\"><img loading=\"lazy\" decoding=\"async\" width=\"1024\" height=\"682\" src=\"https:\/\/futbolbezbarier.pl\/wp-content\/uploads\/2025\/09\/TUESDAY23-2-1024x682.jpg\" alt=\"\" class=\"wp-image-1918\" srcset=\"https:\/\/futbolbezbarier.pl\/wp-content\/uploads\/2025\/09\/TUESDAY23-2-1024x682.jpg 1024w, https:\/\/futbolbezbarier.pl\/wp-content\/uploads\/2025\/09\/TUESDAY23-2-300x200.jpg 300w, https:\/\/futbolbezbarier.pl\/wp-content\/uploads\/2025\/09\/TUESDAY23-2-768x511.jpg 768w, https:\/\/futbolbezbarier.pl\/wp-content\/uploads\/2025\/09\/TUESDAY23-2-1536x1022.jpg 1536w, https:\/\/futbolbezbarier.pl\/wp-content\/uploads\/2025\/09\/TUESDAY23-2-930x620.jpg 930w, https:\/\/futbolbezbarier.pl\/wp-content\/uploads\/2025\/09\/TUESDAY23-2.jpg 2048w\" sizes=\"(max-width: 1024px) 100vw, 1024px\" \/><\/figure>\n\n\n\n<p>No Barriers Champions League to nie jest zwyk\u0142y turniej. To pi\u0142ka, kt\u00f3ra burzy schematy i udowadnia, \u017ce futbol naprawd\u0119 jest dla wszystkich.<\/p>\n","protected":false},"excerpt":{"rendered":"<p>Za nami rozgrzewka. Poniedzia\u0142ek i wtorek up\u0142yn\u0119\u0142y pod znakiem trening\u00f3w i mecz\u00f3w towarzyskich. Ka\u017cdy mia\u0142 okazj\u0119 wej\u015b\u0107 w rytm, poczu\u0107 muraw\u0119, sprawdzi\u0107 przeciwnik\u00f3w. \u015aroda? To nie by\u0142 dzie\u0144 na \u015brubowanie wynik\u00f3w, tylko na \u0142adowanie baterii &#8211; wsp\u00f3lny wyjazd do Energylandii i integracja. Bo w tym turnieju emocje licz\u0105 si\u0119 nie tylko wtedy, gdy pi\u0142ka wpada&hellip;&nbsp;<a href=\"https:\/\/futbolbezbarier.pl\/index.php\/2025\/09\/25\/no-barriers-champions-league-czas-na-prawdziwe-granie\/\" rel=\"bookmark\">Dowiedz si\u0119 wi\u0119cej &raquo;<span class=\"screen-reader-text\">No Barriers Champions League \u2013 czas na prawdziwe granie<\/span><\/a><\/p>\n","protected":false},"author":5,"featured_media":1912,"comment_status":"closed","ping_status":"open","sticky":false,"template":"","format":"standard","meta":{"_monsterinsights_skip_tracking":false,"_monsterinsights_sitenote_active":false,"_monsterinsights_sitenote_note":"","_monsterinsights_sitenote_category":0,"neve_meta_sidebar":"","neve_meta_container":"","neve_meta_enable_content_width":"","neve_meta_content_width":0,"neve_meta_title_alignment":"","neve_meta_author_avatar":"","neve_post_elements_order":"","neve_meta_disable_header":"","neve_meta_disable_footer":"","neve_meta_disable_title":"","_themeisle_gutenberg_block_has_review":false,"footnotes":""},"categories":[1],"tags":[],"class_list":["post-1911","post","type-post","status-publish","format-standard","has-post-thumbnail","hentry","category-bez-kategorii"],"yoast_head":"<!-- This site is optimized with the Yoast SEO plugin v27.5 - https:\/\/yoast.com\/product\/yoast-seo-wordpress\/ -->\n<title>No Barriers Champions League \u2013 czas na prawdziwe granie - Futbol Bez Barier<\/title>\n<meta name=\"description\" content=\"No Barriers Champions League \u2013 czas na prawdziwe granie przeczytaj najnowszy wpis\" \/>\n<meta name=\"robots\" content=\"index, follow, max-snippet:-1, max-image-preview:large, max-video-preview:-1\" \/>\n<link rel=\"canonical\" href=\"https:\/\/futbolbezbarier.pl\/index.php\/2025\/09\/25\/no-barriers-champions-league-czas-na-prawdziwe-granie\/\" \/>\n<meta property=\"og:locale\" content=\"pl_PL\" \/>\n<meta property=\"og:type\" content=\"article\" \/>\n<meta property=\"og:title\" content=\"No Barriers Champions League \u2013 czas na prawdziwe granie - Futbol Bez Barier\" \/>\n<meta property=\"og:description\" content=\"No Barriers Champions League \u2013 czas na prawdziwe granie przeczytaj najnowszy wpis\" \/>\n<meta property=\"og:url\" content=\"https:\/\/futbolbezbarier.pl\/index.php\/2025\/09\/25\/no-barriers-champions-league-czas-na-prawdziwe-granie\/\" \/>\n<meta property=\"og:site_name\" content=\"Futbol Bez Barier\" \/>\n<meta property=\"article:publisher\" content=\"https:\/\/www.facebook.com\/FutbollBezBarier\/\" \/>\n<meta property=\"article:published_time\" content=\"2025-09-24T23:18:42+00:00\" \/>\n<meta property=\"article:modified_time\" content=\"2025-09-24T23:18:43+00:00\" \/>\n<meta property=\"og:image\" content=\"https:\/\/futbolbezbarier.pl\/wp-content\/uploads\/2025\/09\/MONDAY22-12-1024x682.jpg\" \/>\n\t<meta property=\"og:image:width\" content=\"1024\" \/>\n\t<meta property=\"og:image:height\" content=\"682\" \/>\n\t<meta property=\"og:image:type\" content=\"image\/jpeg\" \/>\n<meta name=\"author\" content=\"Dominik Kulas\" \/>\n<meta name=\"twitter:card\" content=\"summary_large_image\" \/>\n<meta name=\"twitter:label1\" content=\"Napisane przez\" \/>\n\t<meta name=\"twitter:data1\" content=\"Dominik Kulas\" \/>\n\t<meta name=\"twitter:label2\" content=\"Szacowany czas czytania\" \/>\n\t<meta name=\"twitter:data2\" content=\"5 minut\" \/>\n<script type=\"application\/ld+json\" class=\"yoast-schema-graph\">{\"@context\":\"https:\\\/\\\/schema.org\",\"@graph\":[{\"@type\":\"Article\",\"@id\":\"https:\\\/\\\/futbolbezbarier.pl\\\/index.php\\\/2025\\\/09\\\/25\\\/no-barriers-champions-league-czas-na-prawdziwe-granie\\\/#article\",\"isPartOf\":{\"@id\":\"https:\\\/\\\/futbolbezbarier.pl\\\/index.php\\\/2025\\\/09\\\/25\\\/no-barriers-champions-league-czas-na-prawdziwe-granie\\\/\"},\"author\":{\"name\":\"Dominik Kulas\",\"@id\":\"https:\\\/\\\/futbolbezbarier.pl\\\/#\\\/schema\\\/person\\\/ee39f11483afba346f1bc0e0bdb12675\"},\"headline\":\"No Barriers Champions League \u2013 czas na prawdziwe granie\",\"datePublished\":\"2025-09-24T23:18:42+00:00\",\"dateModified\":\"2025-09-24T23:18:43+00:00\",\"mainEntityOfPage\":{\"@id\":\"https:\\\/\\\/futbolbezbarier.pl\\\/index.php\\\/2025\\\/09\\\/25\\\/no-barriers-champions-league-czas-na-prawdziwe-granie\\\/\"},\"wordCount\":475,\"publisher\":{\"@id\":\"https:\\\/\\\/futbolbezbarier.pl\\\/#organization\"},\"image\":{\"@id\":\"https:\\\/\\\/futbolbezbarier.pl\\\/index.php\\\/2025\\\/09\\\/25\\\/no-barriers-champions-league-czas-na-prawdziwe-granie\\\/#primaryimage\"},\"thumbnailUrl\":\"https:\\\/\\\/futbolbezbarier.pl\\\/wp-content\\\/uploads\\\/2025\\\/09\\\/MONDAY22-12.jpg\",\"inLanguage\":\"pl-PL\"},{\"@type\":\"WebPage\",\"@id\":\"https:\\\/\\\/futbolbezbarier.pl\\\/index.php\\\/2025\\\/09\\\/25\\\/no-barriers-champions-league-czas-na-prawdziwe-granie\\\/\",\"url\":\"https:\\\/\\\/futbolbezbarier.pl\\\/index.php\\\/2025\\\/09\\\/25\\\/no-barriers-champions-league-czas-na-prawdziwe-granie\\\/\",\"name\":\"No Barriers Champions League \u2013 czas na prawdziwe granie - Futbol Bez Barier\",\"isPartOf\":{\"@id\":\"https:\\\/\\\/futbolbezbarier.pl\\\/#website\"},\"primaryImageOfPage\":{\"@id\":\"https:\\\/\\\/futbolbezbarier.pl\\\/index.php\\\/2025\\\/09\\\/25\\\/no-barriers-champions-league-czas-na-prawdziwe-granie\\\/#primaryimage\"},\"image\":{\"@id\":\"https:\\\/\\\/futbolbezbarier.pl\\\/index.php\\\/2025\\\/09\\\/25\\\/no-barriers-champions-league-czas-na-prawdziwe-granie\\\/#primaryimage\"},\"thumbnailUrl\":\"https:\\\/\\\/futbolbezbarier.pl\\\/wp-content\\\/uploads\\\/2025\\\/09\\\/MONDAY22-12.jpg\",\"datePublished\":\"2025-09-24T23:18:42+00:00\",\"dateModified\":\"2025-09-24T23:18:43+00:00\",\"description\":\"No Barriers Champions League \u2013 czas na prawdziwe granie przeczytaj najnowszy wpis\",\"breadcrumb\":{\"@id\":\"https:\\\/\\\/futbolbezbarier.pl\\\/index.php\\\/2025\\\/09\\\/25\\\/no-barriers-champions-league-czas-na-prawdziwe-granie\\\/#breadcrumb\"},\"inLanguage\":\"pl-PL\",\"potentialAction\":[{\"@type\":\"ReadAction\",\"target\":[\"https:\\\/\\\/futbolbezbarier.pl\\\/index.php\\\/2025\\\/09\\\/25\\\/no-barriers-champions-league-czas-na-prawdziwe-granie\\\/\"]}]},{\"@type\":\"ImageObject\",\"inLanguage\":\"pl-PL\",\"@id\":\"https:\\\/\\\/futbolbezbarier.pl\\\/index.php\\\/2025\\\/09\\\/25\\\/no-barriers-champions-league-czas-na-prawdziwe-granie\\\/#primaryimage\",\"url\":\"https:\\\/\\\/futbolbezbarier.pl\\\/wp-content\\\/uploads\\\/2025\\\/09\\\/MONDAY22-12.jpg\",\"contentUrl\":\"https:\\\/\\\/futbolbezbarier.pl\\\/wp-content\\\/uploads\\\/2025\\\/09\\\/MONDAY22-12.jpg\",\"width\":2048,\"height\":1363},{\"@type\":\"BreadcrumbList\",\"@id\":\"https:\\\/\\\/futbolbezbarier.pl\\\/index.php\\\/2025\\\/09\\\/25\\\/no-barriers-champions-league-czas-na-prawdziwe-granie\\\/#breadcrumb\",\"itemListElement\":[{\"@type\":\"ListItem\",\"position\":1,\"name\":\"Home\",\"item\":\"https:\\\/\\\/futbolbezbarier.pl\\\/\"},{\"@type\":\"ListItem\",\"position\":2,\"name\":\"No Barriers Champions League \u2013 czas na prawdziwe granie\"}]},{\"@type\":\"WebSite\",\"@id\":\"https:\\\/\\\/futbolbezbarier.pl\\\/#website\",\"url\":\"https:\\\/\\\/futbolbezbarier.pl\\\/\",\"name\":\"Futbol Bez Barier\",\"description\":\"Pi\u0142ka no\u017cna dla os\u00f3b z niepe\u0142nosprawno\u015bciami\",\"publisher\":{\"@id\":\"https:\\\/\\\/futbolbezbarier.pl\\\/#organization\"},\"potentialAction\":[{\"@type\":\"SearchAction\",\"target\":{\"@type\":\"EntryPoint\",\"urlTemplate\":\"https:\\\/\\\/futbolbezbarier.pl\\\/?s={search_term_string}\"},\"query-input\":{\"@type\":\"PropertyValueSpecification\",\"valueRequired\":true,\"valueName\":\"search_term_string\"}}],\"inLanguage\":\"pl-PL\"},{\"@type\":\"Organization\",\"@id\":\"https:\\\/\\\/futbolbezbarier.pl\\\/#organization\",\"name\":\"Futbol Bez Barier\",\"url\":\"https:\\\/\\\/futbolbezbarier.pl\\\/\",\"logo\":{\"@type\":\"ImageObject\",\"inLanguage\":\"pl-PL\",\"@id\":\"https:\\\/\\\/futbolbezbarier.pl\\\/#\\\/schema\\\/logo\\\/image\\\/\",\"url\":\"https:\\\/\\\/futbolbezbarier.pl\\\/wp-content\\\/uploads\\\/2025\\\/02\\\/Projekt-bez-nazwy-20.png\",\"contentUrl\":\"https:\\\/\\\/futbolbezbarier.pl\\\/wp-content\\\/uploads\\\/2025\\\/02\\\/Projekt-bez-nazwy-20.png\",\"width\":940,\"height\":788,\"caption\":\"Futbol Bez Barier\"},\"image\":{\"@id\":\"https:\\\/\\\/futbolbezbarier.pl\\\/#\\\/schema\\\/logo\\\/image\\\/\"},\"sameAs\":[\"https:\\\/\\\/www.facebook.com\\\/FutbollBezBarier\\\/\",\"https:\\\/\\\/www.youtube.com\\\/channel\\\/UCTKZn9TuPuanTWiCGnTRGGw\"]},{\"@type\":\"Person\",\"@id\":\"https:\\\/\\\/futbolbezbarier.pl\\\/#\\\/schema\\\/person\\\/ee39f11483afba346f1bc0e0bdb12675\",\"name\":\"Dominik Kulas\",\"image\":{\"@type\":\"ImageObject\",\"inLanguage\":\"pl-PL\",\"@id\":\"https:\\\/\\\/secure.gravatar.com\\\/avatar\\\/62596efe9d5e53ca0356fd019cfad73f9f05c00e58b8457c3319373147be153e?s=96&d=mm&r=g\",\"url\":\"https:\\\/\\\/secure.gravatar.com\\\/avatar\\\/62596efe9d5e53ca0356fd019cfad73f9f05c00e58b8457c3319373147be153e?s=96&d=mm&r=g\",\"contentUrl\":\"https:\\\/\\\/secure.gravatar.com\\\/avatar\\\/62596efe9d5e53ca0356fd019cfad73f9f05c00e58b8457c3319373147be153e?s=96&d=mm&r=g\",\"caption\":\"Dominik Kulas\"},\"url\":\"https:\\\/\\\/futbolbezbarier.pl\\\/index.php\\\/author\\\/dominik-k\\\/\"}]}<\/script>\n<!-- \/ Yoast SEO plugin. -->","yoast_head_json":{"title":"No Barriers Champions League \u2013 czas na prawdziwe granie - Futbol Bez Barier","description":"No Barriers Champions League \u2013 czas na prawdziwe granie przeczytaj najnowszy wpis","robots":{"index":"index","follow":"follow","max-snippet":"max-snippet:-1","max-image-preview":"max-image-preview:large","max-video-preview":"max-video-preview:-1"},"canonical":"https:\/\/futbolbezbarier.pl\/index.php\/2025\/09\/25\/no-barriers-champions-league-czas-na-prawdziwe-granie\/","og_locale":"pl_PL","og_type":"article","og_title":"No Barriers Champions League \u2013 czas na prawdziwe granie - Futbol Bez Barier","og_description":"No Barriers Champions League \u2013 czas na prawdziwe granie przeczytaj najnowszy wpis","og_url":"https:\/\/futbolbezbarier.pl\/index.php\/2025\/09\/25\/no-barriers-champions-league-czas-na-prawdziwe-granie\/","og_site_name":"Futbol Bez Barier","article_publisher":"https:\/\/www.facebook.com\/FutbollBezBarier\/","article_published_time":"2025-09-24T23:18:42+00:00","article_modified_time":"2025-09-24T23:18:43+00:00","og_image":[{"width":1024,"height":682,"url":"https:\/\/futbolbezbarier.pl\/wp-content\/uploads\/2025\/09\/MONDAY22-12-1024x682.jpg","type":"image\/jpeg"}],"author":"Dominik Kulas","twitter_card":"summary_large_image","twitter_misc":{"Napisane przez":"Dominik Kulas","Szacowany czas czytania":"5 minut"},"schema":{"@context":"https:\/\/schema.org","@graph":[{"@type":"Article","@id":"https:\/\/futbolbezbarier.pl\/index.php\/2025\/09\/25\/no-barriers-champions-league-czas-na-prawdziwe-granie\/#article","isPartOf":{"@id":"https:\/\/futbolbezbarier.pl\/index.php\/2025\/09\/25\/no-barriers-champions-league-czas-na-prawdziwe-granie\/"},"author":{"name":"Dominik Kulas","@id":"https:\/\/futbolbezbarier.pl\/#\/schema\/person\/ee39f11483afba346f1bc0e0bdb12675"},"headline":"No Barriers Champions League \u2013 czas na prawdziwe granie","datePublished":"2025-09-24T23:18:42+00:00","dateModified":"2025-09-24T23:18:43+00:00","mainEntityOfPage":{"@id":"https:\/\/futbolbezbarier.pl\/index.php\/2025\/09\/25\/no-barriers-champions-league-czas-na-prawdziwe-granie\/"},"wordCount":475,"publisher":{"@id":"https:\/\/futbolbezbarier.pl\/#organization"},"image":{"@id":"https:\/\/futbolbezbarier.pl\/index.php\/2025\/09\/25\/no-barriers-champions-league-czas-na-prawdziwe-granie\/#primaryimage"},"thumbnailUrl":"https:\/\/futbolbezbarier.pl\/wp-content\/uploads\/2025\/09\/MONDAY22-12.jpg","inLanguage":"pl-PL"},{"@type":"WebPage","@id":"https:\/\/futbolbezbarier.pl\/index.php\/2025\/09\/25\/no-barriers-champions-league-czas-na-prawdziwe-granie\/","url":"https:\/\/futbolbezbarier.pl\/index.php\/2025\/09\/25\/no-barriers-champions-league-czas-na-prawdziwe-granie\/","name":"No Barriers Champions League \u2013 czas na prawdziwe granie - Futbol Bez Barier","isPartOf":{"@id":"https:\/\/futbolbezbarier.pl\/#website"},"primaryImageOfPage":{"@id":"https:\/\/futbolbezbarier.pl\/index.php\/2025\/09\/25\/no-barriers-champions-league-czas-na-prawdziwe-granie\/#primaryimage"},"image":{"@id":"https:\/\/futbolbezbarier.pl\/index.php\/2025\/09\/25\/no-barriers-champions-league-czas-na-prawdziwe-granie\/#primaryimage"},"thumbnailUrl":"https:\/\/futbolbezbarier.pl\/wp-content\/uploads\/2025\/09\/MONDAY22-12.jpg","datePublished":"2025-09-24T23:18:42+00:00","dateModified":"2025-09-24T23:18:43+00:00","description":"No Barriers Champions League \u2013 czas na prawdziwe granie przeczytaj najnowszy wpis","breadcrumb":{"@id":"https:\/\/futbolbezbarier.pl\/index.php\/2025\/09\/25\/no-barriers-champions-league-czas-na-prawdziwe-granie\/#breadcrumb"},"inLanguage":"pl-PL","potentialAction":[{"@type":"ReadAction","target":["https:\/\/futbolbezbarier.pl\/index.php\/2025\/09\/25\/no-barriers-champions-league-czas-na-prawdziwe-granie\/"]}]},{"@type":"ImageObject","inLanguage":"pl-PL","@id":"https:\/\/futbolbezbarier.pl\/index.php\/2025\/09\/25\/no-barriers-champions-league-czas-na-prawdziwe-granie\/#primaryimage","url":"https:\/\/futbolbezbarier.pl\/wp-content\/uploads\/2025\/09\/MONDAY22-12.jpg","contentUrl":"https:\/\/futbolbezbarier.pl\/wp-content\/uploads\/2025\/09\/MONDAY22-12.jpg","width":2048,"height":1363},{"@type":"BreadcrumbList","@id":"https:\/\/futbolbezbarier.pl\/index.php\/2025\/09\/25\/no-barriers-champions-league-czas-na-prawdziwe-granie\/#breadcrumb","itemListElement":[{"@type":"ListItem","position":1,"name":"Home","item":"https:\/\/futbolbezbarier.pl\/"},{"@type":"ListItem","position":2,"name":"No Barriers Champions League \u2013 czas na prawdziwe granie"}]},{"@type":"WebSite","@id":"https:\/\/futbolbezbarier.pl\/#website","url":"https:\/\/futbolbezbarier.pl\/","name":"Futbol Bez Barier","description":"Pi\u0142ka no\u017cna dla os\u00f3b z niepe\u0142nosprawno\u015bciami","publisher":{"@id":"https:\/\/futbolbezbarier.pl\/#organization"},"potentialAction":[{"@type":"SearchAction","target":{"@type":"EntryPoint","urlTemplate":"https:\/\/futbolbezbarier.pl\/?s={search_term_string}"},"query-input":{"@type":"PropertyValueSpecification","valueRequired":true,"valueName":"search_term_string"}}],"inLanguage":"pl-PL"},{"@type":"Organization","@id":"https:\/\/futbolbezbarier.pl\/#organization","name":"Futbol Bez Barier","url":"https:\/\/futbolbezbarier.pl\/","logo":{"@type":"ImageObject","inLanguage":"pl-PL","@id":"https:\/\/futbolbezbarier.pl\/#\/schema\/logo\/image\/","url":"https:\/\/futbolbezbarier.pl\/wp-content\/uploads\/2025\/02\/Projekt-bez-nazwy-20.png","contentUrl":"https:\/\/futbolbezbarier.pl\/wp-content\/uploads\/2025\/02\/Projekt-bez-nazwy-20.png","width":940,"height":788,"caption":"Futbol Bez Barier"},"image":{"@id":"https:\/\/futbolbezbarier.pl\/#\/schema\/logo\/image\/"},"sameAs":["https:\/\/www.facebook.com\/FutbollBezBarier\/","https:\/\/www.youtube.com\/channel\/UCTKZn9TuPuanTWiCGnTRGGw"]},{"@type":"Person","@id":"https:\/\/futbolbezbarier.pl\/#\/schema\/person\/ee39f11483afba346f1bc0e0bdb12675","name":"Dominik Kulas","image":{"@type":"ImageObject","inLanguage":"pl-PL","@id":"https:\/\/secure.gravatar.com\/avatar\/62596efe9d5e53ca0356fd019cfad73f9f05c00e58b8457c3319373147be153e?s=96&d=mm&r=g","url":"https:\/\/secure.gravatar.com\/avatar\/62596efe9d5e53ca0356fd019cfad73f9f05c00e58b8457c3319373147be153e?s=96&d=mm&r=g","contentUrl":"https:\/\/secure.gravatar.com\/avatar\/62596efe9d5e53ca0356fd019cfad73f9f05c00e58b8457c3319373147be153e?s=96&d=mm&r=g","caption":"Dominik Kulas"},"url":"https:\/\/futbolbezbarier.pl\/index.php\/author\/dominik-k\/"}]}},"_links":{"self":[{"href":"https:\/\/futbolbezbarier.pl\/index.php\/wp-json\/wp\/v2\/posts\/1911","targetHints":{"allow":["GET"]}}],"collection":[{"href":"https:\/\/futbolbezbarier.pl\/index.php\/wp-json\/wp\/v2\/posts"}],"about":[{"href":"https:\/\/futbolbezbarier.pl\/index.php\/wp-json\/wp\/v2\/types\/post"}],"author":[{"embeddable":true,"href":"https:\/\/futbolbezbarier.pl\/index.php\/wp-json\/wp\/v2\/users\/5"}],"replies":[{"embeddable":true,"href":"https:\/\/futbolbezbarier.pl\/index.php\/wp-json\/wp\/v2\/comments?post=1911"}],"version-history":[{"count":1,"href":"https:\/\/futbolbezbarier.pl\/index.php\/wp-json\/wp\/v2\/posts\/1911\/revisions"}],"predecessor-version":[{"id":1921,"href":"https:\/\/futbolbezbarier.pl\/index.php\/wp-json\/wp\/v2\/posts\/1911\/revisions\/1921"}],"wp:featuredmedia":[{"embeddable":true,"href":"https:\/\/futbolbezbarier.pl\/index.php\/wp-json\/wp\/v2\/media\/1912"}],"wp:attachment":[{"href":"https:\/\/futbolbezbarier.pl\/index.php\/wp-json\/wp\/v2\/media?parent=1911"}],"wp:term":[{"taxonomy":"category","embeddable":true,"href":"https:\/\/futbolbezbarier.pl\/index.php\/wp-json\/wp\/v2\/categories?post=1911"},{"taxonomy":"post_tag","embeddable":true,"href":"https:\/\/futbolbezbarier.pl\/index.php\/wp-json\/wp\/v2\/tags?post=1911"}],"curies":[{"name":"wp","href":"https:\/\/api.w.org\/{rel}","templated":true}]}}