{"id":1923,"date":"2025-10-07T03:17:12","date_gmt":"2025-10-07T01:17:12","guid":{"rendered":"https:\/\/futbolbezbarier.pl\/?p=1923"},"modified":"2025-10-07T03:45:17","modified_gmt":"2025-10-07T01:45:17","slug":"no-barriers-champions-league-2025-futbol-ktory-nie-zna-granic","status":"publish","type":"post","link":"https:\/\/futbolbezbarier.pl\/index.php\/2025\/10\/07\/no-barriers-champions-league-2025-futbol-ktory-nie-zna-granic\/","title":{"rendered":"No Barriers Champions League 2025 &#8211; podsumowanie"},"content":{"rendered":"\n<p>Zwykle, kiedy m\u00f3wimy \u201eLiga Mistrz\u00f3w\u201d, wyobra\u017camy sobie stadion pe\u0142en \u015bwiate\u0142, b\u0142ysk fleszy, miliony widz\u00f3w przed telewizorami i pi\u0142karzy, kt\u00f3rzy maj\u0105 wpisane w DNA wygrywanie. Jednak w Wi\u015ble, a konkretnie w O\u015brodku Przygotowa\u0144 Paraolimpijskich Start, wydarzy\u0142o si\u0119 co\u015b, co mo\u017cna nazwa\u0107&nbsp;<strong>Lig\u0105 Mistrz\u00f3w ludzkich emocji<\/strong>. Kiedy na muraw\u0119 wychodz\u0105 zawodnicy z niepe\u0142nosprawno\u015bciami z sze\u015bciu kraj\u00f3w, ubrani w barwy Barcelony, \u015al\u0105ska Wroc\u0142aw czy Insuperabili, to wiesz jedno:&nbsp;<strong>to jest prawdziwy futbol<\/strong>. Bez kontrakt\u00f3w za miliony, ale za to z sercem, kt\u00f3rego nie da si\u0119 kupi\u0107.<\/p>\n\n\n\n<figure class=\"wp-block-image size-large\"><img fetchpriority=\"high\" decoding=\"async\" width=\"1024\" height=\"682\" src=\"https:\/\/futbolbezbarier.pl\/wp-content\/uploads\/2025\/10\/3place-202-1024x682.jpg\" alt=\"\" class=\"wp-image-1960\" srcset=\"https:\/\/futbolbezbarier.pl\/wp-content\/uploads\/2025\/10\/3place-202-1024x682.jpg 1024w, https:\/\/futbolbezbarier.pl\/wp-content\/uploads\/2025\/10\/3place-202-300x200.jpg 300w, https:\/\/futbolbezbarier.pl\/wp-content\/uploads\/2025\/10\/3place-202-768x511.jpg 768w, https:\/\/futbolbezbarier.pl\/wp-content\/uploads\/2025\/10\/3place-202-1536x1022.jpg 1536w, https:\/\/futbolbezbarier.pl\/wp-content\/uploads\/2025\/10\/3place-202-930x620.jpg 930w, https:\/\/futbolbezbarier.pl\/wp-content\/uploads\/2025\/10\/3place-202.jpg 2048w\" sizes=\"(max-width: 1024px) 100vw, 1024px\" \/><\/figure>\n\n\n\n<h3 class=\"wp-block-heading\"><strong>Dzie\u0144, w kt\u00f3rym futbol przesta\u0142 by\u0107 gr\u0105 &#8211; sta\u0142 si\u0119 wsp\u00f3lnot\u0105<\/strong><\/h3>\n\n\n\n<p>Zespo\u0142y zacz\u0119\u0142y zje\u017cd\u017ca\u0107 si\u0119 do Wis\u0142y ju\u017c&nbsp;<strong>21 wrze\u015bnia<\/strong>. W o\u015brodku panowa\u0142a ta charakterystyczna mieszanka: ekscytacja, stres, ciekawo\u015b\u0107. Na korytarzach miesza\u0142y si\u0119 j\u0119zyki &#8211; w\u0142oski, ukrai\u0144ski, angielski, chorwacki, hiszpa\u0144ski i polski, a mimo to wszyscy dogadywali si\u0119 bez problemu. Bo pi\u0142ka no\u017cna ma sw\u00f3j w\u0142asny j\u0119zyk &#8211; uniwersalny, emocjonalny i czysty.<\/p>\n\n\n\n<figure class=\"wp-block-image size-large\"><img decoding=\"async\" width=\"1024\" height=\"682\" src=\"https:\/\/futbolbezbarier.pl\/wp-content\/uploads\/2025\/10\/TUESDAY23-16-1024x682.jpg\" alt=\"\" class=\"wp-image-1961\" srcset=\"https:\/\/futbolbezbarier.pl\/wp-content\/uploads\/2025\/10\/TUESDAY23-16-1024x682.jpg 1024w, https:\/\/futbolbezbarier.pl\/wp-content\/uploads\/2025\/10\/TUESDAY23-16-300x200.jpg 300w, https:\/\/futbolbezbarier.pl\/wp-content\/uploads\/2025\/10\/TUESDAY23-16-768x511.jpg 768w, https:\/\/futbolbezbarier.pl\/wp-content\/uploads\/2025\/10\/TUESDAY23-16-1536x1022.jpg 1536w, https:\/\/futbolbezbarier.pl\/wp-content\/uploads\/2025\/10\/TUESDAY23-16-930x620.jpg 930w, https:\/\/futbolbezbarier.pl\/wp-content\/uploads\/2025\/10\/TUESDAY23-16.jpg 2048w\" sizes=\"(max-width: 1024px) 100vw, 1024px\" \/><\/figure>\n\n\n\n<p>Pierwsze dni to czas trening\u00f3w i sparing\u00f3w. Ka\u017cdy zesp\u00f3\u0142 testowa\u0142 ustawienia, rotowa\u0142 sk\u0142adami, pr\u00f3bowa\u0142 nowych pomys\u0142\u00f3w. Na bocznych boiskach by\u0142o s\u0142ycha\u0107 \u015bmiech, doping, spontaniczne oklaski. Bo ten turniej by\u0142 czym\u015b wi\u0119cej ni\u017c rywalizacj\u0105. On by\u0142 o tym, \u017ceby ka\u017cdy zawodnik, niezale\u017cnie od wieku, kraju i poziomu niepe\u0142nosprawno\u015bci &#8211;&nbsp;<strong>m\u00f3g\u0142 poczu\u0107 si\u0119 cz\u0119\u015bci\u0105 wielkiej dru\u017cyny Europy Bez Barier<\/strong>.<\/p>\n\n\n\n<figure class=\"wp-block-image size-large\"><img decoding=\"async\" width=\"1024\" height=\"682\" src=\"https:\/\/futbolbezbarier.pl\/wp-content\/uploads\/2025\/10\/TUESDAY23-2-1024x682.jpg\" alt=\"\" class=\"wp-image-1962\" srcset=\"https:\/\/futbolbezbarier.pl\/wp-content\/uploads\/2025\/10\/TUESDAY23-2-1024x682.jpg 1024w, https:\/\/futbolbezbarier.pl\/wp-content\/uploads\/2025\/10\/TUESDAY23-2-300x200.jpg 300w, https:\/\/futbolbezbarier.pl\/wp-content\/uploads\/2025\/10\/TUESDAY23-2-768x511.jpg 768w, https:\/\/futbolbezbarier.pl\/wp-content\/uploads\/2025\/10\/TUESDAY23-2-1536x1022.jpg 1536w, https:\/\/futbolbezbarier.pl\/wp-content\/uploads\/2025\/10\/TUESDAY23-2-930x620.jpg 930w, https:\/\/futbolbezbarier.pl\/wp-content\/uploads\/2025\/10\/TUESDAY23-2.jpg 2048w\" sizes=\"(max-width: 1024px) 100vw, 1024px\" \/><\/figure>\n\n\n\n<h3 class=\"wp-block-heading\"><strong>Grupa R-GOL &#8211; gdzie futbol zaczyna si\u0119 od serca<\/strong><\/h3>\n\n\n\n<p>Grupa R-GOL to by\u0142a definicja emocji. To w\u0142a\u015bnie tutaj rywalizowa\u0142y dru\u017cyny&nbsp;<strong>Special Power Croatia<\/strong>, <strong>Ascot United (Anglia)<\/strong>,&nbsp;<strong>Pasjonormalni (Polska)<\/strong>&nbsp;oraz&nbsp;<strong>Special Olympics Ukraine<\/strong>. Ka\u017cda z nich inna. Ka\u017cda z histori\u0105.<\/p>\n\n\n\n<p>Brytyjczycy z<strong> Ascot United <\/strong>&#8211; ekipa, kt\u00f3ra przyjecha\u0142a nie po tytu\u0142, tylko po do\u015bwiadczenie. Zawsze u\u015bmiechni\u0119ci, zawsze gotowi na rozmow\u0119 i wsp\u00f3lne zdj\u0119cie. Ich motto? \u201eSmile first, score later.\u201d<\/p>\n\n\n\n<figure class=\"wp-block-image size-large\"><img loading=\"lazy\" decoding=\"async\" width=\"1024\" height=\"682\" src=\"https:\/\/futbolbezbarier.pl\/wp-content\/uploads\/2025\/10\/3place-4-1024x682.jpg\" alt=\"\" class=\"wp-image-1924\" srcset=\"https:\/\/futbolbezbarier.pl\/wp-content\/uploads\/2025\/10\/3place-4-1024x682.jpg 1024w, https:\/\/futbolbezbarier.pl\/wp-content\/uploads\/2025\/10\/3place-4-300x200.jpg 300w, https:\/\/futbolbezbarier.pl\/wp-content\/uploads\/2025\/10\/3place-4-768x511.jpg 768w, https:\/\/futbolbezbarier.pl\/wp-content\/uploads\/2025\/10\/3place-4-1536x1022.jpg 1536w, https:\/\/futbolbezbarier.pl\/wp-content\/uploads\/2025\/10\/3place-4-930x620.jpg 930w, https:\/\/futbolbezbarier.pl\/wp-content\/uploads\/2025\/10\/3place-4.jpg 2048w\" sizes=\"(max-width: 1024px) 100vw, 1024px\" \/><\/figure>\n\n\n\n<p>Chorwaci ze <strong>Special Power<\/strong> &#8211; m\u0142odzi, dynamiczni, jeszcze troch\u0119 nieokie\u0142znani, ale z potencja\u0142em, kt\u00f3ry budzi respekt.<\/p>\n\n\n\n<figure class=\"wp-block-image size-large\"><img loading=\"lazy\" decoding=\"async\" width=\"1024\" height=\"682\" src=\"https:\/\/futbolbezbarier.pl\/wp-content\/uploads\/2025\/10\/Thursday25-127-1024x682.jpg\" alt=\"\" class=\"wp-image-1925\" srcset=\"https:\/\/futbolbezbarier.pl\/wp-content\/uploads\/2025\/10\/Thursday25-127-1024x682.jpg 1024w, https:\/\/futbolbezbarier.pl\/wp-content\/uploads\/2025\/10\/Thursday25-127-300x200.jpg 300w, https:\/\/futbolbezbarier.pl\/wp-content\/uploads\/2025\/10\/Thursday25-127-768x511.jpg 768w, https:\/\/futbolbezbarier.pl\/wp-content\/uploads\/2025\/10\/Thursday25-127-1536x1022.jpg 1536w, https:\/\/futbolbezbarier.pl\/wp-content\/uploads\/2025\/10\/Thursday25-127-930x620.jpg 930w, https:\/\/futbolbezbarier.pl\/wp-content\/uploads\/2025\/10\/Thursday25-127.jpg 2048w\" sizes=\"(max-width: 1024px) 100vw, 1024px\" \/><\/figure>\n\n\n\n<p><strong>Ukrai\u0144cy<\/strong> &#8211; zorganizowani, szybcy, graj\u0105cy z pasj\u0105 jak legendarny Andriy Shevchenko.<\/p>\n\n\n\n<figure class=\"wp-block-image size-large\"><img loading=\"lazy\" decoding=\"async\" width=\"1024\" height=\"682\" src=\"https:\/\/futbolbezbarier.pl\/wp-content\/uploads\/2025\/10\/3place-146-1024x682.jpg\" alt=\"\" class=\"wp-image-1926\" srcset=\"https:\/\/futbolbezbarier.pl\/wp-content\/uploads\/2025\/10\/3place-146-1024x682.jpg 1024w, https:\/\/futbolbezbarier.pl\/wp-content\/uploads\/2025\/10\/3place-146-300x200.jpg 300w, https:\/\/futbolbezbarier.pl\/wp-content\/uploads\/2025\/10\/3place-146-768x511.jpg 768w, https:\/\/futbolbezbarier.pl\/wp-content\/uploads\/2025\/10\/3place-146-1536x1022.jpg 1536w, https:\/\/futbolbezbarier.pl\/wp-content\/uploads\/2025\/10\/3place-146-930x620.jpg 930w, https:\/\/futbolbezbarier.pl\/wp-content\/uploads\/2025\/10\/3place-146.jpg 2048w\" sizes=\"(max-width: 1024px) 100vw, 1024px\" \/><\/figure>\n\n\n\n<p>A <strong>Pasjonormalni<\/strong>? Duma Polski, grupa, kt\u00f3ra sercem mog\u0142aby obdzieli\u0107 p\u00f3\u0142 Europy.<\/p>\n\n\n\n<figure class=\"wp-block-image size-large\"><img loading=\"lazy\" decoding=\"async\" width=\"1024\" height=\"682\" src=\"https:\/\/futbolbezbarier.pl\/wp-content\/uploads\/2025\/10\/3place-25-1024x682.jpg\" alt=\"\" class=\"wp-image-1927\" srcset=\"https:\/\/futbolbezbarier.pl\/wp-content\/uploads\/2025\/10\/3place-25-1024x682.jpg 1024w, https:\/\/futbolbezbarier.pl\/wp-content\/uploads\/2025\/10\/3place-25-300x200.jpg 300w, https:\/\/futbolbezbarier.pl\/wp-content\/uploads\/2025\/10\/3place-25-768x511.jpg 768w, https:\/\/futbolbezbarier.pl\/wp-content\/uploads\/2025\/10\/3place-25-1536x1022.jpg 1536w, https:\/\/futbolbezbarier.pl\/wp-content\/uploads\/2025\/10\/3place-25-930x620.jpg 930w, https:\/\/futbolbezbarier.pl\/wp-content\/uploads\/2025\/10\/3place-25.jpg 2048w\" sizes=\"(max-width: 1024px) 100vw, 1024px\" \/><\/figure>\n\n\n\n<p>Pierwszy mecz grupy to Ascot kontra Chorwacja &#8211;\u00a0<strong>1:1<\/strong>, walka do ko\u0144ca, gol Leonardo Kova\u010devi\u0107a da\u0142 Chorwatom nadziej\u0119, ale Anglicy odpowiedzieli. Drugi mecz &#8211;\u00a0<strong>Ukraina vs Pasjonormalni<\/strong>, i ju\u017c wtedy by\u0142o wida\u0107, \u017ce Ukrai\u0144cy przyjechali po co\u015b wi\u0119cej ni\u017c udzia\u0142. Wygrywaj\u0105 4:2, graj\u0105 nowocze\u015bnie, z rotacj\u0105 pozycji i szybkim odbiorem. Trzeci mecz &#8211;\u00a0<strong>Ukraina demoluje Chorwat\u00f3w 4:0<\/strong>, a Mikhailo Raskho i Ruslan Lozytskyi robi\u0105 r\u00f3\u017cnic\u0119.<\/p>\n\n\n\n<figure class=\"wp-block-image size-large\"><img loading=\"lazy\" decoding=\"async\" width=\"1024\" height=\"682\" src=\"https:\/\/futbolbezbarier.pl\/wp-content\/uploads\/2025\/10\/Thursday25-122-1024x682.jpg\" alt=\"\" class=\"wp-image-1930\" srcset=\"https:\/\/futbolbezbarier.pl\/wp-content\/uploads\/2025\/10\/Thursday25-122-1024x682.jpg 1024w, https:\/\/futbolbezbarier.pl\/wp-content\/uploads\/2025\/10\/Thursday25-122-300x200.jpg 300w, https:\/\/futbolbezbarier.pl\/wp-content\/uploads\/2025\/10\/Thursday25-122-768x511.jpg 768w, https:\/\/futbolbezbarier.pl\/wp-content\/uploads\/2025\/10\/Thursday25-122-1536x1022.jpg 1536w, https:\/\/futbolbezbarier.pl\/wp-content\/uploads\/2025\/10\/Thursday25-122-930x620.jpg 930w, https:\/\/futbolbezbarier.pl\/wp-content\/uploads\/2025\/10\/Thursday25-122.jpg 2048w\" sizes=\"(max-width: 1024px) 100vw, 1024px\" \/><\/figure>\n\n\n\n<p>Ale Polska odpowiedzia\u0142a.\u00a0<strong>Pasjonormalni pokonuj\u0105 Ascot United 4:2<\/strong>, a Mateusz Nawrot i Kacper Sobczyk b\u0142yszcz\u0105. W pi\u0105tek rano ostatnie emocje grupowe:\u00a0<strong>Pasjonormalni<\/strong> <strong>2:2 z Chorwacj\u0105<\/strong>, a na koniec mecz\u00a0<strong>Special Olympics Ukraine vs Ascot United.<\/strong> 9:2. Wow.<\/p>\n\n\n\n<figure class=\"wp-block-image size-large\"><img loading=\"lazy\" decoding=\"async\" width=\"1024\" height=\"682\" src=\"https:\/\/futbolbezbarier.pl\/wp-content\/uploads\/2025\/10\/Thursday25-71-1024x682.jpg\" alt=\"\" class=\"wp-image-1934\" srcset=\"https:\/\/futbolbezbarier.pl\/wp-content\/uploads\/2025\/10\/Thursday25-71-1024x682.jpg 1024w, https:\/\/futbolbezbarier.pl\/wp-content\/uploads\/2025\/10\/Thursday25-71-300x200.jpg 300w, https:\/\/futbolbezbarier.pl\/wp-content\/uploads\/2025\/10\/Thursday25-71-768x511.jpg 768w, https:\/\/futbolbezbarier.pl\/wp-content\/uploads\/2025\/10\/Thursday25-71-1536x1022.jpg 1536w, https:\/\/futbolbezbarier.pl\/wp-content\/uploads\/2025\/10\/Thursday25-71-930x620.jpg 930w, https:\/\/futbolbezbarier.pl\/wp-content\/uploads\/2025\/10\/Thursday25-71.jpg 2048w\" sizes=\"(max-width: 1024px) 100vw, 1024px\" \/><\/figure>\n\n\n\n<p>Bilans by\u0142 bezdyskusyjny &#8211;<strong> Ukraina najlepsza<\/strong>, za nimi Pasjonormalni, Chorwaci i Ascot.<\/p>\n\n\n\n<h3 class=\"wp-block-heading\"><strong>P\u00f3\u0142fina\u0142y R-GOL.com &#8211; kiedy serce bije szybciej ni\u017c gwizdek s\u0119dziego<\/strong><\/h3>\n\n\n\n<p>W p\u00f3\u0142finale Ukraina po raz kolejny zmiot\u0142a Ascot\u00a0<strong>11:4<\/strong>\u00a0&#8211; totalny pokaz mocy.<\/p>\n\n\n\n<figure class=\"wp-block-image size-large\"><img loading=\"lazy\" decoding=\"async\" width=\"1024\" height=\"682\" src=\"https:\/\/futbolbezbarier.pl\/wp-content\/uploads\/2025\/10\/Thursday25-93-1024x682.jpg\" alt=\"\" class=\"wp-image-1935\" srcset=\"https:\/\/futbolbezbarier.pl\/wp-content\/uploads\/2025\/10\/Thursday25-93-1024x682.jpg 1024w, https:\/\/futbolbezbarier.pl\/wp-content\/uploads\/2025\/10\/Thursday25-93-300x200.jpg 300w, https:\/\/futbolbezbarier.pl\/wp-content\/uploads\/2025\/10\/Thursday25-93-768x511.jpg 768w, https:\/\/futbolbezbarier.pl\/wp-content\/uploads\/2025\/10\/Thursday25-93-1536x1022.jpg 1536w, https:\/\/futbolbezbarier.pl\/wp-content\/uploads\/2025\/10\/Thursday25-93-930x620.jpg 930w, https:\/\/futbolbezbarier.pl\/wp-content\/uploads\/2025\/10\/Thursday25-93.jpg 2048w\" sizes=\"(max-width: 1024px) 100vw, 1024px\" \/><\/figure>\n\n\n\n<p>Drugi p\u00f3\u0142fina\u0142 &#8211;&nbsp;<strong>Pasjonormalni kontra Chorwacja<\/strong>&nbsp;&#8211; to by\u0142a ju\u017c czysta dramaturgia.<br>1:1 po regulaminowym czasie, a potem karne. Trzy do jednego dla Chorwat\u00f3w, a bohater? Ich bramkarz &#8211; ch\u0142opak, kt\u00f3ry broni\u0142 jak natchniony<\/p>\n\n\n\n<figure class=\"wp-block-image size-large\"><img loading=\"lazy\" decoding=\"async\" width=\"1024\" height=\"682\" src=\"https:\/\/futbolbezbarier.pl\/wp-content\/uploads\/2025\/10\/Thursday25-154-1024x682.jpg\" alt=\"\" class=\"wp-image-1936\" srcset=\"https:\/\/futbolbezbarier.pl\/wp-content\/uploads\/2025\/10\/Thursday25-154-1024x682.jpg 1024w, https:\/\/futbolbezbarier.pl\/wp-content\/uploads\/2025\/10\/Thursday25-154-300x200.jpg 300w, https:\/\/futbolbezbarier.pl\/wp-content\/uploads\/2025\/10\/Thursday25-154-768x511.jpg 768w, https:\/\/futbolbezbarier.pl\/wp-content\/uploads\/2025\/10\/Thursday25-154-1536x1022.jpg 1536w, https:\/\/futbolbezbarier.pl\/wp-content\/uploads\/2025\/10\/Thursday25-154-930x620.jpg 930w, https:\/\/futbolbezbarier.pl\/wp-content\/uploads\/2025\/10\/Thursday25-154.jpg 2048w\" sizes=\"(max-width: 1024px) 100vw, 1024px\" \/><\/figure>\n\n\n\n<p>Ukraina gra\u0142a futbol, kt\u00f3ry by\u0142 jak orkiestra symfoniczna &#8211; ka\u017cdy wiedzia\u0142, kiedy wej\u015b\u0107, kiedy odpu\u015bci\u0107, kiedy strzeli\u0107. Ale Chorwaci te\u017c pokazali charakter, walczyli do ko\u0144ca, pokazali, \u017ce przysz\u0142o\u015b\u0107 jest po ich stronie.<\/p>\n\n\n\n<h3 class=\"wp-block-heading\"><strong>Grupa Remington &#8211; futbol z g\u00f3rnej p\u00f3\u0142ki<\/strong><\/h3>\n\n\n\n<p>Je\u015bli grupa R-GOL by\u0142a pe\u0142na emocji i pasji, to grupa&nbsp;<strong>Remington<\/strong>&nbsp;by\u0142a pokazem pi\u0142karskiej jako\u015bci. To tutaj grali ci, kt\u00f3rych mo\u017cna nazwa\u0107&nbsp;<strong>europejsk\u0105 elit\u0105 futbolu bez barier<\/strong>: <strong>Fundaci\u00f3 FC Barcelona<\/strong>, <strong>Insuperabili<\/strong>,&nbsp;<strong>UKS Lasotczak P\u0142ock<\/strong> i&nbsp;<strong>WKS \u015al\u0105sk Futbol Bez Barier<\/strong>.<\/p>\n\n\n\n<p><strong>Fundaci\u00f3 FC Barcelona<\/strong>\u00a0&#8211; zesp\u00f3\u0142 z DNA katalo\u0144skiego giganta, dla kt\u00f3rego pi\u0142ka to nie tylko gra, ale spos\u00f3b na budowanie r\u00f3wno\u015bci i spo\u0142ecznej odpowiedzialno\u015bci.<\/p>\n\n\n\n<figure class=\"wp-block-image size-large\"><img loading=\"lazy\" decoding=\"async\" width=\"1024\" height=\"682\" src=\"https:\/\/futbolbezbarier.pl\/wp-content\/uploads\/2025\/10\/Thursday25-108-1024x682.jpg\" alt=\"\" class=\"wp-image-1937\" srcset=\"https:\/\/futbolbezbarier.pl\/wp-content\/uploads\/2025\/10\/Thursday25-108-1024x682.jpg 1024w, https:\/\/futbolbezbarier.pl\/wp-content\/uploads\/2025\/10\/Thursday25-108-300x200.jpg 300w, https:\/\/futbolbezbarier.pl\/wp-content\/uploads\/2025\/10\/Thursday25-108-768x511.jpg 768w, https:\/\/futbolbezbarier.pl\/wp-content\/uploads\/2025\/10\/Thursday25-108-1536x1022.jpg 1536w, https:\/\/futbolbezbarier.pl\/wp-content\/uploads\/2025\/10\/Thursday25-108-930x620.jpg 930w, https:\/\/futbolbezbarier.pl\/wp-content\/uploads\/2025\/10\/Thursday25-108.jpg 2048w\" sizes=\"(max-width: 1024px) 100vw, 1024px\" \/><\/figure>\n\n\n\n<p><strong>Insuperabili (W\u0142ochy)<\/strong>\u00a0&#8211; projekt, kt\u00f3ry od lat inspiruje Europ\u0119. Wspierany przez Serie A, prowadzony przez by\u0142ych zawodnik\u00f3w i trener\u00f3w w\u0142oskiej ekstraklasy. Ich motto &#8211;\u00a0<em>\u201eNikt nie jest nie do pokonania\u201d<\/em>\u00a0&#8211; tutaj nabiera\u0142o dos\u0142ownego znaczenia.<\/p>\n\n\n\n<figure class=\"wp-block-image size-large\"><img loading=\"lazy\" decoding=\"async\" width=\"1024\" height=\"682\" src=\"https:\/\/futbolbezbarier.pl\/wp-content\/uploads\/2025\/10\/Thursday25-100-1024x682.jpg\" alt=\"\" class=\"wp-image-1938\" srcset=\"https:\/\/futbolbezbarier.pl\/wp-content\/uploads\/2025\/10\/Thursday25-100-1024x682.jpg 1024w, https:\/\/futbolbezbarier.pl\/wp-content\/uploads\/2025\/10\/Thursday25-100-300x200.jpg 300w, https:\/\/futbolbezbarier.pl\/wp-content\/uploads\/2025\/10\/Thursday25-100-768x511.jpg 768w, https:\/\/futbolbezbarier.pl\/wp-content\/uploads\/2025\/10\/Thursday25-100-1536x1022.jpg 1536w, https:\/\/futbolbezbarier.pl\/wp-content\/uploads\/2025\/10\/Thursday25-100-930x620.jpg 930w, https:\/\/futbolbezbarier.pl\/wp-content\/uploads\/2025\/10\/Thursday25-100.jpg 2048w\" sizes=\"(max-width: 1024px) 100vw, 1024px\" \/><\/figure>\n\n\n\n<p><strong>UKS Lasotczak P\u0142ock (Polska)<\/strong>\u00a0&#8211; dru\u017cyna, kt\u00f3ra udowadnia, \u017ce pasja mo\u017ce przerodzi\u0107 si\u0119 w system. Zorganizowani, profesjonalni, z w\u0142asn\u0105 struktur\u0105 szkoleniow\u0105 i sercem bij\u0105cym w rytmie Mazowsza. Ka\u017cdy ich mecz to pokaz ambicji i odpowiedzialno\u015bci.<\/p>\n\n\n\n<figure class=\"wp-block-image size-large\"><img loading=\"lazy\" decoding=\"async\" width=\"1024\" height=\"682\" src=\"https:\/\/futbolbezbarier.pl\/wp-content\/uploads\/2025\/10\/Thursday25-131-1024x682.jpg\" alt=\"\" class=\"wp-image-1939\" srcset=\"https:\/\/futbolbezbarier.pl\/wp-content\/uploads\/2025\/10\/Thursday25-131-1024x682.jpg 1024w, https:\/\/futbolbezbarier.pl\/wp-content\/uploads\/2025\/10\/Thursday25-131-300x200.jpg 300w, https:\/\/futbolbezbarier.pl\/wp-content\/uploads\/2025\/10\/Thursday25-131-768x511.jpg 768w, https:\/\/futbolbezbarier.pl\/wp-content\/uploads\/2025\/10\/Thursday25-131-1536x1022.jpg 1536w, https:\/\/futbolbezbarier.pl\/wp-content\/uploads\/2025\/10\/Thursday25-131-930x620.jpg 930w, https:\/\/futbolbezbarier.pl\/wp-content\/uploads\/2025\/10\/Thursday25-131.jpg 2048w\" sizes=\"(max-width: 1024px) 100vw, 1024px\" \/><\/figure>\n\n\n\n<p><strong>WKS \u015al\u0105sk Futbol Bez Barier (Polska)<\/strong>\u00a0&#8211; klub z tradycj\u0105, charakterem i determinacj\u0105. Dru\u017cyna, kt\u00f3ra na boisku \u0142\u0105czy dyscyplin\u0119 z emocj\u0105. To nie przypadek, \u017ce ich barwy kojarz\u0105 si\u0119 z wojowniczo\u015bci\u0105, bo \u015al\u0105sk gra o co\u015b wi\u0119cej ni\u017c wynik. Gra o szacunek, o marzenia i o przysz\u0142o\u015b\u0107.<\/p>\n\n\n\n<figure class=\"wp-block-image size-large\"><img loading=\"lazy\" decoding=\"async\" width=\"1024\" height=\"682\" src=\"https:\/\/futbolbezbarier.pl\/wp-content\/uploads\/2025\/10\/TUESDAY23-64-1024x682.jpg\" alt=\"\" class=\"wp-image-1940\" srcset=\"https:\/\/futbolbezbarier.pl\/wp-content\/uploads\/2025\/10\/TUESDAY23-64-1024x682.jpg 1024w, https:\/\/futbolbezbarier.pl\/wp-content\/uploads\/2025\/10\/TUESDAY23-64-300x200.jpg 300w, https:\/\/futbolbezbarier.pl\/wp-content\/uploads\/2025\/10\/TUESDAY23-64-768x511.jpg 768w, https:\/\/futbolbezbarier.pl\/wp-content\/uploads\/2025\/10\/TUESDAY23-64-1536x1022.jpg 1536w, https:\/\/futbolbezbarier.pl\/wp-content\/uploads\/2025\/10\/TUESDAY23-64-930x620.jpg 930w, https:\/\/futbolbezbarier.pl\/wp-content\/uploads\/2025\/10\/TUESDAY23-64.jpg 2048w\" sizes=\"(max-width: 1024px) 100vw, 1024px\" \/><\/figure>\n\n\n\n<p>Partnerem tej grupy by\u0142a marka\u00a0<strong>Remington<\/strong>, kt\u00f3ra nap\u0119dza\u0142a ca\u0142y turniej pod has\u0142em\u00a0<strong><em>\u201eUwolnij siebie!\u201d<\/em>\u00a0<\/strong>&#8211; i w\u0142a\u015bnie to by\u0142o wida\u0107 na boisku. Zawodnicy grali odwa\u017cnie, spontanicznie, bez kalkulacji. Ka\u017cdy drybling by\u0142 jak wyzwolenie, ka\u017cdy gol &#8211; jak manifest.<\/p>\n\n\n\n<h3 class=\"wp-block-heading\"><strong>Faza grupowa &#8211; od hiszpa\u0144skiego stylu po w\u0142osk\u0105 precyzj\u0119<\/strong><\/h3>\n\n\n\n<p>Ju\u017c pierwszy mecz zwiastowa\u0142, \u017ce b\u0119dzie si\u0119 dzia\u0142o.\u00a0<strong>Insuperabili<\/strong>\u00a0pokonali\u00a0<strong>FC Barcelon\u0119<\/strong>\u00a03:1.<br>Fabrizio La Cognata, Vincenzo Sirignano i Santo Pirruccio &#8211; trio, kt\u00f3re brzmia\u0142o jak w\u0142oski zesp\u00f3\u0142 muzyczny, ale gra\u0142o jak koncert pi\u0142karskiej harmonii. W drugim meczu\u00a0<strong>\u015al\u0105sk Wroc\u0142aw<\/strong>\u00a0ogra\u0142\u00a0<strong>Lasotczaka P\u0142ock<\/strong>\u00a03:1 &#8211; i to by\u0142 pokaz mocy zespo\u0142u Krystiana Koziny. \u0141ukasz W\u00f3jcik jak zwykle w swoim \u017cywiole, Pieczarka z Koszlag\u0105 nie pozwolili rywalowi z\u0142apa\u0107 oddechu. Potem W\u0142osi zrobili to, co W\u0142osi potrafi\u0105 najlepiej &#8211;\u00a0<strong>rozmontowali taktycznie Lasotczaka 6:1<\/strong>, , a\u00a0<strong>\u015al\u0105sk rozbija Barcelon\u0119 3:0<\/strong>, z hat-trickiem \u0141ukasza W\u00f3jcika &#8211; cz\u0142owieka, kt\u00f3ry na tym turnieju chodzi\u0142 po boisku jak genera\u0142 po polu bitwy.<\/p>\n\n\n\n<figure class=\"wp-block-image size-large\"><img loading=\"lazy\" decoding=\"async\" width=\"1024\" height=\"682\" src=\"https:\/\/futbolbezbarier.pl\/wp-content\/uploads\/2025\/10\/Thursday25-91-1024x682.jpg\" alt=\"\" class=\"wp-image-1943\" srcset=\"https:\/\/futbolbezbarier.pl\/wp-content\/uploads\/2025\/10\/Thursday25-91-1024x682.jpg 1024w, https:\/\/futbolbezbarier.pl\/wp-content\/uploads\/2025\/10\/Thursday25-91-300x200.jpg 300w, https:\/\/futbolbezbarier.pl\/wp-content\/uploads\/2025\/10\/Thursday25-91-768x511.jpg 768w, https:\/\/futbolbezbarier.pl\/wp-content\/uploads\/2025\/10\/Thursday25-91-1536x1022.jpg 1536w, https:\/\/futbolbezbarier.pl\/wp-content\/uploads\/2025\/10\/Thursday25-91-930x620.jpg 930w, https:\/\/futbolbezbarier.pl\/wp-content\/uploads\/2025\/10\/Thursday25-91.jpg 2048w\" sizes=\"(max-width: 1024px) 100vw, 1024px\" \/><\/figure>\n\n\n\n<p>Ostatecznie&nbsp;<strong>\u015al\u0105sk i Insuperabili<\/strong>&nbsp;zako\u0144czyli grup\u0119 z takim samym dorobkiem 7 punkt\u00f3w, ale lepszy bilans bramek da\u0142 pierwsze miejsce W\u0142ochom. Trzeci by\u0142&nbsp;<strong>Lasotczak P\u0142ock<\/strong>, czwarta <strong>Fundaci\u00f3 FC Barcelona<\/strong>.<\/p>\n\n\n\n<h3 class=\"wp-block-heading\"><strong>P\u00f3\u0142fina\u0142y Remington &#8211; gdy futbol zamienia si\u0119 w spektakl<\/strong><\/h3>\n\n\n\n<p>Pierwszy p\u00f3\u0142fina\u0142 to&nbsp;<strong>w\u0142osko-hiszpa\u0144ska klasyka<\/strong>:&nbsp;<strong>Insuperabili vs Barcelona<\/strong>. Mecz, w kt\u00f3rym W\u0142osi wygl\u0105dali jak dobrze naoliwiona maszyna &#8211; 3:0 i awans do fina\u0142u. Fabrizio La Cognata zn\u00f3w zrobi\u0142 r\u00f3\u017cnic\u0119, a w\u0142oska defensywa by\u0142a jak beton &#8211; nie do przej\u015bcia.<\/p>\n\n\n\n<figure class=\"wp-block-image size-large\"><img loading=\"lazy\" decoding=\"async\" width=\"1024\" height=\"682\" src=\"https:\/\/futbolbezbarier.pl\/wp-content\/uploads\/2025\/10\/Thursday25-110-1024x682.jpg\" alt=\"\" class=\"wp-image-1946\" srcset=\"https:\/\/futbolbezbarier.pl\/wp-content\/uploads\/2025\/10\/Thursday25-110-1024x682.jpg 1024w, https:\/\/futbolbezbarier.pl\/wp-content\/uploads\/2025\/10\/Thursday25-110-300x200.jpg 300w, https:\/\/futbolbezbarier.pl\/wp-content\/uploads\/2025\/10\/Thursday25-110-768x511.jpg 768w, https:\/\/futbolbezbarier.pl\/wp-content\/uploads\/2025\/10\/Thursday25-110-1536x1022.jpg 1536w, https:\/\/futbolbezbarier.pl\/wp-content\/uploads\/2025\/10\/Thursday25-110-930x620.jpg 930w, https:\/\/futbolbezbarier.pl\/wp-content\/uploads\/2025\/10\/Thursday25-110.jpg 2048w\" sizes=\"(max-width: 1024px) 100vw, 1024px\" \/><\/figure>\n\n\n\n<p>Drugi p\u00f3\u0142fina\u0142 &#8211;&nbsp;<strong>\u015al\u0105sk vs Lasotczak<\/strong>&nbsp;&#8211; to by\u0142a ju\u017c czysta poezja pi\u0142karska. WKS zagra\u0142 koncertowo. 7:0! Bez lito\u015bci, ale te\u017c z pe\u0142nym szacunkiem. Ka\u017cda akcja \u015al\u0105ska wygl\u0105da\u0142a jak z podr\u0119cznika, a tempo gry zwala\u0142o z n\u00f3g. W\u00f3jcik &#8211; showman. Pieczarka &#8211; profesor. Koszlaga &#8211; motor nap\u0119dowy. Ca\u0142a dru\u017cyna &#8211; monolit.<\/p>\n\n\n\n<figure class=\"wp-block-image size-large\"><img loading=\"lazy\" decoding=\"async\" width=\"1024\" height=\"682\" src=\"https:\/\/futbolbezbarier.pl\/wp-content\/uploads\/2025\/10\/Thursday25-134-1024x682.jpg\" alt=\"\" class=\"wp-image-1947\" srcset=\"https:\/\/futbolbezbarier.pl\/wp-content\/uploads\/2025\/10\/Thursday25-134-1024x682.jpg 1024w, https:\/\/futbolbezbarier.pl\/wp-content\/uploads\/2025\/10\/Thursday25-134-300x200.jpg 300w, https:\/\/futbolbezbarier.pl\/wp-content\/uploads\/2025\/10\/Thursday25-134-768x511.jpg 768w, https:\/\/futbolbezbarier.pl\/wp-content\/uploads\/2025\/10\/Thursday25-134-1536x1022.jpg 1536w, https:\/\/futbolbezbarier.pl\/wp-content\/uploads\/2025\/10\/Thursday25-134-930x620.jpg 930w, https:\/\/futbolbezbarier.pl\/wp-content\/uploads\/2025\/10\/Thursday25-134.jpg 2048w\" sizes=\"(max-width: 1024px) 100vw, 1024px\" \/><\/figure>\n\n\n\n<p>Tak wy\u0142oni\u0142 si\u0119&nbsp;<strong>wielki fina\u0142 drabinki Remington<\/strong>: <strong>WKS \u015al\u0105sk Futbol Bez Barier vs Insuperabili<\/strong>.<\/p>\n\n\n\n<h3 class=\"wp-block-heading\"><strong>Mecze o trzecie miejsce &#8211; bohaterowie na granicy podium<\/strong><\/h3>\n\n\n\n<p>W grupie R-GOL&nbsp;<strong>Pasjonormalni<\/strong>&nbsp;zagrali koncert przeciwko&nbsp;<strong>Ascot United<\/strong>. 14:3&#8230; Ale wynik nie by\u0142 najwa\u017cniejszy, bo kiedy patrzy\u0142o si\u0119 na ekip\u0119 z Wielkiej Brytanii &#8211; George\u2019a, Lloyda, Billy\u2019ego i reszt\u0119 dru\u017cyny, to mia\u0142o si\u0119 wra\u017cenie, \u017ce oni przywie\u017ali tu co\u015b cenniejszego ni\u017c form\u0119 sportow\u0105. Przywie\u017ali <strong>rado\u015b\u0107 \u017cycia<\/strong>. Ich u\u015bmiechy po ka\u017cdym golu rywala by\u0142y tak szczere, \u017ce publiczno\u015b\u0107 bi\u0142a brawo nawet wtedy, gdy tracili bramki.<\/p>\n\n\n\n<figure class=\"wp-block-image size-large\"><img loading=\"lazy\" decoding=\"async\" width=\"1024\" height=\"682\" src=\"https:\/\/futbolbezbarier.pl\/wp-content\/uploads\/2025\/10\/3place-46-1024x682.jpg\" alt=\"\" class=\"wp-image-1948\" srcset=\"https:\/\/futbolbezbarier.pl\/wp-content\/uploads\/2025\/10\/3place-46-1024x682.jpg 1024w, https:\/\/futbolbezbarier.pl\/wp-content\/uploads\/2025\/10\/3place-46-300x200.jpg 300w, https:\/\/futbolbezbarier.pl\/wp-content\/uploads\/2025\/10\/3place-46-768x511.jpg 768w, https:\/\/futbolbezbarier.pl\/wp-content\/uploads\/2025\/10\/3place-46-1536x1022.jpg 1536w, https:\/\/futbolbezbarier.pl\/wp-content\/uploads\/2025\/10\/3place-46-930x620.jpg 930w, https:\/\/futbolbezbarier.pl\/wp-content\/uploads\/2025\/10\/3place-46.jpg 2048w\" sizes=\"(max-width: 1024px) 100vw, 1024px\" \/><\/figure>\n\n\n\n<p>W grupie Remington mieli\u015bmy thriller:&nbsp;<strong>FC Barcelona vs UKS Lasotczak P\u0142ock<\/strong>. Mecz zako\u0144czy\u0142 si\u0119 remisem 3:3, a o wszystkim zdecydowa\u0142y rzuty karne. I w\u0142a\u015bnie tam narodzi\u0142 si\u0119 nowy bohater &#8211;&nbsp;<strong>Konrad Jaworski<\/strong>, bramkarz z P\u0142ocka, kt\u00f3ry tu\u017c przed turniejem wskoczy\u0142 do sk\u0142adu i&#8230; wybroni\u0142 dwa karne.<br>Dzi\u0119ki niemu&nbsp;<strong>Lasotczak<\/strong>&nbsp;m\u00f3g\u0142 \u015bwi\u0119towa\u0107 trzecie miejsce i zwyci\u0119stwo nad mark\u0105, kt\u00f3ra ma w herbie s\u0142ynne bordowo-granatowe pasy.<\/p>\n\n\n\n<figure class=\"wp-block-image size-large\"><img loading=\"lazy\" decoding=\"async\" width=\"1024\" height=\"682\" src=\"https:\/\/futbolbezbarier.pl\/wp-content\/uploads\/2025\/10\/3place-102-1024x682.jpg\" alt=\"\" class=\"wp-image-1949\" srcset=\"https:\/\/futbolbezbarier.pl\/wp-content\/uploads\/2025\/10\/3place-102-1024x682.jpg 1024w, https:\/\/futbolbezbarier.pl\/wp-content\/uploads\/2025\/10\/3place-102-300x200.jpg 300w, https:\/\/futbolbezbarier.pl\/wp-content\/uploads\/2025\/10\/3place-102-768x511.jpg 768w, https:\/\/futbolbezbarier.pl\/wp-content\/uploads\/2025\/10\/3place-102-1536x1022.jpg 1536w, https:\/\/futbolbezbarier.pl\/wp-content\/uploads\/2025\/10\/3place-102-930x620.jpg 930w, https:\/\/futbolbezbarier.pl\/wp-content\/uploads\/2025\/10\/3place-102.jpg 2048w\" sizes=\"(max-width: 1024px) 100vw, 1024px\" \/><\/figure>\n\n\n\n<h3 class=\"wp-block-heading\"><strong>Fina\u0142y &#8211; tam, gdzie marzenia spotykaj\u0105 si\u0119 z rzeczywisto\u015bci\u0105<\/strong><\/h3>\n\n\n\n<p>W sobotnie po\u0142udnie atmosfera w Wi\u015ble by\u0142a jak przed fina\u0142em Ligi Mistrz\u00f3w. Transparenty, muzyka, emocje, flagi i ten dreszcz oczekiwania, kt\u00f3ry czuje si\u0119 w powietrzu, zanim padnie pierwszy gwizdek. Ale tu nikt nie my\u015bla\u0142 o pieni\u0105dzach, transferach i klauzulach. Tu chodzi\u0142o o&nbsp;<strong>honor, pasj\u0119 i dow\u00f3d, \u017ce futbol bez barier to co\u015b, co mo\u017ce poruszy\u0107 nawet najtwardsze serca<\/strong>.<\/p>\n\n\n\n<figure class=\"wp-block-image size-large\"><img loading=\"lazy\" decoding=\"async\" width=\"1024\" height=\"682\" src=\"https:\/\/futbolbezbarier.pl\/wp-content\/uploads\/2025\/10\/3place-207-1024x682.jpg\" alt=\"\" class=\"wp-image-1950\" srcset=\"https:\/\/futbolbezbarier.pl\/wp-content\/uploads\/2025\/10\/3place-207-1024x682.jpg 1024w, https:\/\/futbolbezbarier.pl\/wp-content\/uploads\/2025\/10\/3place-207-300x200.jpg 300w, https:\/\/futbolbezbarier.pl\/wp-content\/uploads\/2025\/10\/3place-207-768x511.jpg 768w, https:\/\/futbolbezbarier.pl\/wp-content\/uploads\/2025\/10\/3place-207-1536x1022.jpg 1536w, https:\/\/futbolbezbarier.pl\/wp-content\/uploads\/2025\/10\/3place-207-930x620.jpg 930w, https:\/\/futbolbezbarier.pl\/wp-content\/uploads\/2025\/10\/3place-207.jpg 2048w\" sizes=\"(max-width: 1024px) 100vw, 1024px\" \/><\/figure>\n\n\n\n<h3 class=\"wp-block-heading\"><strong>Fina\u0142 grupy R-GOL &#8211; ukrai\u0144ska maszyna<\/strong><\/h3>\n\n\n\n<p>W finale drabinki R-GOL spotka\u0142y si\u0119&nbsp;<strong>Special Olympics Ukraine<\/strong>&nbsp;i&nbsp;<strong>Special Power Croatia<\/strong>.<br>Z jednej strony dojrza\u0142o\u015b\u0107, z drugiej m\u0142odo\u015b\u0107 i entuzjazm. Jednak to Ukrai\u0144cy zagrali jak prawdziwi mistrzowie. Wygrali&nbsp;<strong>9:2<\/strong>, graj\u0105c futbol tak nowoczesny, \u017ce momentami przypomina\u0142 pressing Liverpoolu z najlepszych lat Kloppa. Bohdan Antoniuk i Mikhailo Raskho robili r\u00f3\u017cnic\u0119, a ka\u017cda ich akcja pachnia\u0142a golem.<\/p>\n\n\n\n<figure class=\"wp-block-image size-large\"><img loading=\"lazy\" decoding=\"async\" width=\"1024\" height=\"682\" src=\"https:\/\/futbolbezbarier.pl\/wp-content\/uploads\/2025\/10\/3place-147-1024x682.jpg\" alt=\"\" class=\"wp-image-1951\" srcset=\"https:\/\/futbolbezbarier.pl\/wp-content\/uploads\/2025\/10\/3place-147-1024x682.jpg 1024w, https:\/\/futbolbezbarier.pl\/wp-content\/uploads\/2025\/10\/3place-147-300x200.jpg 300w, https:\/\/futbolbezbarier.pl\/wp-content\/uploads\/2025\/10\/3place-147-768x511.jpg 768w, https:\/\/futbolbezbarier.pl\/wp-content\/uploads\/2025\/10\/3place-147-1536x1022.jpg 1536w, https:\/\/futbolbezbarier.pl\/wp-content\/uploads\/2025\/10\/3place-147-930x620.jpg 930w, https:\/\/futbolbezbarier.pl\/wp-content\/uploads\/2025\/10\/3place-147.jpg 2048w\" sizes=\"(max-width: 1024px) 100vw, 1024px\" \/><\/figure>\n\n\n\n<p>Ale Chorwaci nie przyjechali tu si\u0119 podda\u0107. To najm\u0142odszy zesp\u00f3\u0142 turnieju, z\u0142o\u017cony z zawodnik\u00f3w, kt\u00f3rzy dopiero zaczynaj\u0105 swoj\u0105 pi\u0142karsk\u0105 przygod\u0119. Mimo r\u00f3\u017cnicy wieku i do\u015bwiadczenia pokazali charakter, kt\u00f3ry wzbudzi\u0142 szacunek wszystkich. Kiedy po ostatnim gwizdku padli na muraw\u0119 &#8211; zm\u0119czeni, ale u\u015bmiechni\u0119ci &#8211; dostali owacj\u0119 na stoj\u0105co. I s\u0142usznie.<\/p>\n\n\n\n<figure class=\"wp-block-image size-large\"><img loading=\"lazy\" decoding=\"async\" width=\"1024\" height=\"682\" src=\"https:\/\/futbolbezbarier.pl\/wp-content\/uploads\/2025\/10\/3place-149-1024x682.jpg\" alt=\"\" class=\"wp-image-1952\" srcset=\"https:\/\/futbolbezbarier.pl\/wp-content\/uploads\/2025\/10\/3place-149-1024x682.jpg 1024w, https:\/\/futbolbezbarier.pl\/wp-content\/uploads\/2025\/10\/3place-149-300x200.jpg 300w, https:\/\/futbolbezbarier.pl\/wp-content\/uploads\/2025\/10\/3place-149-768x511.jpg 768w, https:\/\/futbolbezbarier.pl\/wp-content\/uploads\/2025\/10\/3place-149-1536x1022.jpg 1536w, https:\/\/futbolbezbarier.pl\/wp-content\/uploads\/2025\/10\/3place-149-930x620.jpg 930w, https:\/\/futbolbezbarier.pl\/wp-content\/uploads\/2025\/10\/3place-149.jpg 2048w\" sizes=\"(max-width: 1024px) 100vw, 1024px\" \/><\/figure>\n\n\n\n<h3 class=\"wp-block-heading\"><strong>Fina\u0142 grupy Remington &#8211; mecz, na kt\u00f3ry czeka\u0142a ca\u0142a Europa<\/strong> Bez Barier<\/h3>\n\n\n\n<p>Na ten mecz czeka\u0142 ka\u017cdy.&nbsp;<strong>WKS \u015al\u0105sk Futbol Bez Barier<\/strong>&nbsp;kontra&nbsp;<strong>Insuperabili (W\u0142ochy)<\/strong>.<br>Polska kontra W\u0142ochy. Dyscyplina kontra technika. Si\u0142a kontra finezja. To mia\u0142 by\u0107 fina\u0142 marze\u0144. I by\u0142.<\/p>\n\n\n\n<p>\u015al\u0105sk wyszed\u0142 pewny siebie, z ogniem w oczach, ale W\u0142osi to zesp\u00f3\u0142, kt\u00f3ry potrafi cierpliwie czeka\u0107. Ich gra to jak dobrze napisany scenariusz &#8211; powoli buduj\u0105 napi\u0119cie, \u017ceby potem uderzy\u0107 w odpowiednim momencie.<\/p>\n\n\n\n<figure class=\"wp-block-image size-large\"><img loading=\"lazy\" decoding=\"async\" width=\"1024\" height=\"682\" src=\"https:\/\/futbolbezbarier.pl\/wp-content\/uploads\/2025\/10\/3place-178-1024x682.jpg\" alt=\"\" class=\"wp-image-1953\" srcset=\"https:\/\/futbolbezbarier.pl\/wp-content\/uploads\/2025\/10\/3place-178-1024x682.jpg 1024w, https:\/\/futbolbezbarier.pl\/wp-content\/uploads\/2025\/10\/3place-178-300x200.jpg 300w, https:\/\/futbolbezbarier.pl\/wp-content\/uploads\/2025\/10\/3place-178-768x511.jpg 768w, https:\/\/futbolbezbarier.pl\/wp-content\/uploads\/2025\/10\/3place-178-1536x1022.jpg 1536w, https:\/\/futbolbezbarier.pl\/wp-content\/uploads\/2025\/10\/3place-178-930x620.jpg 930w, https:\/\/futbolbezbarier.pl\/wp-content\/uploads\/2025\/10\/3place-178.jpg 2048w\" sizes=\"(max-width: 1024px) 100vw, 1024px\" \/><\/figure>\n\n\n\n<p>I uderzyli. <strong>Insuperabili wygrali 3:1<\/strong>, zdobywaj\u0105c tytu\u0142 mistrz\u00f3w&nbsp;<strong>No Barriers Champions League 2025<\/strong>.<br>By\u0142 to triumf do\u015bwiadczenia i konsekwencji. Kiedy kapitan w\u0142oskiej ekipy &#8211; Abdoulie Jallow &#8211; podnosi\u0142 trofeum, a ca\u0142a dru\u017cyna \u015bpiewa\u0142a z przeszywaj\u0105c\u0105&nbsp;dum\u0105, to oczy zaszkli\u0142y si\u0119 niejednemu kibicowi na trybunach.<\/p>\n\n\n\n<figure class=\"wp-block-image size-large\"><img loading=\"lazy\" decoding=\"async\" width=\"1024\" height=\"682\" src=\"https:\/\/futbolbezbarier.pl\/wp-content\/uploads\/2025\/10\/3place-222-1024x682.jpg\" alt=\"\" class=\"wp-image-1954\" srcset=\"https:\/\/futbolbezbarier.pl\/wp-content\/uploads\/2025\/10\/3place-222-1024x682.jpg 1024w, https:\/\/futbolbezbarier.pl\/wp-content\/uploads\/2025\/10\/3place-222-300x200.jpg 300w, https:\/\/futbolbezbarier.pl\/wp-content\/uploads\/2025\/10\/3place-222-768x511.jpg 768w, https:\/\/futbolbezbarier.pl\/wp-content\/uploads\/2025\/10\/3place-222-1536x1022.jpg 1536w, https:\/\/futbolbezbarier.pl\/wp-content\/uploads\/2025\/10\/3place-222-930x620.jpg 930w, https:\/\/futbolbezbarier.pl\/wp-content\/uploads\/2025\/10\/3place-222.jpg 2048w\" sizes=\"(max-width: 1024px) 100vw, 1024px\" \/><\/figure>\n\n\n\n<h2 class=\"wp-block-heading\"><strong>Ceremonia zako\u0144czenia &#8211; z\u0142ote puchary i szczere emocje<\/strong><\/h2>\n\n\n\n<p>Ceremonia dekoracji by\u0142a jak pi\u0119kny epilog filmu, kt\u00f3ry wszyscy chcieliby jeszcze ogl\u0105da\u0107.<strong> Ka\u017cda dru\u017cyna otrzyma\u0142a sw\u00f3j z\u0142oty puchar<\/strong>, bo ka\u017cda by\u0142a mentalnym zwyci\u0119zc\u0105. Ka\u017cdy zawodnik dosta\u0142 medal, a kiedy b\u0142yszcza\u0142y w s\u0142o\u0144cu, wygl\u0105da\u0142y jak symbole czego\u015b wi\u0119kszego ni\u017c zwyk\u0142a rywalizacja.<\/p>\n\n\n\n<figure class=\"wp-block-image size-large\"><img loading=\"lazy\" decoding=\"async\" width=\"1024\" height=\"682\" src=\"https:\/\/futbolbezbarier.pl\/wp-content\/uploads\/2025\/10\/3place-56-1024x682.jpg\" alt=\"\" class=\"wp-image-1955\" srcset=\"https:\/\/futbolbezbarier.pl\/wp-content\/uploads\/2025\/10\/3place-56-1024x682.jpg 1024w, https:\/\/futbolbezbarier.pl\/wp-content\/uploads\/2025\/10\/3place-56-300x200.jpg 300w, https:\/\/futbolbezbarier.pl\/wp-content\/uploads\/2025\/10\/3place-56-768x511.jpg 768w, https:\/\/futbolbezbarier.pl\/wp-content\/uploads\/2025\/10\/3place-56-1536x1022.jpg 1536w, https:\/\/futbolbezbarier.pl\/wp-content\/uploads\/2025\/10\/3place-56-930x620.jpg 930w, https:\/\/futbolbezbarier.pl\/wp-content\/uploads\/2025\/10\/3place-56.jpg 2048w\" sizes=\"(max-width: 1024px) 100vw, 1024px\" \/><\/figure>\n\n\n\n<p>Bo to nie wynik by\u0142 tu najwa\u017cniejszy. Najwa\u017cniejsze by\u0142o to, \u017ce ci wyj\u0105tkowi ludzie &#8211; zawodnicy z niepe\u0142nosprawno\u015bciami &#8211; mogli poczu\u0107 smak wielkiej areny. Mogli zagra\u0107 w turnieju, kt\u00f3ry wygl\u0105da\u0142 i brzmia\u0142 jak Liga Mistrz\u00f3w. Mogli spe\u0142nia\u0107 swoje marzenia i pokazywa\u0107, \u017ce&nbsp;<strong>w idealnym \u015bwiecie barier po prostu nie ma<\/strong>.<\/p>\n\n\n\n<figure class=\"wp-block-image size-large\"><img loading=\"lazy\" decoding=\"async\" width=\"1024\" height=\"682\" src=\"https:\/\/futbolbezbarier.pl\/wp-content\/uploads\/2025\/10\/3place-119-1024x682.jpg\" alt=\"\" class=\"wp-image-1956\" srcset=\"https:\/\/futbolbezbarier.pl\/wp-content\/uploads\/2025\/10\/3place-119-1024x682.jpg 1024w, https:\/\/futbolbezbarier.pl\/wp-content\/uploads\/2025\/10\/3place-119-300x200.jpg 300w, https:\/\/futbolbezbarier.pl\/wp-content\/uploads\/2025\/10\/3place-119-768x511.jpg 768w, https:\/\/futbolbezbarier.pl\/wp-content\/uploads\/2025\/10\/3place-119-1536x1022.jpg 1536w, https:\/\/futbolbezbarier.pl\/wp-content\/uploads\/2025\/10\/3place-119-930x620.jpg 930w, https:\/\/futbolbezbarier.pl\/wp-content\/uploads\/2025\/10\/3place-119.jpg 2048w\" sizes=\"(max-width: 1024px) 100vw, 1024px\" \/><\/figure>\n\n\n\n<p>To, co wydarzy\u0142o si\u0119 w Wi\u015ble, by\u0142o dowodem na to, \u017ce futbol potrafi \u0142\u0105czy\u0107 ludzi silniej ni\u017c jakikolwiek j\u0119zyk. Dowodem na to, \u017ce w futbolu inkluzywnym nie chodzi o wsp\u00f3\u0142czucie &#8211; chodzi o&nbsp;<strong>szacunek<\/strong>.<\/p>\n\n\n\n<h3 class=\"wp-block-heading\"><strong>Wdzi\u0119czno\u015b\u0107, kt\u00f3ra ma twarz ka\u017cdego z nich<\/strong><\/h3>\n\n\n\n<p>Za sukcesem No Barriers Champions League stoi co\u015b wi\u0119cej ni\u017c organizacja, logistyka i pi\u0142karska pasja. Stoi&nbsp;<strong>ludzka dobro\u0107<\/strong>. Bez niej nie by\u0142oby ani tej atmosfery, ani tych emocji, ani tych u\u015bmiech\u00f3w po ko\u0144cowym gwizdku. Nie by\u0142oby turnieju bez tych, kt\u00f3rzy uwierzyli, \u017ce&nbsp;<strong>warto inwestowa\u0107 w sport, kt\u00f3ry nie zna granic<\/strong>. Dlatego s\u0142owa wdzi\u0119czno\u015bci nale\u017c\u0105 si\u0119 naszym partnerom i patronom:<\/p>\n\n\n\n<figure class=\"wp-block-image size-large\"><img loading=\"lazy\" decoding=\"async\" width=\"1024\" height=\"682\" src=\"https:\/\/futbolbezbarier.pl\/wp-content\/uploads\/2025\/10\/MONDAY22-54-1024x682.jpg\" alt=\"\" class=\"wp-image-1957\" srcset=\"https:\/\/futbolbezbarier.pl\/wp-content\/uploads\/2025\/10\/MONDAY22-54-1024x682.jpg 1024w, https:\/\/futbolbezbarier.pl\/wp-content\/uploads\/2025\/10\/MONDAY22-54-300x200.jpg 300w, https:\/\/futbolbezbarier.pl\/wp-content\/uploads\/2025\/10\/MONDAY22-54-768x511.jpg 768w, https:\/\/futbolbezbarier.pl\/wp-content\/uploads\/2025\/10\/MONDAY22-54-1536x1022.jpg 1536w, https:\/\/futbolbezbarier.pl\/wp-content\/uploads\/2025\/10\/MONDAY22-54-930x620.jpg 930w, https:\/\/futbolbezbarier.pl\/wp-content\/uploads\/2025\/10\/MONDAY22-54.jpg 2048w\" sizes=\"(max-width: 1024px) 100vw, 1024px\" \/><\/figure>\n\n\n\n<p><strong>Pa\u0144stwowemu Funduszowi Rehabilitacji Os\u00f3b Niepe\u0142nosprawnych<\/strong>, <strong>Ministerstwu Sportu i Turystyki<\/strong>, <strong>Remingtonowi<\/strong>, <strong>R-GOL.com<\/strong> oraz&nbsp;<strong>Straganowi Zdrowia<\/strong>. To nie by\u0142y puste gesty. To by\u0142a realna obecno\u015b\u0107, kt\u00f3ra sprawi\u0142a, \u017ce przez ca\u0142y tydzie\u0144 uczestnicy mogli poczu\u0107 si\u0119 jak profesjonali\u015bci. Bo w\u0142a\u015bnie o to chodzi w tym turnieju &#8211;&nbsp;<strong>\u017ceby ka\u017cdy m\u00f3g\u0142 zagra\u0107 jak mistrz i poczu\u0107 si\u0119 jak mistrz<\/strong>.<\/p>\n\n\n\n<h3 class=\"wp-block-heading\"><strong>Futbol bez barier &#8211; misja, kt\u00f3ra trwa<\/strong><\/h3>\n\n\n\n<p>By\u0142y \u0142zy wzruszenia, u\u015bciski, wsp\u00f3lne zdj\u0119cia i obietnice: \u201eza rok zn\u00f3w tu b\u0119dziemy\u201d. Ta historia si\u0119 nie ko\u0144czy &#8211; to dopiero pocz\u0105tek.<\/p>\n\n\n\n<figure class=\"wp-block-image size-large\"><img loading=\"lazy\" decoding=\"async\" width=\"1024\" height=\"682\" src=\"https:\/\/futbolbezbarier.pl\/wp-content\/uploads\/2025\/10\/MONDAY22-13-1024x682.jpg\" alt=\"\" class=\"wp-image-1958\" srcset=\"https:\/\/futbolbezbarier.pl\/wp-content\/uploads\/2025\/10\/MONDAY22-13-1024x682.jpg 1024w, https:\/\/futbolbezbarier.pl\/wp-content\/uploads\/2025\/10\/MONDAY22-13-300x200.jpg 300w, https:\/\/futbolbezbarier.pl\/wp-content\/uploads\/2025\/10\/MONDAY22-13-768x511.jpg 768w, https:\/\/futbolbezbarier.pl\/wp-content\/uploads\/2025\/10\/MONDAY22-13-1536x1022.jpg 1536w, https:\/\/futbolbezbarier.pl\/wp-content\/uploads\/2025\/10\/MONDAY22-13-930x620.jpg 930w, https:\/\/futbolbezbarier.pl\/wp-content\/uploads\/2025\/10\/MONDAY22-13.jpg 2048w\" sizes=\"(max-width: 1024px) 100vw, 1024px\" \/><\/figure>\n\n\n\n<p>No Barriers Champions League 2025 przechodzi do historii jako turniej, kt\u00f3ry udowodni\u0142, \u017ce sport inkluzywny mo\u017ce by\u0107 wielki &#8211; w skali, emocjach i znaczeniu. Nie trzeba stadion\u00f3w na 60 tysi\u0119cy, \u017ceby czu\u0107 magi\u0119. Czasem wystarczy wi\u015bla\u0144ska murawa, kilkaset u\u015bmiech\u00f3w i serca, kt\u00f3re bij\u0105 w jednym rytmie.<\/p>\n\n\n\n<figure class=\"wp-block-image size-large\"><img loading=\"lazy\" decoding=\"async\" width=\"1024\" height=\"682\" src=\"https:\/\/futbolbezbarier.pl\/wp-content\/uploads\/2025\/10\/Thursday25-120-1024x682.jpg\" alt=\"\" class=\"wp-image-1959\" srcset=\"https:\/\/futbolbezbarier.pl\/wp-content\/uploads\/2025\/10\/Thursday25-120-1024x682.jpg 1024w, https:\/\/futbolbezbarier.pl\/wp-content\/uploads\/2025\/10\/Thursday25-120-300x200.jpg 300w, https:\/\/futbolbezbarier.pl\/wp-content\/uploads\/2025\/10\/Thursday25-120-768x511.jpg 768w, https:\/\/futbolbezbarier.pl\/wp-content\/uploads\/2025\/10\/Thursday25-120-1536x1022.jpg 1536w, https:\/\/futbolbezbarier.pl\/wp-content\/uploads\/2025\/10\/Thursday25-120-930x620.jpg 930w, https:\/\/futbolbezbarier.pl\/wp-content\/uploads\/2025\/10\/Thursday25-120.jpg 2048w\" sizes=\"(max-width: 1024px) 100vw, 1024px\" \/><\/figure>\n\n\n\n<p>I za rok zn\u00f3w zagramy. Dla nas. Dla Was.<\/p>\n","protected":false},"excerpt":{"rendered":"<p>Zwykle, kiedy m\u00f3wimy \u201eLiga Mistrz\u00f3w\u201d, wyobra\u017camy sobie stadion pe\u0142en \u015bwiate\u0142, b\u0142ysk fleszy, miliony widz\u00f3w przed telewizorami i pi\u0142karzy, kt\u00f3rzy maj\u0105 wpisane w DNA wygrywanie. Jednak w Wi\u015ble, a konkretnie w O\u015brodku Przygotowa\u0144 Paraolimpijskich Start, wydarzy\u0142o si\u0119 co\u015b, co mo\u017cna nazwa\u0107&nbsp;Lig\u0105 Mistrz\u00f3w ludzkich emocji. Kiedy na muraw\u0119 wychodz\u0105 zawodnicy z niepe\u0142nosprawno\u015bciami z sze\u015bciu kraj\u00f3w, ubrani w&hellip;&nbsp;<a href=\"https:\/\/futbolbezbarier.pl\/index.php\/2025\/10\/07\/no-barriers-champions-league-2025-futbol-ktory-nie-zna-granic\/\" rel=\"bookmark\">Dowiedz si\u0119 wi\u0119cej &raquo;<span class=\"screen-reader-text\">No Barriers Champions League 2025 &#8211; podsumowanie<\/span><\/a><\/p>\n","protected":false},"author":5,"featured_media":1963,"comment_status":"closed","ping_status":"open","sticky":false,"template":"","format":"standard","meta":{"_monsterinsights_skip_tracking":false,"_monsterinsights_sitenote_active":false,"_monsterinsights_sitenote_note":"","_monsterinsights_sitenote_category":0,"neve_meta_sidebar":"","neve_meta_container":"","neve_meta_enable_content_width":"","neve_meta_content_width":0,"neve_meta_title_alignment":"","neve_meta_author_avatar":"","neve_post_elements_order":"","neve_meta_disable_header":"","neve_meta_disable_footer":"","neve_meta_disable_title":"","_themeisle_gutenberg_block_has_review":false,"footnotes":""},"categories":[1],"tags":[],"class_list":["post-1923","post","type-post","status-publish","format-standard","has-post-thumbnail","hentry","category-bez-kategorii"],"yoast_head":"<!-- This site is optimized with the Yoast SEO plugin v27.5 - https:\/\/yoast.com\/product\/yoast-seo-wordpress\/ -->\n<title>No Barriers Champions League 2025 - podsumowanie - Futbol Bez Barier<\/title>\n<meta name=\"description\" content=\"No Barriers Champions League 2025 - podsumowanie przeczytaj najnowszy wpis\" \/>\n<meta name=\"robots\" content=\"index, follow, max-snippet:-1, max-image-preview:large, max-video-preview:-1\" \/>\n<link rel=\"canonical\" href=\"https:\/\/futbolbezbarier.pl\/index.php\/2025\/10\/07\/no-barriers-champions-league-2025-futbol-ktory-nie-zna-granic\/\" \/>\n<meta property=\"og:locale\" content=\"pl_PL\" \/>\n<meta property=\"og:type\" content=\"article\" \/>\n<meta property=\"og:title\" content=\"No Barriers Champions League 2025 - podsumowanie - Futbol Bez Barier\" \/>\n<meta property=\"og:description\" content=\"No Barriers Champions League 2025 - podsumowanie przeczytaj najnowszy wpis\" \/>\n<meta property=\"og:url\" content=\"https:\/\/futbolbezbarier.pl\/index.php\/2025\/10\/07\/no-barriers-champions-league-2025-futbol-ktory-nie-zna-granic\/\" \/>\n<meta property=\"og:site_name\" content=\"Futbol Bez Barier\" \/>\n<meta property=\"article:publisher\" content=\"https:\/\/www.facebook.com\/FutbollBezBarier\/\" \/>\n<meta property=\"article:published_time\" content=\"2025-10-07T01:17:12+00:00\" \/>\n<meta property=\"article:modified_time\" content=\"2025-10-07T01:45:17+00:00\" \/>\n<meta property=\"og:image\" content=\"https:\/\/futbolbezbarier.pl\/wp-content\/uploads\/2025\/10\/3place-212.jpg\" \/>\n\t<meta property=\"og:image:width\" content=\"2048\" \/>\n\t<meta property=\"og:image:height\" content=\"1363\" \/>\n\t<meta property=\"og:image:type\" content=\"image\/jpeg\" \/>\n<meta name=\"author\" content=\"Dominik Kulas\" \/>\n<meta name=\"twitter:card\" content=\"summary_large_image\" \/>\n<meta name=\"twitter:label1\" content=\"Napisane przez\" \/>\n\t<meta name=\"twitter:data1\" content=\"Dominik Kulas\" \/>\n\t<meta name=\"twitter:label2\" content=\"Szacowany czas czytania\" \/>\n\t<meta name=\"twitter:data2\" content=\"17 minut\" \/>\n<script type=\"application\/ld+json\" class=\"yoast-schema-graph\">{\"@context\":\"https:\\\/\\\/schema.org\",\"@graph\":[{\"@type\":\"Article\",\"@id\":\"https:\\\/\\\/futbolbezbarier.pl\\\/index.php\\\/2025\\\/10\\\/07\\\/no-barriers-champions-league-2025-futbol-ktory-nie-zna-granic\\\/#article\",\"isPartOf\":{\"@id\":\"https:\\\/\\\/futbolbezbarier.pl\\\/index.php\\\/2025\\\/10\\\/07\\\/no-barriers-champions-league-2025-futbol-ktory-nie-zna-granic\\\/\"},\"author\":{\"name\":\"Dominik Kulas\",\"@id\":\"https:\\\/\\\/futbolbezbarier.pl\\\/#\\\/schema\\\/person\\\/ee39f11483afba346f1bc0e0bdb12675\"},\"headline\":\"No Barriers Champions League 2025 &#8211; podsumowanie\",\"datePublished\":\"2025-10-07T01:17:12+00:00\",\"dateModified\":\"2025-10-07T01:45:17+00:00\",\"mainEntityOfPage\":{\"@id\":\"https:\\\/\\\/futbolbezbarier.pl\\\/index.php\\\/2025\\\/10\\\/07\\\/no-barriers-champions-league-2025-futbol-ktory-nie-zna-granic\\\/\"},\"wordCount\":2185,\"publisher\":{\"@id\":\"https:\\\/\\\/futbolbezbarier.pl\\\/#organization\"},\"image\":{\"@id\":\"https:\\\/\\\/futbolbezbarier.pl\\\/index.php\\\/2025\\\/10\\\/07\\\/no-barriers-champions-league-2025-futbol-ktory-nie-zna-granic\\\/#primaryimage\"},\"thumbnailUrl\":\"https:\\\/\\\/futbolbezbarier.pl\\\/wp-content\\\/uploads\\\/2025\\\/10\\\/3place-212.jpg\",\"inLanguage\":\"pl-PL\"},{\"@type\":\"WebPage\",\"@id\":\"https:\\\/\\\/futbolbezbarier.pl\\\/index.php\\\/2025\\\/10\\\/07\\\/no-barriers-champions-league-2025-futbol-ktory-nie-zna-granic\\\/\",\"url\":\"https:\\\/\\\/futbolbezbarier.pl\\\/index.php\\\/2025\\\/10\\\/07\\\/no-barriers-champions-league-2025-futbol-ktory-nie-zna-granic\\\/\",\"name\":\"No Barriers Champions League 2025 - podsumowanie - Futbol Bez Barier\",\"isPartOf\":{\"@id\":\"https:\\\/\\\/futbolbezbarier.pl\\\/#website\"},\"primaryImageOfPage\":{\"@id\":\"https:\\\/\\\/futbolbezbarier.pl\\\/index.php\\\/2025\\\/10\\\/07\\\/no-barriers-champions-league-2025-futbol-ktory-nie-zna-granic\\\/#primaryimage\"},\"image\":{\"@id\":\"https:\\\/\\\/futbolbezbarier.pl\\\/index.php\\\/2025\\\/10\\\/07\\\/no-barriers-champions-league-2025-futbol-ktory-nie-zna-granic\\\/#primaryimage\"},\"thumbnailUrl\":\"https:\\\/\\\/futbolbezbarier.pl\\\/wp-content\\\/uploads\\\/2025\\\/10\\\/3place-212.jpg\",\"datePublished\":\"2025-10-07T01:17:12+00:00\",\"dateModified\":\"2025-10-07T01:45:17+00:00\",\"description\":\"No Barriers Champions League 2025 - podsumowanie przeczytaj najnowszy wpis\",\"breadcrumb\":{\"@id\":\"https:\\\/\\\/futbolbezbarier.pl\\\/index.php\\\/2025\\\/10\\\/07\\\/no-barriers-champions-league-2025-futbol-ktory-nie-zna-granic\\\/#breadcrumb\"},\"inLanguage\":\"pl-PL\",\"potentialAction\":[{\"@type\":\"ReadAction\",\"target\":[\"https:\\\/\\\/futbolbezbarier.pl\\\/index.php\\\/2025\\\/10\\\/07\\\/no-barriers-champions-league-2025-futbol-ktory-nie-zna-granic\\\/\"]}]},{\"@type\":\"ImageObject\",\"inLanguage\":\"pl-PL\",\"@id\":\"https:\\\/\\\/futbolbezbarier.pl\\\/index.php\\\/2025\\\/10\\\/07\\\/no-barriers-champions-league-2025-futbol-ktory-nie-zna-granic\\\/#primaryimage\",\"url\":\"https:\\\/\\\/futbolbezbarier.pl\\\/wp-content\\\/uploads\\\/2025\\\/10\\\/3place-212.jpg\",\"contentUrl\":\"https:\\\/\\\/futbolbezbarier.pl\\\/wp-content\\\/uploads\\\/2025\\\/10\\\/3place-212.jpg\",\"width\":2048,\"height\":1363},{\"@type\":\"BreadcrumbList\",\"@id\":\"https:\\\/\\\/futbolbezbarier.pl\\\/index.php\\\/2025\\\/10\\\/07\\\/no-barriers-champions-league-2025-futbol-ktory-nie-zna-granic\\\/#breadcrumb\",\"itemListElement\":[{\"@type\":\"ListItem\",\"position\":1,\"name\":\"Home\",\"item\":\"https:\\\/\\\/futbolbezbarier.pl\\\/\"},{\"@type\":\"ListItem\",\"position\":2,\"name\":\"No Barriers Champions League 2025 &#8211; podsumowanie\"}]},{\"@type\":\"WebSite\",\"@id\":\"https:\\\/\\\/futbolbezbarier.pl\\\/#website\",\"url\":\"https:\\\/\\\/futbolbezbarier.pl\\\/\",\"name\":\"Futbol Bez Barier\",\"description\":\"Pi\u0142ka no\u017cna dla os\u00f3b z niepe\u0142nosprawno\u015bciami\",\"publisher\":{\"@id\":\"https:\\\/\\\/futbolbezbarier.pl\\\/#organization\"},\"potentialAction\":[{\"@type\":\"SearchAction\",\"target\":{\"@type\":\"EntryPoint\",\"urlTemplate\":\"https:\\\/\\\/futbolbezbarier.pl\\\/?s={search_term_string}\"},\"query-input\":{\"@type\":\"PropertyValueSpecification\",\"valueRequired\":true,\"valueName\":\"search_term_string\"}}],\"inLanguage\":\"pl-PL\"},{\"@type\":\"Organization\",\"@id\":\"https:\\\/\\\/futbolbezbarier.pl\\\/#organization\",\"name\":\"Futbol Bez Barier\",\"url\":\"https:\\\/\\\/futbolbezbarier.pl\\\/\",\"logo\":{\"@type\":\"ImageObject\",\"inLanguage\":\"pl-PL\",\"@id\":\"https:\\\/\\\/futbolbezbarier.pl\\\/#\\\/schema\\\/logo\\\/image\\\/\",\"url\":\"https:\\\/\\\/futbolbezbarier.pl\\\/wp-content\\\/uploads\\\/2025\\\/02\\\/Projekt-bez-nazwy-20.png\",\"contentUrl\":\"https:\\\/\\\/futbolbezbarier.pl\\\/wp-content\\\/uploads\\\/2025\\\/02\\\/Projekt-bez-nazwy-20.png\",\"width\":940,\"height\":788,\"caption\":\"Futbol Bez Barier\"},\"image\":{\"@id\":\"https:\\\/\\\/futbolbezbarier.pl\\\/#\\\/schema\\\/logo\\\/image\\\/\"},\"sameAs\":[\"https:\\\/\\\/www.facebook.com\\\/FutbollBezBarier\\\/\",\"https:\\\/\\\/www.youtube.com\\\/channel\\\/UCTKZn9TuPuanTWiCGnTRGGw\"]},{\"@type\":\"Person\",\"@id\":\"https:\\\/\\\/futbolbezbarier.pl\\\/#\\\/schema\\\/person\\\/ee39f11483afba346f1bc0e0bdb12675\",\"name\":\"Dominik Kulas\",\"image\":{\"@type\":\"ImageObject\",\"inLanguage\":\"pl-PL\",\"@id\":\"https:\\\/\\\/secure.gravatar.com\\\/avatar\\\/62596efe9d5e53ca0356fd019cfad73f9f05c00e58b8457c3319373147be153e?s=96&d=mm&r=g\",\"url\":\"https:\\\/\\\/secure.gravatar.com\\\/avatar\\\/62596efe9d5e53ca0356fd019cfad73f9f05c00e58b8457c3319373147be153e?s=96&d=mm&r=g\",\"contentUrl\":\"https:\\\/\\\/secure.gravatar.com\\\/avatar\\\/62596efe9d5e53ca0356fd019cfad73f9f05c00e58b8457c3319373147be153e?s=96&d=mm&r=g\",\"caption\":\"Dominik Kulas\"},\"url\":\"https:\\\/\\\/futbolbezbarier.pl\\\/index.php\\\/author\\\/dominik-k\\\/\"}]}<\/script>\n<!-- \/ Yoast SEO plugin. -->","yoast_head_json":{"title":"No Barriers Champions League 2025 - podsumowanie - Futbol Bez Barier","description":"No Barriers Champions League 2025 - podsumowanie przeczytaj najnowszy wpis","robots":{"index":"index","follow":"follow","max-snippet":"max-snippet:-1","max-image-preview":"max-image-preview:large","max-video-preview":"max-video-preview:-1"},"canonical":"https:\/\/futbolbezbarier.pl\/index.php\/2025\/10\/07\/no-barriers-champions-league-2025-futbol-ktory-nie-zna-granic\/","og_locale":"pl_PL","og_type":"article","og_title":"No Barriers Champions League 2025 - podsumowanie - Futbol Bez Barier","og_description":"No Barriers Champions League 2025 - podsumowanie przeczytaj najnowszy wpis","og_url":"https:\/\/futbolbezbarier.pl\/index.php\/2025\/10\/07\/no-barriers-champions-league-2025-futbol-ktory-nie-zna-granic\/","og_site_name":"Futbol Bez Barier","article_publisher":"https:\/\/www.facebook.com\/FutbollBezBarier\/","article_published_time":"2025-10-07T01:17:12+00:00","article_modified_time":"2025-10-07T01:45:17+00:00","og_image":[{"width":2048,"height":1363,"url":"https:\/\/futbolbezbarier.pl\/wp-content\/uploads\/2025\/10\/3place-212.jpg","type":"image\/jpeg"}],"author":"Dominik Kulas","twitter_card":"summary_large_image","twitter_misc":{"Napisane przez":"Dominik Kulas","Szacowany czas czytania":"17 minut"},"schema":{"@context":"https:\/\/schema.org","@graph":[{"@type":"Article","@id":"https:\/\/futbolbezbarier.pl\/index.php\/2025\/10\/07\/no-barriers-champions-league-2025-futbol-ktory-nie-zna-granic\/#article","isPartOf":{"@id":"https:\/\/futbolbezbarier.pl\/index.php\/2025\/10\/07\/no-barriers-champions-league-2025-futbol-ktory-nie-zna-granic\/"},"author":{"name":"Dominik Kulas","@id":"https:\/\/futbolbezbarier.pl\/#\/schema\/person\/ee39f11483afba346f1bc0e0bdb12675"},"headline":"No Barriers Champions League 2025 &#8211; podsumowanie","datePublished":"2025-10-07T01:17:12+00:00","dateModified":"2025-10-07T01:45:17+00:00","mainEntityOfPage":{"@id":"https:\/\/futbolbezbarier.pl\/index.php\/2025\/10\/07\/no-barriers-champions-league-2025-futbol-ktory-nie-zna-granic\/"},"wordCount":2185,"publisher":{"@id":"https:\/\/futbolbezbarier.pl\/#organization"},"image":{"@id":"https:\/\/futbolbezbarier.pl\/index.php\/2025\/10\/07\/no-barriers-champions-league-2025-futbol-ktory-nie-zna-granic\/#primaryimage"},"thumbnailUrl":"https:\/\/futbolbezbarier.pl\/wp-content\/uploads\/2025\/10\/3place-212.jpg","inLanguage":"pl-PL"},{"@type":"WebPage","@id":"https:\/\/futbolbezbarier.pl\/index.php\/2025\/10\/07\/no-barriers-champions-league-2025-futbol-ktory-nie-zna-granic\/","url":"https:\/\/futbolbezbarier.pl\/index.php\/2025\/10\/07\/no-barriers-champions-league-2025-futbol-ktory-nie-zna-granic\/","name":"No Barriers Champions League 2025 - podsumowanie - Futbol Bez Barier","isPartOf":{"@id":"https:\/\/futbolbezbarier.pl\/#website"},"primaryImageOfPage":{"@id":"https:\/\/futbolbezbarier.pl\/index.php\/2025\/10\/07\/no-barriers-champions-league-2025-futbol-ktory-nie-zna-granic\/#primaryimage"},"image":{"@id":"https:\/\/futbolbezbarier.pl\/index.php\/2025\/10\/07\/no-barriers-champions-league-2025-futbol-ktory-nie-zna-granic\/#primaryimage"},"thumbnailUrl":"https:\/\/futbolbezbarier.pl\/wp-content\/uploads\/2025\/10\/3place-212.jpg","datePublished":"2025-10-07T01:17:12+00:00","dateModified":"2025-10-07T01:45:17+00:00","description":"No Barriers Champions League 2025 - podsumowanie przeczytaj najnowszy wpis","breadcrumb":{"@id":"https:\/\/futbolbezbarier.pl\/index.php\/2025\/10\/07\/no-barriers-champions-league-2025-futbol-ktory-nie-zna-granic\/#breadcrumb"},"inLanguage":"pl-PL","potentialAction":[{"@type":"ReadAction","target":["https:\/\/futbolbezbarier.pl\/index.php\/2025\/10\/07\/no-barriers-champions-league-2025-futbol-ktory-nie-zna-granic\/"]}]},{"@type":"ImageObject","inLanguage":"pl-PL","@id":"https:\/\/futbolbezbarier.pl\/index.php\/2025\/10\/07\/no-barriers-champions-league-2025-futbol-ktory-nie-zna-granic\/#primaryimage","url":"https:\/\/futbolbezbarier.pl\/wp-content\/uploads\/2025\/10\/3place-212.jpg","contentUrl":"https:\/\/futbolbezbarier.pl\/wp-content\/uploads\/2025\/10\/3place-212.jpg","width":2048,"height":1363},{"@type":"BreadcrumbList","@id":"https:\/\/futbolbezbarier.pl\/index.php\/2025\/10\/07\/no-barriers-champions-league-2025-futbol-ktory-nie-zna-granic\/#breadcrumb","itemListElement":[{"@type":"ListItem","position":1,"name":"Home","item":"https:\/\/futbolbezbarier.pl\/"},{"@type":"ListItem","position":2,"name":"No Barriers Champions League 2025 &#8211; podsumowanie"}]},{"@type":"WebSite","@id":"https:\/\/futbolbezbarier.pl\/#website","url":"https:\/\/futbolbezbarier.pl\/","name":"Futbol Bez Barier","description":"Pi\u0142ka no\u017cna dla os\u00f3b z niepe\u0142nosprawno\u015bciami","publisher":{"@id":"https:\/\/futbolbezbarier.pl\/#organization"},"potentialAction":[{"@type":"SearchAction","target":{"@type":"EntryPoint","urlTemplate":"https:\/\/futbolbezbarier.pl\/?s={search_term_string}"},"query-input":{"@type":"PropertyValueSpecification","valueRequired":true,"valueName":"search_term_string"}}],"inLanguage":"pl-PL"},{"@type":"Organization","@id":"https:\/\/futbolbezbarier.pl\/#organization","name":"Futbol Bez Barier","url":"https:\/\/futbolbezbarier.pl\/","logo":{"@type":"ImageObject","inLanguage":"pl-PL","@id":"https:\/\/futbolbezbarier.pl\/#\/schema\/logo\/image\/","url":"https:\/\/futbolbezbarier.pl\/wp-content\/uploads\/2025\/02\/Projekt-bez-nazwy-20.png","contentUrl":"https:\/\/futbolbezbarier.pl\/wp-content\/uploads\/2025\/02\/Projekt-bez-nazwy-20.png","width":940,"height":788,"caption":"Futbol Bez Barier"},"image":{"@id":"https:\/\/futbolbezbarier.pl\/#\/schema\/logo\/image\/"},"sameAs":["https:\/\/www.facebook.com\/FutbollBezBarier\/","https:\/\/www.youtube.com\/channel\/UCTKZn9TuPuanTWiCGnTRGGw"]},{"@type":"Person","@id":"https:\/\/futbolbezbarier.pl\/#\/schema\/person\/ee39f11483afba346f1bc0e0bdb12675","name":"Dominik Kulas","image":{"@type":"ImageObject","inLanguage":"pl-PL","@id":"https:\/\/secure.gravatar.com\/avatar\/62596efe9d5e53ca0356fd019cfad73f9f05c00e58b8457c3319373147be153e?s=96&d=mm&r=g","url":"https:\/\/secure.gravatar.com\/avatar\/62596efe9d5e53ca0356fd019cfad73f9f05c00e58b8457c3319373147be153e?s=96&d=mm&r=g","contentUrl":"https:\/\/secure.gravatar.com\/avatar\/62596efe9d5e53ca0356fd019cfad73f9f05c00e58b8457c3319373147be153e?s=96&d=mm&r=g","caption":"Dominik Kulas"},"url":"https:\/\/futbolbezbarier.pl\/index.php\/author\/dominik-k\/"}]}},"_links":{"self":[{"href":"https:\/\/futbolbezbarier.pl\/index.php\/wp-json\/wp\/v2\/posts\/1923","targetHints":{"allow":["GET"]}}],"collection":[{"href":"https:\/\/futbolbezbarier.pl\/index.php\/wp-json\/wp\/v2\/posts"}],"about":[{"href":"https:\/\/futbolbezbarier.pl\/index.php\/wp-json\/wp\/v2\/types\/post"}],"author":[{"embeddable":true,"href":"https:\/\/futbolbezbarier.pl\/index.php\/wp-json\/wp\/v2\/users\/5"}],"replies":[{"embeddable":true,"href":"https:\/\/futbolbezbarier.pl\/index.php\/wp-json\/wp\/v2\/comments?post=1923"}],"version-history":[{"count":5,"href":"https:\/\/futbolbezbarier.pl\/index.php\/wp-json\/wp\/v2\/posts\/1923\/revisions"}],"predecessor-version":[{"id":1972,"href":"https:\/\/futbolbezbarier.pl\/index.php\/wp-json\/wp\/v2\/posts\/1923\/revisions\/1972"}],"wp:featuredmedia":[{"embeddable":true,"href":"https:\/\/futbolbezbarier.pl\/index.php\/wp-json\/wp\/v2\/media\/1963"}],"wp:attachment":[{"href":"https:\/\/futbolbezbarier.pl\/index.php\/wp-json\/wp\/v2\/media?parent=1923"}],"wp:term":[{"taxonomy":"category","embeddable":true,"href":"https:\/\/futbolbezbarier.pl\/index.php\/wp-json\/wp\/v2\/categories?post=1923"},{"taxonomy":"post_tag","embeddable":true,"href":"https:\/\/futbolbezbarier.pl\/index.php\/wp-json\/wp\/v2\/tags?post=1923"}],"curies":[{"name":"wp","href":"https:\/\/api.w.org\/{rel}","templated":true}]}}