{"id":2064,"date":"2025-12-17T17:39:11","date_gmt":"2025-12-17T16:39:11","guid":{"rendered":"https:\/\/futbolbezbarier.pl\/?p=2064"},"modified":"2025-12-18T20:53:12","modified_gmt":"2025-12-18T19:53:12","slug":"sezon-2025-futsalu-bez-barier-dobiegl-konca","status":"publish","type":"post","link":"https:\/\/futbolbezbarier.pl\/index.php\/2025\/12\/17\/sezon-2025-futsalu-bez-barier-dobiegl-konca\/","title":{"rendered":"Sezon 2025 Futsalu Bez Barier dobieg\u0142 ko\u0144ca"},"content":{"rendered":"\n<h3 class=\"wp-block-heading\">I by\u0142 to sezon, kt\u00f3ry na d\u0142ugo zostanie w pami\u0119ci ca\u0142ej naszej spo\u0142eczno\u015bci.<\/h3>\n\n\n\n<figure class=\"wp-block-image size-large\"><img fetchpriority=\"high\" decoding=\"async\" width=\"1024\" height=\"682\" src=\"https:\/\/futbolbezbarier.pl\/wp-content\/uploads\/2025\/12\/JSF4072-1024x682.jpg\" alt=\"\" class=\"wp-image-2066\" srcset=\"https:\/\/futbolbezbarier.pl\/wp-content\/uploads\/2025\/12\/JSF4072-1024x682.jpg 1024w, https:\/\/futbolbezbarier.pl\/wp-content\/uploads\/2025\/12\/JSF4072-300x200.jpg 300w, https:\/\/futbolbezbarier.pl\/wp-content\/uploads\/2025\/12\/JSF4072-768x511.jpg 768w, https:\/\/futbolbezbarier.pl\/wp-content\/uploads\/2025\/12\/JSF4072-1536x1022.jpg 1536w, https:\/\/futbolbezbarier.pl\/wp-content\/uploads\/2025\/12\/JSF4072-930x620.jpg 930w, https:\/\/futbolbezbarier.pl\/wp-content\/uploads\/2025\/12\/JSF4072.jpg 2048w\" sizes=\"(max-width: 1024px) 100vw, 1024px\" \/><\/figure>\n\n\n\n<p>Zako\u0144czy\u0142y si\u0119 rozgrywki&nbsp;Ekstraklasy oraz 1 Ligi Futsalu Bez Barier 2025&nbsp;&#8211; projektu, kt\u00f3ry z roku na rok ro\u015bnie nie tylko sportowo, ale te\u017c organizacyjnie, medialnie i spo\u0142ecznie. Miniony sezon by\u0142 tego najlepszym dowodem.<\/p>\n\n\n\n<figure class=\"wp-block-image size-large\"><img decoding=\"async\" width=\"1024\" height=\"683\" src=\"https:\/\/futbolbezbarier.pl\/wp-content\/uploads\/2025\/12\/DSC_1645-24-1024x683.jpg\" alt=\"\" class=\"wp-image-2075\" srcset=\"https:\/\/futbolbezbarier.pl\/wp-content\/uploads\/2025\/12\/DSC_1645-24-1024x683.jpg 1024w, https:\/\/futbolbezbarier.pl\/wp-content\/uploads\/2025\/12\/DSC_1645-24-300x200.jpg 300w, https:\/\/futbolbezbarier.pl\/wp-content\/uploads\/2025\/12\/DSC_1645-24-768x512.jpg 768w, https:\/\/futbolbezbarier.pl\/wp-content\/uploads\/2025\/12\/DSC_1645-24-1536x1024.jpg 1536w, https:\/\/futbolbezbarier.pl\/wp-content\/uploads\/2025\/12\/DSC_1645-24-2048x1365.jpg 2048w, https:\/\/futbolbezbarier.pl\/wp-content\/uploads\/2025\/12\/DSC_1645-24-930x620.jpg 930w\" sizes=\"(max-width: 1024px) 100vw, 1024px\" \/><\/figure>\n\n\n\n<p>W ci\u0105gu&nbsp;siedmiu kolejek, rozgrywanych w&nbsp;siedmiu miastach&nbsp;(Jelcz-Laskowice, Gliwice, Gdynia, Olsztyn, Kielce, \u0141\u00f3d\u017a i Radom), rozegrali\u015bmy&nbsp;\u0142\u0105cznie 112 spotka\u0144. Ka\u017cdy mecz mia\u0142&nbsp;profesjonaln\u0105 transmisj\u0119 na \u017cywo, komentarz ze studia i pe\u0142n\u0105 opraw\u0119 medialn\u0105, jakiej nie powstydzi\u0142yby si\u0119 rozgrywki najwy\u017cszej rangi. Przez ca\u0142y sezon kibice mogli \u015bledzi\u0107 nie tylko wyniki, ale te\u017c liczne&nbsp;g\u0142osowania i plebiscyty: na zawodnika kolejki, dru\u017cyn\u0119 kolejki czy bramk\u0119 kolejki, kt\u00f3re dodatkowo budowa\u0142y zaanga\u017cowanie i emocje wok\u00f3\u0142 ligi.<\/p>\n\n\n\n<figure class=\"wp-block-image size-large\"><img decoding=\"async\" width=\"1024\" height=\"684\" src=\"https:\/\/futbolbezbarier.pl\/wp-content\/uploads\/2025\/12\/FBB_Gliwice-155-1024x684.jpg\" alt=\"\" class=\"wp-image-2067\" srcset=\"https:\/\/futbolbezbarier.pl\/wp-content\/uploads\/2025\/12\/FBB_Gliwice-155-1024x684.jpg 1024w, https:\/\/futbolbezbarier.pl\/wp-content\/uploads\/2025\/12\/FBB_Gliwice-155-300x200.jpg 300w, https:\/\/futbolbezbarier.pl\/wp-content\/uploads\/2025\/12\/FBB_Gliwice-155-768x513.jpg 768w, https:\/\/futbolbezbarier.pl\/wp-content\/uploads\/2025\/12\/FBB_Gliwice-155-1536x1025.jpg 1536w, https:\/\/futbolbezbarier.pl\/wp-content\/uploads\/2025\/12\/FBB_Gliwice-155-930x620.jpg 930w, https:\/\/futbolbezbarier.pl\/wp-content\/uploads\/2025\/12\/FBB_Gliwice-155.jpg 2048w\" sizes=\"(max-width: 1024px) 100vw, 1024px\" \/><\/figure>\n\n\n\n<h3 class=\"wp-block-heading\">Ekstraklasa: mistrz bez dyskusji<\/h3>\n\n\n\n<p>W Ekstraklasie Futsalu Bez Barier po raz kolejny nie by\u0142o w\u0105tpliwo\u015bci, kto rozdaje karty.&nbsp;MKS Si\u00f3demka Ruda \u015al\u0105ska, prowadzona przez trenera Bartka Mizi\u0144skiego, zagra\u0142a sezon kompletny.&nbsp;14 zwyci\u0119stw w 14 meczach,&nbsp;42 punkty&nbsp;i a\u017c&nbsp;osiem punkt\u00f3w przewagi&nbsp;nad drug\u0105 dru\u017cyn\u0105 w tabeli. Mistrzostwo zdobyte w stylu, kt\u00f3ry nie pozostawi\u0142 z\u0142udze\u0144, kto w tym sezonie by\u0142 zespo\u0142em numer jeden.<\/p>\n\n\n\n<figure class=\"wp-block-image size-large\"><img loading=\"lazy\" decoding=\"async\" width=\"1024\" height=\"1024\" src=\"https:\/\/futbolbezbarier.pl\/wp-content\/uploads\/2025\/12\/TABELA-KONCOWA-ESA-1024x1024.png\" alt=\"\" class=\"wp-image-2100\" srcset=\"https:\/\/futbolbezbarier.pl\/wp-content\/uploads\/2025\/12\/TABELA-KONCOWA-ESA-1024x1024.png 1024w, https:\/\/futbolbezbarier.pl\/wp-content\/uploads\/2025\/12\/TABELA-KONCOWA-ESA-300x300.png 300w, https:\/\/futbolbezbarier.pl\/wp-content\/uploads\/2025\/12\/TABELA-KONCOWA-ESA-150x150.png 150w, https:\/\/futbolbezbarier.pl\/wp-content\/uploads\/2025\/12\/TABELA-KONCOWA-ESA-768x768.png 768w, https:\/\/futbolbezbarier.pl\/wp-content\/uploads\/2025\/12\/TABELA-KONCOWA-ESA.png 1080w\" sizes=\"(max-width: 1024px) 100vw, 1024px\" \/><\/figure>\n\n\n\n<h3 class=\"wp-block-heading\">1 Liga: emocje do ostatniego gwizdka<\/h3>\n\n\n\n<p>W 1 Lidze walka o tytu\u0142 trwa\u0142a do samego ko\u0144ca.&nbsp;Jagiellonia Bia\u0142ystok&nbsp;Futsal si\u0119gn\u0119\u0142a po mistrzostwo dopiero w ostatniej kolejce, wygrywaj\u0105c bezpo\u015bredni mecz o tytu\u0142 ze&nbsp;Stref\u0105 Futbolu Olsztyn, kt\u00f3ra przez wi\u0119ksz\u0105 cz\u0119\u015b\u0107 sezonu zajmowa\u0142a pozycj\u0119 lidera. To by\u0142 fina\u0142, kt\u00f3ry idealnie podsumowa\u0142 ca\u0142y sezon.<\/p>\n\n\n\n<figure class=\"wp-block-image size-large\"><img loading=\"lazy\" decoding=\"async\" width=\"1024\" height=\"1024\" src=\"https:\/\/futbolbezbarier.pl\/wp-content\/uploads\/2025\/12\/TABELA-KONCOWA-1-LIGA-1024x1024.png\" alt=\"\" class=\"wp-image-2103\" srcset=\"https:\/\/futbolbezbarier.pl\/wp-content\/uploads\/2025\/12\/TABELA-KONCOWA-1-LIGA-1024x1024.png 1024w, https:\/\/futbolbezbarier.pl\/wp-content\/uploads\/2025\/12\/TABELA-KONCOWA-1-LIGA-300x300.png 300w, https:\/\/futbolbezbarier.pl\/wp-content\/uploads\/2025\/12\/TABELA-KONCOWA-1-LIGA-150x150.png 150w, https:\/\/futbolbezbarier.pl\/wp-content\/uploads\/2025\/12\/TABELA-KONCOWA-1-LIGA-768x768.png 768w, https:\/\/futbolbezbarier.pl\/wp-content\/uploads\/2025\/12\/TABELA-KONCOWA-1-LIGA.png 1080w\" sizes=\"(max-width: 1024px) 100vw, 1024px\" \/><\/figure>\n\n\n\n<h3 class=\"wp-block-heading\">Projekt, kt\u00f3ry ma sens<\/h3>\n\n\n\n<p>W sezonie 2025 w rozgrywkach Futsalu Bez Barier wzi\u0119\u0142o udzia\u0142&nbsp;16 dru\u017cyn z 11 wojew\u00f3dztw, a na parkietach ogl\u0105dali\u015bmy&nbsp;ponad 300 zawodnik\u00f3w z niepe\u0142nosprawno\u015bciami. Dla wielu z nich ten projekt znaczy znacznie wi\u0119cej ni\u017c tylko sport. To przestrze\u0144 do rozwoju, rywalizacji, budowania relacji i poczucia przynale\u017cno\u015bci. Futsal Bez Barier jest miejscem, gdzie wynik ma znaczenie, ale nigdy nie jest wa\u017cniejszy od cz\u0142owieka.<\/p>\n\n\n\n<figure class=\"wp-block-image size-large\"><img loading=\"lazy\" decoding=\"async\" width=\"1024\" height=\"683\" src=\"https:\/\/futbolbezbarier.pl\/wp-content\/uploads\/2025\/12\/DSC_3643-165-1024x683.jpg\" alt=\"\" class=\"wp-image-2073\" srcset=\"https:\/\/futbolbezbarier.pl\/wp-content\/uploads\/2025\/12\/DSC_3643-165-1024x683.jpg 1024w, https:\/\/futbolbezbarier.pl\/wp-content\/uploads\/2025\/12\/DSC_3643-165-300x200.jpg 300w, https:\/\/futbolbezbarier.pl\/wp-content\/uploads\/2025\/12\/DSC_3643-165-768x512.jpg 768w, https:\/\/futbolbezbarier.pl\/wp-content\/uploads\/2025\/12\/DSC_3643-165-1536x1024.jpg 1536w, https:\/\/futbolbezbarier.pl\/wp-content\/uploads\/2025\/12\/DSC_3643-165-2048x1365.jpg 2048w, https:\/\/futbolbezbarier.pl\/wp-content\/uploads\/2025\/12\/DSC_3643-165-930x620.jpg 930w\" sizes=\"(max-width: 1024px) 100vw, 1024px\" \/><\/figure>\n\n\n\n<p>Naszym celem od pocz\u0105tku by\u0142o stworzenie&nbsp;prawdziwych ligowych rozgrywek, kt\u00f3re jednocze\u015bnie zachowuj\u0105 wra\u017cliwo\u015b\u0107, empati\u0119 i otwarto\u015b\u0107. Sezon 2025 pokaza\u0142, \u017ce ten kierunek jest s\u0142uszny. Jeste\u015bmy dumni, zmotywowani i gotowi na kolejny krok, bo wszystko wskazuje na to, \u017ce&nbsp;przysz\u0142y sezon b\u0119dzie jeszcze wi\u0119kszy i jeszcze bardziej emocjonuj\u0105cy.<\/p>\n\n\n\n<figure class=\"wp-block-image size-large\"><img loading=\"lazy\" decoding=\"async\" width=\"1024\" height=\"684\" src=\"https:\/\/futbolbezbarier.pl\/wp-content\/uploads\/2025\/12\/FBB_Gliwice-294-1024x684.jpg\" alt=\"\" class=\"wp-image-2068\" srcset=\"https:\/\/futbolbezbarier.pl\/wp-content\/uploads\/2025\/12\/FBB_Gliwice-294-1024x684.jpg 1024w, https:\/\/futbolbezbarier.pl\/wp-content\/uploads\/2025\/12\/FBB_Gliwice-294-300x200.jpg 300w, https:\/\/futbolbezbarier.pl\/wp-content\/uploads\/2025\/12\/FBB_Gliwice-294-768x513.jpg 768w, https:\/\/futbolbezbarier.pl\/wp-content\/uploads\/2025\/12\/FBB_Gliwice-294-1536x1025.jpg 1536w, https:\/\/futbolbezbarier.pl\/wp-content\/uploads\/2025\/12\/FBB_Gliwice-294-930x620.jpg 930w, https:\/\/futbolbezbarier.pl\/wp-content\/uploads\/2025\/12\/FBB_Gliwice-294.jpg 2048w\" sizes=\"(max-width: 1024px) 100vw, 1024px\" \/><\/figure>\n\n\n\n<h3 class=\"wp-block-heading\">Podzi\u0119kowania<\/h3>\n\n\n\n<p>Ten sezon nie by\u0142by mo\u017cliwy bez wsparcia i zaufania naszych partner\u00f3w. Dzi\u0119kujemy&nbsp;Pa\u0144stwowemu Funduszowi Rehabilitacji Os\u00f3b Niepe\u0142nosprawnych,&nbsp;Ministerstwu Sportu i Turystyki,&nbsp;Saller,&nbsp;R-GOL,&nbsp;Straganowi Zdrowia,&nbsp;TVP Sport,&nbsp;FOGO Futsal Ekstraklasie&nbsp;oraz&nbsp;Polskiemu Zwi\u0105zkowi Pi\u0142ki No\u017cnej. Dzi\u0119kujemy r\u00f3wnie\u017c wszystkim klubom, trenerom, zawodnikom, wolontariuszom i osobom zaanga\u017cowanym w organizacj\u0119 rozgrywek, bo to Wasza praca i pasja buduj\u0105 ten projekt.<\/p>\n\n\n\n<figure class=\"wp-block-image size-large\"><img loading=\"lazy\" decoding=\"async\" width=\"1024\" height=\"682\" src=\"https:\/\/futbolbezbarier.pl\/wp-content\/uploads\/2025\/12\/DSC0370-1024x682.jpg\" alt=\"\" class=\"wp-image-2069\" srcset=\"https:\/\/futbolbezbarier.pl\/wp-content\/uploads\/2025\/12\/DSC0370-1024x682.jpg 1024w, https:\/\/futbolbezbarier.pl\/wp-content\/uploads\/2025\/12\/DSC0370-300x200.jpg 300w, https:\/\/futbolbezbarier.pl\/wp-content\/uploads\/2025\/12\/DSC0370-768x511.jpg 768w, https:\/\/futbolbezbarier.pl\/wp-content\/uploads\/2025\/12\/DSC0370-1536x1022.jpg 1536w, https:\/\/futbolbezbarier.pl\/wp-content\/uploads\/2025\/12\/DSC0370-930x620.jpg 930w, https:\/\/futbolbezbarier.pl\/wp-content\/uploads\/2025\/12\/DSC0370.jpg 2048w\" sizes=\"(max-width: 1024px) 100vw, 1024px\" \/><\/figure>\n\n\n\n<h3 class=\"wp-block-heading\">Do zobaczenia w kolejnym sezonie<\/h3>\n\n\n\n<p>Sezon 2025 przechodzi do historii, ale to dopiero pocz\u0105tek. Pracujemy ju\u017c nad kolejnymi rozwi\u0105zaniami i nowymi pomys\u0142ami, a szczeg\u00f3\u0142y zdradzimy wkr\u00f3tce. Jedno jest pewne &#8211;&nbsp;Futsal Bez Barier b\u0119dzie si\u0119 dalej rozwija\u0142!<\/p>\n\n\n\n<figure class=\"wp-block-image size-large\"><img loading=\"lazy\" decoding=\"async\" width=\"1024\" height=\"684\" src=\"https:\/\/futbolbezbarier.pl\/wp-content\/uploads\/2025\/12\/FBB_Gliwice-327-1024x684.jpg\" alt=\"\" class=\"wp-image-2070\" srcset=\"https:\/\/futbolbezbarier.pl\/wp-content\/uploads\/2025\/12\/FBB_Gliwice-327-1024x684.jpg 1024w, https:\/\/futbolbezbarier.pl\/wp-content\/uploads\/2025\/12\/FBB_Gliwice-327-300x200.jpg 300w, https:\/\/futbolbezbarier.pl\/wp-content\/uploads\/2025\/12\/FBB_Gliwice-327-768x513.jpg 768w, https:\/\/futbolbezbarier.pl\/wp-content\/uploads\/2025\/12\/FBB_Gliwice-327-1536x1025.jpg 1536w, https:\/\/futbolbezbarier.pl\/wp-content\/uploads\/2025\/12\/FBB_Gliwice-327-930x620.jpg 930w, https:\/\/futbolbezbarier.pl\/wp-content\/uploads\/2025\/12\/FBB_Gliwice-327.jpg 2048w\" sizes=\"(max-width: 1024px) 100vw, 1024px\" \/><\/figure>\n\n\n\n<p>Zapraszamy do \u015bledzenia naszych dzia\u0142a\u0144:<br>na Facebooku:&nbsp;<strong>Futsal Bez Barier<\/strong>,<br>na Instagramie:&nbsp;<strong>futsalbezbarier<\/strong>,<br>na TikToku:&nbsp;<strong>Futbol Bez Barier<\/strong>,<br>na YouTube:&nbsp;<strong>Futbol Bez Barier<\/strong>,<br>oraz na stronie&nbsp;<strong><a href=\"http:\/\/www.futbolbezbarier.pl\/\">www.futbolbezbarier.pl<\/a><\/strong>.<\/p>\n\n\n\n<p>Dzi\u0119kujemy za ten sezon. Do zobaczenia na parkietach.<\/p>\n\n\n\n<p><\/p>\n","protected":false},"excerpt":{"rendered":"<p>I by\u0142 to sezon, kt\u00f3ry na d\u0142ugo zostanie w pami\u0119ci ca\u0142ej naszej spo\u0142eczno\u015bci. Zako\u0144czy\u0142y si\u0119 rozgrywki&nbsp;Ekstraklasy oraz 1 Ligi Futsalu Bez Barier 2025&nbsp;&#8211; projektu, kt\u00f3ry z roku na rok ro\u015bnie nie tylko sportowo, ale te\u017c organizacyjnie, medialnie i spo\u0142ecznie. Miniony sezon by\u0142 tego najlepszym dowodem. W ci\u0105gu&nbsp;siedmiu kolejek, rozgrywanych w&nbsp;siedmiu miastach&nbsp;(Jelcz-Laskowice, Gliwice, Gdynia, Olsztyn, Kielce,&hellip;&nbsp;<a href=\"https:\/\/futbolbezbarier.pl\/index.php\/2025\/12\/17\/sezon-2025-futsalu-bez-barier-dobiegl-konca\/\" rel=\"bookmark\">Dowiedz si\u0119 wi\u0119cej &raquo;<span class=\"screen-reader-text\">Sezon 2025 Futsalu Bez Barier dobieg\u0142 ko\u0144ca<\/span><\/a><\/p>\n","protected":false},"author":5,"featured_media":2065,"comment_status":"closed","ping_status":"open","sticky":false,"template":"","format":"standard","meta":{"_monsterinsights_skip_tracking":false,"_monsterinsights_sitenote_active":false,"_monsterinsights_sitenote_note":"","_monsterinsights_sitenote_category":0,"neve_meta_sidebar":"","neve_meta_container":"","neve_meta_enable_content_width":"","neve_meta_content_width":0,"neve_meta_title_alignment":"","neve_meta_author_avatar":"","neve_post_elements_order":"","neve_meta_disable_header":"","neve_meta_disable_footer":"","neve_meta_disable_title":"","_themeisle_gutenberg_block_has_review":false,"footnotes":""},"categories":[1],"tags":[],"class_list":["post-2064","post","type-post","status-publish","format-standard","has-post-thumbnail","hentry","category-bez-kategorii"],"yoast_head":"<!-- This site is optimized with the Yoast SEO plugin v27.5 - https:\/\/yoast.com\/product\/yoast-seo-wordpress\/ -->\n<title>Sezon 2025 Futsalu Bez Barier dobieg\u0142 ko\u0144ca - Futbol Bez Barier<\/title>\n<meta name=\"description\" content=\"Sezon 2025 Futsalu Bez Barier dobieg\u0142 ko\u0144ca przeczytaj najnowszy wpis\" \/>\n<meta name=\"robots\" content=\"index, follow, max-snippet:-1, max-image-preview:large, max-video-preview:-1\" \/>\n<link rel=\"canonical\" href=\"https:\/\/futbolbezbarier.pl\/index.php\/2025\/12\/17\/sezon-2025-futsalu-bez-barier-dobiegl-konca\/\" \/>\n<meta property=\"og:locale\" content=\"pl_PL\" \/>\n<meta property=\"og:type\" content=\"article\" \/>\n<meta property=\"og:title\" content=\"Sezon 2025 Futsalu Bez Barier dobieg\u0142 ko\u0144ca - Futbol Bez Barier\" \/>\n<meta property=\"og:description\" content=\"Sezon 2025 Futsalu Bez Barier dobieg\u0142 ko\u0144ca przeczytaj najnowszy wpis\" \/>\n<meta property=\"og:url\" content=\"https:\/\/futbolbezbarier.pl\/index.php\/2025\/12\/17\/sezon-2025-futsalu-bez-barier-dobiegl-konca\/\" \/>\n<meta property=\"og:site_name\" content=\"Futbol Bez Barier\" \/>\n<meta property=\"article:publisher\" content=\"https:\/\/www.facebook.com\/FutbollBezBarier\/\" \/>\n<meta property=\"article:published_time\" content=\"2025-12-17T16:39:11+00:00\" \/>\n<meta property=\"article:modified_time\" content=\"2025-12-18T19:53:12+00:00\" \/>\n<meta property=\"og:image\" content=\"https:\/\/futbolbezbarier.pl\/wp-content\/uploads\/2025\/12\/DSC_3253-1-scaled.jpg\" \/>\n\t<meta property=\"og:image:width\" content=\"2560\" \/>\n\t<meta property=\"og:image:height\" content=\"1707\" \/>\n\t<meta property=\"og:image:type\" content=\"image\/jpeg\" \/>\n<meta name=\"author\" content=\"Dominik Kulas\" \/>\n<meta name=\"twitter:card\" content=\"summary_large_image\" \/>\n<meta name=\"twitter:label1\" content=\"Napisane przez\" \/>\n\t<meta name=\"twitter:data1\" content=\"Dominik Kulas\" \/>\n\t<meta name=\"twitter:label2\" content=\"Szacowany czas czytania\" \/>\n\t<meta name=\"twitter:data2\" content=\"5 minut\" \/>\n<script type=\"application\/ld+json\" class=\"yoast-schema-graph\">{\"@context\":\"https:\\\/\\\/schema.org\",\"@graph\":[{\"@type\":\"Article\",\"@id\":\"https:\\\/\\\/futbolbezbarier.pl\\\/index.php\\\/2025\\\/12\\\/17\\\/sezon-2025-futsalu-bez-barier-dobiegl-konca\\\/#article\",\"isPartOf\":{\"@id\":\"https:\\\/\\\/futbolbezbarier.pl\\\/index.php\\\/2025\\\/12\\\/17\\\/sezon-2025-futsalu-bez-barier-dobiegl-konca\\\/\"},\"author\":{\"name\":\"Dominik Kulas\",\"@id\":\"https:\\\/\\\/futbolbezbarier.pl\\\/#\\\/schema\\\/person\\\/ee39f11483afba346f1bc0e0bdb12675\"},\"headline\":\"Sezon 2025 Futsalu Bez Barier dobieg\u0142 ko\u0144ca\",\"datePublished\":\"2025-12-17T16:39:11+00:00\",\"dateModified\":\"2025-12-18T19:53:12+00:00\",\"mainEntityOfPage\":{\"@id\":\"https:\\\/\\\/futbolbezbarier.pl\\\/index.php\\\/2025\\\/12\\\/17\\\/sezon-2025-futsalu-bez-barier-dobiegl-konca\\\/\"},\"wordCount\":602,\"publisher\":{\"@id\":\"https:\\\/\\\/futbolbezbarier.pl\\\/#organization\"},\"image\":{\"@id\":\"https:\\\/\\\/futbolbezbarier.pl\\\/index.php\\\/2025\\\/12\\\/17\\\/sezon-2025-futsalu-bez-barier-dobiegl-konca\\\/#primaryimage\"},\"thumbnailUrl\":\"https:\\\/\\\/futbolbezbarier.pl\\\/wp-content\\\/uploads\\\/2025\\\/12\\\/DSC_3253-1-scaled.jpg\",\"inLanguage\":\"pl-PL\"},{\"@type\":\"WebPage\",\"@id\":\"https:\\\/\\\/futbolbezbarier.pl\\\/index.php\\\/2025\\\/12\\\/17\\\/sezon-2025-futsalu-bez-barier-dobiegl-konca\\\/\",\"url\":\"https:\\\/\\\/futbolbezbarier.pl\\\/index.php\\\/2025\\\/12\\\/17\\\/sezon-2025-futsalu-bez-barier-dobiegl-konca\\\/\",\"name\":\"Sezon 2025 Futsalu Bez Barier dobieg\u0142 ko\u0144ca - Futbol Bez Barier\",\"isPartOf\":{\"@id\":\"https:\\\/\\\/futbolbezbarier.pl\\\/#website\"},\"primaryImageOfPage\":{\"@id\":\"https:\\\/\\\/futbolbezbarier.pl\\\/index.php\\\/2025\\\/12\\\/17\\\/sezon-2025-futsalu-bez-barier-dobiegl-konca\\\/#primaryimage\"},\"image\":{\"@id\":\"https:\\\/\\\/futbolbezbarier.pl\\\/index.php\\\/2025\\\/12\\\/17\\\/sezon-2025-futsalu-bez-barier-dobiegl-konca\\\/#primaryimage\"},\"thumbnailUrl\":\"https:\\\/\\\/futbolbezbarier.pl\\\/wp-content\\\/uploads\\\/2025\\\/12\\\/DSC_3253-1-scaled.jpg\",\"datePublished\":\"2025-12-17T16:39:11+00:00\",\"dateModified\":\"2025-12-18T19:53:12+00:00\",\"description\":\"Sezon 2025 Futsalu Bez Barier dobieg\u0142 ko\u0144ca przeczytaj najnowszy wpis\",\"breadcrumb\":{\"@id\":\"https:\\\/\\\/futbolbezbarier.pl\\\/index.php\\\/2025\\\/12\\\/17\\\/sezon-2025-futsalu-bez-barier-dobiegl-konca\\\/#breadcrumb\"},\"inLanguage\":\"pl-PL\",\"potentialAction\":[{\"@type\":\"ReadAction\",\"target\":[\"https:\\\/\\\/futbolbezbarier.pl\\\/index.php\\\/2025\\\/12\\\/17\\\/sezon-2025-futsalu-bez-barier-dobiegl-konca\\\/\"]}]},{\"@type\":\"ImageObject\",\"inLanguage\":\"pl-PL\",\"@id\":\"https:\\\/\\\/futbolbezbarier.pl\\\/index.php\\\/2025\\\/12\\\/17\\\/sezon-2025-futsalu-bez-barier-dobiegl-konca\\\/#primaryimage\",\"url\":\"https:\\\/\\\/futbolbezbarier.pl\\\/wp-content\\\/uploads\\\/2025\\\/12\\\/DSC_3253-1-scaled.jpg\",\"contentUrl\":\"https:\\\/\\\/futbolbezbarier.pl\\\/wp-content\\\/uploads\\\/2025\\\/12\\\/DSC_3253-1-scaled.jpg\",\"width\":2560,\"height\":1707},{\"@type\":\"BreadcrumbList\",\"@id\":\"https:\\\/\\\/futbolbezbarier.pl\\\/index.php\\\/2025\\\/12\\\/17\\\/sezon-2025-futsalu-bez-barier-dobiegl-konca\\\/#breadcrumb\",\"itemListElement\":[{\"@type\":\"ListItem\",\"position\":1,\"name\":\"Home\",\"item\":\"https:\\\/\\\/futbolbezbarier.pl\\\/\"},{\"@type\":\"ListItem\",\"position\":2,\"name\":\"Sezon 2025 Futsalu Bez Barier dobieg\u0142 ko\u0144ca\"}]},{\"@type\":\"WebSite\",\"@id\":\"https:\\\/\\\/futbolbezbarier.pl\\\/#website\",\"url\":\"https:\\\/\\\/futbolbezbarier.pl\\\/\",\"name\":\"Futbol Bez Barier\",\"description\":\"Pi\u0142ka no\u017cna dla os\u00f3b z niepe\u0142nosprawno\u015bciami\",\"publisher\":{\"@id\":\"https:\\\/\\\/futbolbezbarier.pl\\\/#organization\"},\"potentialAction\":[{\"@type\":\"SearchAction\",\"target\":{\"@type\":\"EntryPoint\",\"urlTemplate\":\"https:\\\/\\\/futbolbezbarier.pl\\\/?s={search_term_string}\"},\"query-input\":{\"@type\":\"PropertyValueSpecification\",\"valueRequired\":true,\"valueName\":\"search_term_string\"}}],\"inLanguage\":\"pl-PL\"},{\"@type\":\"Organization\",\"@id\":\"https:\\\/\\\/futbolbezbarier.pl\\\/#organization\",\"name\":\"Futbol Bez Barier\",\"url\":\"https:\\\/\\\/futbolbezbarier.pl\\\/\",\"logo\":{\"@type\":\"ImageObject\",\"inLanguage\":\"pl-PL\",\"@id\":\"https:\\\/\\\/futbolbezbarier.pl\\\/#\\\/schema\\\/logo\\\/image\\\/\",\"url\":\"https:\\\/\\\/futbolbezbarier.pl\\\/wp-content\\\/uploads\\\/2025\\\/02\\\/Projekt-bez-nazwy-20.png\",\"contentUrl\":\"https:\\\/\\\/futbolbezbarier.pl\\\/wp-content\\\/uploads\\\/2025\\\/02\\\/Projekt-bez-nazwy-20.png\",\"width\":940,\"height\":788,\"caption\":\"Futbol Bez Barier\"},\"image\":{\"@id\":\"https:\\\/\\\/futbolbezbarier.pl\\\/#\\\/schema\\\/logo\\\/image\\\/\"},\"sameAs\":[\"https:\\\/\\\/www.facebook.com\\\/FutbollBezBarier\\\/\",\"https:\\\/\\\/www.youtube.com\\\/channel\\\/UCTKZn9TuPuanTWiCGnTRGGw\"]},{\"@type\":\"Person\",\"@id\":\"https:\\\/\\\/futbolbezbarier.pl\\\/#\\\/schema\\\/person\\\/ee39f11483afba346f1bc0e0bdb12675\",\"name\":\"Dominik Kulas\",\"image\":{\"@type\":\"ImageObject\",\"inLanguage\":\"pl-PL\",\"@id\":\"https:\\\/\\\/secure.gravatar.com\\\/avatar\\\/62596efe9d5e53ca0356fd019cfad73f9f05c00e58b8457c3319373147be153e?s=96&d=mm&r=g\",\"url\":\"https:\\\/\\\/secure.gravatar.com\\\/avatar\\\/62596efe9d5e53ca0356fd019cfad73f9f05c00e58b8457c3319373147be153e?s=96&d=mm&r=g\",\"contentUrl\":\"https:\\\/\\\/secure.gravatar.com\\\/avatar\\\/62596efe9d5e53ca0356fd019cfad73f9f05c00e58b8457c3319373147be153e?s=96&d=mm&r=g\",\"caption\":\"Dominik Kulas\"},\"url\":\"https:\\\/\\\/futbolbezbarier.pl\\\/index.php\\\/author\\\/dominik-k\\\/\"}]}<\/script>\n<!-- \/ Yoast SEO plugin. -->","yoast_head_json":{"title":"Sezon 2025 Futsalu Bez Barier dobieg\u0142 ko\u0144ca - Futbol Bez Barier","description":"Sezon 2025 Futsalu Bez Barier dobieg\u0142 ko\u0144ca przeczytaj najnowszy wpis","robots":{"index":"index","follow":"follow","max-snippet":"max-snippet:-1","max-image-preview":"max-image-preview:large","max-video-preview":"max-video-preview:-1"},"canonical":"https:\/\/futbolbezbarier.pl\/index.php\/2025\/12\/17\/sezon-2025-futsalu-bez-barier-dobiegl-konca\/","og_locale":"pl_PL","og_type":"article","og_title":"Sezon 2025 Futsalu Bez Barier dobieg\u0142 ko\u0144ca - Futbol Bez Barier","og_description":"Sezon 2025 Futsalu Bez Barier dobieg\u0142 ko\u0144ca przeczytaj najnowszy wpis","og_url":"https:\/\/futbolbezbarier.pl\/index.php\/2025\/12\/17\/sezon-2025-futsalu-bez-barier-dobiegl-konca\/","og_site_name":"Futbol Bez Barier","article_publisher":"https:\/\/www.facebook.com\/FutbollBezBarier\/","article_published_time":"2025-12-17T16:39:11+00:00","article_modified_time":"2025-12-18T19:53:12+00:00","og_image":[{"width":2560,"height":1707,"url":"https:\/\/futbolbezbarier.pl\/wp-content\/uploads\/2025\/12\/DSC_3253-1-scaled.jpg","type":"image\/jpeg"}],"author":"Dominik Kulas","twitter_card":"summary_large_image","twitter_misc":{"Napisane przez":"Dominik Kulas","Szacowany czas czytania":"5 minut"},"schema":{"@context":"https:\/\/schema.org","@graph":[{"@type":"Article","@id":"https:\/\/futbolbezbarier.pl\/index.php\/2025\/12\/17\/sezon-2025-futsalu-bez-barier-dobiegl-konca\/#article","isPartOf":{"@id":"https:\/\/futbolbezbarier.pl\/index.php\/2025\/12\/17\/sezon-2025-futsalu-bez-barier-dobiegl-konca\/"},"author":{"name":"Dominik Kulas","@id":"https:\/\/futbolbezbarier.pl\/#\/schema\/person\/ee39f11483afba346f1bc0e0bdb12675"},"headline":"Sezon 2025 Futsalu Bez Barier dobieg\u0142 ko\u0144ca","datePublished":"2025-12-17T16:39:11+00:00","dateModified":"2025-12-18T19:53:12+00:00","mainEntityOfPage":{"@id":"https:\/\/futbolbezbarier.pl\/index.php\/2025\/12\/17\/sezon-2025-futsalu-bez-barier-dobiegl-konca\/"},"wordCount":602,"publisher":{"@id":"https:\/\/futbolbezbarier.pl\/#organization"},"image":{"@id":"https:\/\/futbolbezbarier.pl\/index.php\/2025\/12\/17\/sezon-2025-futsalu-bez-barier-dobiegl-konca\/#primaryimage"},"thumbnailUrl":"https:\/\/futbolbezbarier.pl\/wp-content\/uploads\/2025\/12\/DSC_3253-1-scaled.jpg","inLanguage":"pl-PL"},{"@type":"WebPage","@id":"https:\/\/futbolbezbarier.pl\/index.php\/2025\/12\/17\/sezon-2025-futsalu-bez-barier-dobiegl-konca\/","url":"https:\/\/futbolbezbarier.pl\/index.php\/2025\/12\/17\/sezon-2025-futsalu-bez-barier-dobiegl-konca\/","name":"Sezon 2025 Futsalu Bez Barier dobieg\u0142 ko\u0144ca - Futbol Bez Barier","isPartOf":{"@id":"https:\/\/futbolbezbarier.pl\/#website"},"primaryImageOfPage":{"@id":"https:\/\/futbolbezbarier.pl\/index.php\/2025\/12\/17\/sezon-2025-futsalu-bez-barier-dobiegl-konca\/#primaryimage"},"image":{"@id":"https:\/\/futbolbezbarier.pl\/index.php\/2025\/12\/17\/sezon-2025-futsalu-bez-barier-dobiegl-konca\/#primaryimage"},"thumbnailUrl":"https:\/\/futbolbezbarier.pl\/wp-content\/uploads\/2025\/12\/DSC_3253-1-scaled.jpg","datePublished":"2025-12-17T16:39:11+00:00","dateModified":"2025-12-18T19:53:12+00:00","description":"Sezon 2025 Futsalu Bez Barier dobieg\u0142 ko\u0144ca przeczytaj najnowszy wpis","breadcrumb":{"@id":"https:\/\/futbolbezbarier.pl\/index.php\/2025\/12\/17\/sezon-2025-futsalu-bez-barier-dobiegl-konca\/#breadcrumb"},"inLanguage":"pl-PL","potentialAction":[{"@type":"ReadAction","target":["https:\/\/futbolbezbarier.pl\/index.php\/2025\/12\/17\/sezon-2025-futsalu-bez-barier-dobiegl-konca\/"]}]},{"@type":"ImageObject","inLanguage":"pl-PL","@id":"https:\/\/futbolbezbarier.pl\/index.php\/2025\/12\/17\/sezon-2025-futsalu-bez-barier-dobiegl-konca\/#primaryimage","url":"https:\/\/futbolbezbarier.pl\/wp-content\/uploads\/2025\/12\/DSC_3253-1-scaled.jpg","contentUrl":"https:\/\/futbolbezbarier.pl\/wp-content\/uploads\/2025\/12\/DSC_3253-1-scaled.jpg","width":2560,"height":1707},{"@type":"BreadcrumbList","@id":"https:\/\/futbolbezbarier.pl\/index.php\/2025\/12\/17\/sezon-2025-futsalu-bez-barier-dobiegl-konca\/#breadcrumb","itemListElement":[{"@type":"ListItem","position":1,"name":"Home","item":"https:\/\/futbolbezbarier.pl\/"},{"@type":"ListItem","position":2,"name":"Sezon 2025 Futsalu Bez Barier dobieg\u0142 ko\u0144ca"}]},{"@type":"WebSite","@id":"https:\/\/futbolbezbarier.pl\/#website","url":"https:\/\/futbolbezbarier.pl\/","name":"Futbol Bez Barier","description":"Pi\u0142ka no\u017cna dla os\u00f3b z niepe\u0142nosprawno\u015bciami","publisher":{"@id":"https:\/\/futbolbezbarier.pl\/#organization"},"potentialAction":[{"@type":"SearchAction","target":{"@type":"EntryPoint","urlTemplate":"https:\/\/futbolbezbarier.pl\/?s={search_term_string}"},"query-input":{"@type":"PropertyValueSpecification","valueRequired":true,"valueName":"search_term_string"}}],"inLanguage":"pl-PL"},{"@type":"Organization","@id":"https:\/\/futbolbezbarier.pl\/#organization","name":"Futbol Bez Barier","url":"https:\/\/futbolbezbarier.pl\/","logo":{"@type":"ImageObject","inLanguage":"pl-PL","@id":"https:\/\/futbolbezbarier.pl\/#\/schema\/logo\/image\/","url":"https:\/\/futbolbezbarier.pl\/wp-content\/uploads\/2025\/02\/Projekt-bez-nazwy-20.png","contentUrl":"https:\/\/futbolbezbarier.pl\/wp-content\/uploads\/2025\/02\/Projekt-bez-nazwy-20.png","width":940,"height":788,"caption":"Futbol Bez Barier"},"image":{"@id":"https:\/\/futbolbezbarier.pl\/#\/schema\/logo\/image\/"},"sameAs":["https:\/\/www.facebook.com\/FutbollBezBarier\/","https:\/\/www.youtube.com\/channel\/UCTKZn9TuPuanTWiCGnTRGGw"]},{"@type":"Person","@id":"https:\/\/futbolbezbarier.pl\/#\/schema\/person\/ee39f11483afba346f1bc0e0bdb12675","name":"Dominik Kulas","image":{"@type":"ImageObject","inLanguage":"pl-PL","@id":"https:\/\/secure.gravatar.com\/avatar\/62596efe9d5e53ca0356fd019cfad73f9f05c00e58b8457c3319373147be153e?s=96&d=mm&r=g","url":"https:\/\/secure.gravatar.com\/avatar\/62596efe9d5e53ca0356fd019cfad73f9f05c00e58b8457c3319373147be153e?s=96&d=mm&r=g","contentUrl":"https:\/\/secure.gravatar.com\/avatar\/62596efe9d5e53ca0356fd019cfad73f9f05c00e58b8457c3319373147be153e?s=96&d=mm&r=g","caption":"Dominik Kulas"},"url":"https:\/\/futbolbezbarier.pl\/index.php\/author\/dominik-k\/"}]}},"_links":{"self":[{"href":"https:\/\/futbolbezbarier.pl\/index.php\/wp-json\/wp\/v2\/posts\/2064","targetHints":{"allow":["GET"]}}],"collection":[{"href":"https:\/\/futbolbezbarier.pl\/index.php\/wp-json\/wp\/v2\/posts"}],"about":[{"href":"https:\/\/futbolbezbarier.pl\/index.php\/wp-json\/wp\/v2\/types\/post"}],"author":[{"embeddable":true,"href":"https:\/\/futbolbezbarier.pl\/index.php\/wp-json\/wp\/v2\/users\/5"}],"replies":[{"embeddable":true,"href":"https:\/\/futbolbezbarier.pl\/index.php\/wp-json\/wp\/v2\/comments?post=2064"}],"version-history":[{"count":3,"href":"https:\/\/futbolbezbarier.pl\/index.php\/wp-json\/wp\/v2\/posts\/2064\/revisions"}],"predecessor-version":[{"id":2104,"href":"https:\/\/futbolbezbarier.pl\/index.php\/wp-json\/wp\/v2\/posts\/2064\/revisions\/2104"}],"wp:featuredmedia":[{"embeddable":true,"href":"https:\/\/futbolbezbarier.pl\/index.php\/wp-json\/wp\/v2\/media\/2065"}],"wp:attachment":[{"href":"https:\/\/futbolbezbarier.pl\/index.php\/wp-json\/wp\/v2\/media?parent=2064"}],"wp:term":[{"taxonomy":"category","embeddable":true,"href":"https:\/\/futbolbezbarier.pl\/index.php\/wp-json\/wp\/v2\/categories?post=2064"},{"taxonomy":"post_tag","embeddable":true,"href":"https:\/\/futbolbezbarier.pl\/index.php\/wp-json\/wp\/v2\/tags?post=2064"}],"curies":[{"name":"wp","href":"https:\/\/api.w.org\/{rel}","templated":true}]}}