{"id":2264,"date":"2026-04-20T22:26:42","date_gmt":"2026-04-20T20:26:42","guid":{"rendered":"https:\/\/futbolbezbarier.pl\/?p=2264"},"modified":"2026-04-21T19:36:41","modified_gmt":"2026-04-21T17:36:41","slug":"inauguracja-sezonu-2026","status":"publish","type":"post","link":"https:\/\/futbolbezbarier.pl\/index.php\/2026\/04\/20\/inauguracja-sezonu-2026\/","title":{"rendered":"inauguracja sezonu 2026"},"content":{"rendered":"\n<h2 class=\"wp-block-heading has-text-align-center\"><strong>Futbol bez barier ruszy\u0142 pe\u0142n\u0105 par\u0105. Emocjonuj\u0105cy start sezonu<\/strong><\/h2>\n\n\n\n<p class=\"has-text-align-center\">Weekend 18 i 19 kwietnia przyni\u00f3s\u0142 d\u0142ugo wyczekiwany pocz\u0105tek rozgrywek, w kt\u00f3rych g\u0142\u00f3wn\u0105 rol\u0119 odgrywa futbol bez barier. Nowy sezon wystartowa\u0142 z ogromn\u0105 energi\u0105, a na boiskach pojawi\u0142o si\u0119 wiele nowych dru\u017cyn, kt\u00f3re od pierwszych minut pokaza\u0142y wielkie zaanga\u017cowanie i pasj\u0119 do gry.<\/p>\n\n\n\n<p class=\"has-text-align-center\">Do rywalizacji do\u0142\u0105czy\u0142y takie zespo\u0142y jak Olimpijczyk Warlubie, Angels Team Toru\u0144, Dynamit E\u0142k, Styna Asy Kociewia, Zag\u0142\u0119bie Na Maxa, Gaudium Krak\u00f3w, Copow Opat\u00f3w Ciszyca oraz \u00d3semka Strzelce Opolskie. Dla wielu z nich by\u0142y to pierwsze mecze o punkty i pierwsze tak powa\u017cne sportowe do\u015bwiadczenia.<\/p>\n\n\n\n<h3 class=\"wp-block-heading has-text-align-center\">\u0141owicz miejscem inauguracji<\/h3>\n\n\n\n<div class=\"wp-block-columns is-layout-flex wp-container-core-columns-is-layout-9d6595d7 wp-block-columns-is-layout-flex\">\n<div class=\"wp-block-column is-layout-flow wp-block-column-is-layout-flow\" style=\"flex-basis:66.66%\">\n<figure class=\"wp-block-image size-large\"><img fetchpriority=\"high\" decoding=\"async\" width=\"1024\" height=\"682\" src=\"https:\/\/futbolbezbarier.pl\/wp-content\/uploads\/2026\/04\/WhatsApp-Image-2026-04-18-at-18.26.21-1024x682.jpeg\" alt=\"\" class=\"wp-image-2265\" srcset=\"https:\/\/futbolbezbarier.pl\/wp-content\/uploads\/2026\/04\/WhatsApp-Image-2026-04-18-at-18.26.21-1024x682.jpeg 1024w, https:\/\/futbolbezbarier.pl\/wp-content\/uploads\/2026\/04\/WhatsApp-Image-2026-04-18-at-18.26.21-300x200.jpeg 300w, https:\/\/futbolbezbarier.pl\/wp-content\/uploads\/2026\/04\/WhatsApp-Image-2026-04-18-at-18.26.21-768x511.jpeg 768w, https:\/\/futbolbezbarier.pl\/wp-content\/uploads\/2026\/04\/WhatsApp-Image-2026-04-18-at-18.26.21-930x620.jpeg 930w, https:\/\/futbolbezbarier.pl\/wp-content\/uploads\/2026\/04\/WhatsApp-Image-2026-04-18-at-18.26.21.jpeg 1280w\" sizes=\"(max-width: 1024px) 100vw, 1024px\" \/><\/figure>\n<\/div>\n\n\n\n<div class=\"wp-block-column is-layout-flow wp-block-column-is-layout-flow\" style=\"flex-basis:33.33%\">\n<p><\/p>\n\n\n\n<p><\/p>\n\n\n\n<p>Rozgrywki rozpocz\u0119\u0142y si\u0119 w \u0141owiczu, gdzie pogoda sprzyja\u0142a rywalizacji, cho\u0107 momentami dawa\u0142 si\u0119 we znaki silniejszy wiatr. Gdy tylko boiska by\u0142y gotowe, a dru\u017cyny dotar\u0142y na miejsce, mo\u017cna by\u0142o rozpocz\u0105\u0107 pierwsze spotkania.<\/p>\n\n\n\n<p><\/p>\n<\/div>\n<\/div>\n\n\n\n<p class=\"has-text-align-center\">Dla cz\u0119\u015bci zespo\u0142\u00f3w by\u0142 to historyczny moment. Pierwsze mecze, pierwsze gole i pierwsze emocje, kt\u00f3re na d\u0142ugo pozostan\u0105 w pami\u0119ci zawodnik\u00f3w. Cho\u0107 Asom nie uda\u0142o si\u0119 zdoby\u0107 punkt\u00f3w, ich premierowa bramka by\u0142a wyj\u0105tkowym wydarzeniem. Z kolei Dynamit E\u0142k pokaza\u0142 si\u0119 z bardzo dobrej strony, wygrywaj\u0105c dwa spotkania i zaznaczaj\u0105c swoj\u0105 obecno\u015b\u0107 w lidze.<\/p>\n\n\n<div class=\"wp-block-image\">\n<figure class=\"aligncenter size-large\"><img decoding=\"async\" width=\"1024\" height=\"681\" src=\"https:\/\/futbolbezbarier.pl\/wp-content\/uploads\/2026\/04\/WhatsApp-Image-2026-04-18-at-18.26.22-1024x681.jpeg\" alt=\"\" class=\"wp-image-2267\" srcset=\"https:\/\/futbolbezbarier.pl\/wp-content\/uploads\/2026\/04\/WhatsApp-Image-2026-04-18-at-18.26.22-1024x681.jpeg 1024w, https:\/\/futbolbezbarier.pl\/wp-content\/uploads\/2026\/04\/WhatsApp-Image-2026-04-18-at-18.26.22-300x199.jpeg 300w, https:\/\/futbolbezbarier.pl\/wp-content\/uploads\/2026\/04\/WhatsApp-Image-2026-04-18-at-18.26.22-768x511.jpeg 768w, https:\/\/futbolbezbarier.pl\/wp-content\/uploads\/2026\/04\/WhatsApp-Image-2026-04-18-at-18.26.22.jpeg 1280w\" sizes=\"(max-width: 1024px) 100vw, 1024px\" \/><\/figure>\n<\/div>\n\n\n<p class=\"has-text-align-center\">Jak to cz\u0119sto bywa na pocz\u0105tku sezonu, wyniki schodz\u0105 na drugi plan. Najwa\u017cniejsze s\u0105 emocje, rado\u015b\u0107 z gry i do\u015bwiadczenia, kt\u00f3re buduj\u0105 przysz\u0142o\u015b\u0107 zespo\u0142\u00f3w w projekcie futbol bez barier.<\/p>\n\n\n\n<h3 class=\"wp-block-heading has-text-align-center\">Ekstraklasa dostarczy\u0142a wielkich emocji<\/h3>\n\n\n\n<div class=\"wp-block-columns is-layout-flex wp-container-core-columns-is-layout-9d6595d7 wp-block-columns-is-layout-flex\">\n<div class=\"wp-block-column is-layout-flow wp-block-column-is-layout-flow\" style=\"flex-basis:33.33%\">\n<p><\/p>\n\n\n\n<p>Popo\u0142udniowa cz\u0119\u015b\u0107 rywalizacji nale\u017ca\u0142a do Ekstraklasy, gdzie poziom sportowy by\u0142 wyj\u0105tkowo wysoki. Po pierwszej serii spotka\u0144 na czele tabeli znalaz\u0142y si\u0119 dru\u017cyny z P\u0142ocka oraz Jagiellonii Bia\u0142ystok. Bardzo dobre wra\u017cenie zrobi\u0142 tak\u017ce zesp\u00f3\u0142 z Torunia, kt\u00f3ry zajmuje trzecie miejsce.<\/p>\n<\/div>\n\n\n\n<div class=\"wp-block-column is-layout-flow wp-block-column-is-layout-flow\" style=\"flex-basis:66.66%\">\n<figure class=\"wp-block-image size-large\"><img decoding=\"async\" width=\"1024\" height=\"682\" src=\"https:\/\/futbolbezbarier.pl\/wp-content\/uploads\/2026\/04\/WhatsApp-Image-2026-04-18-at-18.26.17-1024x682.jpeg\" alt=\"\" class=\"wp-image-2268\" srcset=\"https:\/\/futbolbezbarier.pl\/wp-content\/uploads\/2026\/04\/WhatsApp-Image-2026-04-18-at-18.26.17-1024x682.jpeg 1024w, https:\/\/futbolbezbarier.pl\/wp-content\/uploads\/2026\/04\/WhatsApp-Image-2026-04-18-at-18.26.17-300x200.jpeg 300w, https:\/\/futbolbezbarier.pl\/wp-content\/uploads\/2026\/04\/WhatsApp-Image-2026-04-18-at-18.26.17-768x511.jpeg 768w, https:\/\/futbolbezbarier.pl\/wp-content\/uploads\/2026\/04\/WhatsApp-Image-2026-04-18-at-18.26.17-930x620.jpeg 930w, https:\/\/futbolbezbarier.pl\/wp-content\/uploads\/2026\/04\/WhatsApp-Image-2026-04-18-at-18.26.17.jpeg 1280w\" sizes=\"(max-width: 1024px) 100vw, 1024px\" \/><\/figure>\n<\/div>\n<\/div>\n\n\n\n<p class=\"has-text-align-center\">Ekstraklasa pokaza\u0142a, \u017ce futbol bez barier to nie tylko idea, ale r\u00f3wnie\u017c wysoki poziom sportowej rywalizacji. Na boisku dzia\u0142o si\u0119 naprawd\u0119 du\u017co, a ka\u017cde spotkanie trzyma\u0142o w napi\u0119ciu do ostatnich minut.<\/p>\n\n\n\n<p class=\"has-text-align-center\">Organizacja wydarzenia w \u0141owiczu by\u0142a mo\u017cliwa dzi\u0119ki wsparciu w\u0142adz miasta oraz OSiR \u0141owicz. Ju\u017c teraz pojawiaj\u0105 si\u0119 pomys\u0142y, jak jeszcze bardziej rozwin\u0105\u0107 to wydarzenie w przysz\u0142o\u015bci.<\/p>\n\n\n\n<h3 class=\"wp-block-heading has-text-align-center\">Miko\u0142\u00f3w i grupa po\u0142udniowa<\/h3>\n\n\n\n<p class=\"has-text-align-center\">Drugiego dnia rozgrywek zespo\u0142y przenios\u0142y si\u0119 do Miko\u0142owa, gdzie na obiektach Orze\u0142 Mokre rozpocz\u0119\u0142a si\u0119 rywalizacja w grupie po\u0142udniowej. Pi\u0119kne trawiaste boisko stworzy\u0142o wyj\u0105tkow\u0105 atmosfer\u0119 i rozpali\u0142o pi\u0142karskie marzenia ka\u017cdego z zawodnik\u00f3w.<br>Na szczeg\u00f3lne wyr\u00f3\u017cnienie zas\u0142uguje Gaudium Krak\u00f3w, kt\u00f3re przyjecha\u0142o na turniej bardzo liczn\u0105 kadr\u0105.<\/p>\n\n\n\n<div class=\"wp-block-columns is-layout-flex wp-container-core-columns-is-layout-9d6595d7 wp-block-columns-is-layout-flex\">\n<div class=\"wp-block-column is-layout-flow wp-block-column-is-layout-flow\" style=\"flex-basis:66.66%\">\n<figure class=\"wp-block-image size-large\"><img loading=\"lazy\" decoding=\"async\" width=\"1024\" height=\"682\" src=\"https:\/\/futbolbezbarier.pl\/wp-content\/uploads\/2026\/04\/WhatsApp-Image-2026-04-19-at-16.25.57-1024x682.jpeg\" alt=\"\" class=\"wp-image-2269\" srcset=\"https:\/\/futbolbezbarier.pl\/wp-content\/uploads\/2026\/04\/WhatsApp-Image-2026-04-19-at-16.25.57-1024x682.jpeg 1024w, https:\/\/futbolbezbarier.pl\/wp-content\/uploads\/2026\/04\/WhatsApp-Image-2026-04-19-at-16.25.57-300x200.jpeg 300w, https:\/\/futbolbezbarier.pl\/wp-content\/uploads\/2026\/04\/WhatsApp-Image-2026-04-19-at-16.25.57-768x511.jpeg 768w, https:\/\/futbolbezbarier.pl\/wp-content\/uploads\/2026\/04\/WhatsApp-Image-2026-04-19-at-16.25.57-930x620.jpeg 930w, https:\/\/futbolbezbarier.pl\/wp-content\/uploads\/2026\/04\/WhatsApp-Image-2026-04-19-at-16.25.57.jpeg 1280w\" sizes=\"(max-width: 1024px) 100vw, 1024px\" \/><\/figure>\n<\/div>\n\n\n\n<div class=\"wp-block-column is-layout-flow wp-block-column-is-layout-flow\" style=\"flex-basis:33.33%\">\n<p> <\/p>\n\n\n\n<p>Dru\u017cyna zaprezentowa\u0142a si\u0119 znakomicie zar\u00f3wno organizacyjnie, jak i sportowo, co prze\u0142o\u017cy\u0142o si\u0119 na wysokie drugie miejsce w tabeli. Ich zaanga\u017cowanie i szeroki sk\u0142ad pokaza\u0142y, jak dynamicznie rozwija si\u0119 futbol bez barier i jak du\u017ce znaczenie ma budowanie silnych zespo\u0142\u00f3w.<\/p>\n<\/div>\n<\/div>\n\n\n\n<p class=\"has-text-align-center\">Zaskoczeniem okaza\u0142y si\u0119 wyniki Tarnowskich Jask\u00f3\u0142ek, kt\u00f3re przegra\u0142y swoje trzy pierwsze spotkania. Zupe\u0142nie odwrotn\u0105 form\u0119 zaprezentowa\u0142 MKS Si\u00f3demka, kt\u00f3ry wygra\u0142 trzy mecze i sta\u0142 si\u0119 jedn\u0105 z rewelacji tej kolejki.<\/p>\n\n\n\n<p class=\"has-text-align-center\">W dobrej dyspozycji zobaczyli\u015bmy tak\u017ce Zamek Opolnica, kt\u00f3ry przypomnia\u0142 o swoich najlepszych latach. Spotkanie Si\u00f3demki z Opolnic\u0105 przywo\u0142a\u0142o wspomnienia dawnych emocjonuj\u0105cych pojedynk\u00f3w i by\u0142o jednym z najbardziej widowiskowych mecz\u00f3w ca\u0142ego weekendu.<\/p>\n\n\n<div class=\"wp-block-image\">\n<figure class=\"aligncenter size-large\"><img loading=\"lazy\" decoding=\"async\" width=\"1024\" height=\"681\" src=\"https:\/\/futbolbezbarier.pl\/wp-content\/uploads\/2026\/04\/WhatsApp-Image-2026-04-19-at-16.25.58-1024x681.jpeg\" alt=\"\" class=\"wp-image-2266\" srcset=\"https:\/\/futbolbezbarier.pl\/wp-content\/uploads\/2026\/04\/WhatsApp-Image-2026-04-19-at-16.25.58-1024x681.jpeg 1024w, https:\/\/futbolbezbarier.pl\/wp-content\/uploads\/2026\/04\/WhatsApp-Image-2026-04-19-at-16.25.58-300x199.jpeg 300w, https:\/\/futbolbezbarier.pl\/wp-content\/uploads\/2026\/04\/WhatsApp-Image-2026-04-19-at-16.25.58-768x511.jpeg 768w, https:\/\/futbolbezbarier.pl\/wp-content\/uploads\/2026\/04\/WhatsApp-Image-2026-04-19-at-16.25.58.jpeg 1280w\" sizes=\"(max-width: 1024px) 100vw, 1024px\" \/><\/figure>\n<\/div>\n\n\n<h3 class=\"wp-block-heading has-text-align-center\">Futbol bez barier nabiera rozp\u0119du<\/h3>\n\n\n\n<p class=\"has-text-align-center\">Start sezonu pokaza\u0142, \u017ce futbol bez barier rozwija si\u0119 w imponuj\u0105cym tempie. Nowe dru\u017cyny, rosn\u0105cy poziom sportowy i ogromne zaanga\u017cowanie zawodnik\u00f3w sprawiaj\u0105, \u017ce rozgrywki z ka\u017cdym rokiem zyskuj\u0105 na znaczeniu. Wyniki wszystkich spotka\u0144 mo\u017cna sprawdzi\u0107 w zak\u0142adce<a href=\"https:\/\/futbolbezbarier.pl\/index.php\/futbol-bez-barier-3\/\"> <strong>futbol<\/strong><\/a> i wyniki, jednak to nie liczby s\u0105 tutaj najwa\u017cniejsze. Najwi\u0119ksz\u0105 warto\u015bci\u0105 pozostaj\u0105 emocje, integracja i mo\u017cliwo\u015b\u0107 spe\u0142niania sportowych marze\u0144.<\/p>\n\n\n\n<p class=\"has-text-align-center\">Jedno jest pewne. To dopiero pocz\u0105tek, a kolejne kolejki przynios\u0105 jeszcze wi\u0119cej niezapomnianych chwil.<\/p>\n","protected":false},"excerpt":{"rendered":"<p>Futbol bez barier ruszy\u0142 pe\u0142n\u0105 par\u0105. Emocjonuj\u0105cy start sezonu Weekend 18 i 19 kwietnia przyni\u00f3s\u0142 d\u0142ugo wyczekiwany pocz\u0105tek rozgrywek, w kt\u00f3rych g\u0142\u00f3wn\u0105 rol\u0119 odgrywa futbol bez barier. Nowy sezon wystartowa\u0142 z ogromn\u0105 energi\u0105, a na boiskach pojawi\u0142o si\u0119 wiele nowych dru\u017cyn, kt\u00f3re od pierwszych minut pokaza\u0142y wielkie zaanga\u017cowanie i pasj\u0119 do gry. Do rywalizacji do\u0142\u0105czy\u0142y&hellip;&nbsp;<a href=\"https:\/\/futbolbezbarier.pl\/index.php\/2026\/04\/20\/inauguracja-sezonu-2026\/\" rel=\"bookmark\">Dowiedz si\u0119 wi\u0119cej &raquo;<span class=\"screen-reader-text\">inauguracja sezonu 2026<\/span><\/a><\/p>\n","protected":false},"author":3,"featured_media":2302,"comment_status":"closed","ping_status":"open","sticky":false,"template":"","format":"standard","meta":{"_monsterinsights_skip_tracking":false,"_monsterinsights_sitenote_active":false,"_monsterinsights_sitenote_note":"","_monsterinsights_sitenote_category":0,"neve_meta_sidebar":"","neve_meta_container":"","neve_meta_enable_content_width":"","neve_meta_content_width":0,"neve_meta_title_alignment":"","neve_meta_author_avatar":"","neve_post_elements_order":"","neve_meta_disable_header":"","neve_meta_disable_footer":"","neve_meta_disable_title":"","_themeisle_gutenberg_block_has_review":false,"footnotes":""},"categories":[1],"tags":[],"class_list":["post-2264","post","type-post","status-publish","format-standard","has-post-thumbnail","hentry","category-bez-kategorii"],"yoast_head":"<!-- This site is optimized with the Yoast SEO plugin v27.5 - https:\/\/yoast.com\/product\/yoast-seo-wordpress\/ -->\n<title>inauguracja sezonu 2026 - Futbol Bez Barier<\/title>\n<meta name=\"description\" content=\"inauguracja sezonu 2026 przeczytaj najnowszy wpis\" \/>\n<meta name=\"robots\" content=\"index, follow, max-snippet:-1, max-image-preview:large, max-video-preview:-1\" \/>\n<link rel=\"canonical\" href=\"https:\/\/futbolbezbarier.pl\/index.php\/2026\/04\/20\/inauguracja-sezonu-2026\/\" \/>\n<meta property=\"og:locale\" content=\"pl_PL\" \/>\n<meta property=\"og:type\" content=\"article\" \/>\n<meta property=\"og:title\" content=\"inauguracja sezonu 2026 - Futbol Bez Barier\" \/>\n<meta property=\"og:description\" content=\"inauguracja sezonu 2026 przeczytaj najnowszy wpis\" \/>\n<meta property=\"og:url\" content=\"https:\/\/futbolbezbarier.pl\/index.php\/2026\/04\/20\/inauguracja-sezonu-2026\/\" \/>\n<meta property=\"og:site_name\" content=\"Futbol Bez Barier\" \/>\n<meta property=\"article:publisher\" content=\"https:\/\/www.facebook.com\/FutbollBezBarier\/\" \/>\n<meta property=\"article:published_time\" content=\"2026-04-20T20:26:42+00:00\" \/>\n<meta property=\"article:modified_time\" content=\"2026-04-21T17:36:41+00:00\" \/>\n<meta property=\"og:image\" content=\"https:\/\/futbolbezbarier.pl\/wp-content\/uploads\/2026\/04\/WhatsApp-Image-2026-04-19-at-16.25.56.jpeg\" \/>\n\t<meta property=\"og:image:width\" content=\"1280\" \/>\n\t<meta property=\"og:image:height\" content=\"852\" \/>\n\t<meta property=\"og:image:type\" content=\"image\/jpeg\" \/>\n<meta name=\"author\" content=\"Maciej Colton\" \/>\n<meta name=\"twitter:card\" content=\"summary_large_image\" \/>\n<meta name=\"twitter:label1\" content=\"Napisane przez\" \/>\n\t<meta name=\"twitter:data1\" content=\"Maciej Colton\" \/>\n\t<meta name=\"twitter:label2\" content=\"Szacowany czas czytania\" \/>\n\t<meta name=\"twitter:data2\" content=\"5 minut\" \/>\n<script type=\"application\/ld+json\" class=\"yoast-schema-graph\">{\"@context\":\"https:\\\/\\\/schema.org\",\"@graph\":[{\"@type\":\"Article\",\"@id\":\"https:\\\/\\\/futbolbezbarier.pl\\\/index.php\\\/2026\\\/04\\\/20\\\/inauguracja-sezonu-2026\\\/#article\",\"isPartOf\":{\"@id\":\"https:\\\/\\\/futbolbezbarier.pl\\\/index.php\\\/2026\\\/04\\\/20\\\/inauguracja-sezonu-2026\\\/\"},\"author\":{\"name\":\"Maciej Colton\",\"@id\":\"https:\\\/\\\/futbolbezbarier.pl\\\/#\\\/schema\\\/person\\\/746638be29ba15e59f6324eefa98f822\"},\"headline\":\"inauguracja sezonu 2026\",\"datePublished\":\"2026-04-20T20:26:42+00:00\",\"dateModified\":\"2026-04-21T17:36:41+00:00\",\"mainEntityOfPage\":{\"@id\":\"https:\\\/\\\/futbolbezbarier.pl\\\/index.php\\\/2026\\\/04\\\/20\\\/inauguracja-sezonu-2026\\\/\"},\"wordCount\":678,\"publisher\":{\"@id\":\"https:\\\/\\\/futbolbezbarier.pl\\\/#organization\"},\"image\":{\"@id\":\"https:\\\/\\\/futbolbezbarier.pl\\\/index.php\\\/2026\\\/04\\\/20\\\/inauguracja-sezonu-2026\\\/#primaryimage\"},\"thumbnailUrl\":\"https:\\\/\\\/futbolbezbarier.pl\\\/wp-content\\\/uploads\\\/2026\\\/04\\\/WhatsApp-Image-2026-04-19-at-16.25.56.jpeg\",\"inLanguage\":\"pl-PL\"},{\"@type\":\"WebPage\",\"@id\":\"https:\\\/\\\/futbolbezbarier.pl\\\/index.php\\\/2026\\\/04\\\/20\\\/inauguracja-sezonu-2026\\\/\",\"url\":\"https:\\\/\\\/futbolbezbarier.pl\\\/index.php\\\/2026\\\/04\\\/20\\\/inauguracja-sezonu-2026\\\/\",\"name\":\"inauguracja sezonu 2026 - Futbol Bez Barier\",\"isPartOf\":{\"@id\":\"https:\\\/\\\/futbolbezbarier.pl\\\/#website\"},\"primaryImageOfPage\":{\"@id\":\"https:\\\/\\\/futbolbezbarier.pl\\\/index.php\\\/2026\\\/04\\\/20\\\/inauguracja-sezonu-2026\\\/#primaryimage\"},\"image\":{\"@id\":\"https:\\\/\\\/futbolbezbarier.pl\\\/index.php\\\/2026\\\/04\\\/20\\\/inauguracja-sezonu-2026\\\/#primaryimage\"},\"thumbnailUrl\":\"https:\\\/\\\/futbolbezbarier.pl\\\/wp-content\\\/uploads\\\/2026\\\/04\\\/WhatsApp-Image-2026-04-19-at-16.25.56.jpeg\",\"datePublished\":\"2026-04-20T20:26:42+00:00\",\"dateModified\":\"2026-04-21T17:36:41+00:00\",\"description\":\"inauguracja sezonu 2026 przeczytaj najnowszy wpis\",\"breadcrumb\":{\"@id\":\"https:\\\/\\\/futbolbezbarier.pl\\\/index.php\\\/2026\\\/04\\\/20\\\/inauguracja-sezonu-2026\\\/#breadcrumb\"},\"inLanguage\":\"pl-PL\",\"potentialAction\":[{\"@type\":\"ReadAction\",\"target\":[\"https:\\\/\\\/futbolbezbarier.pl\\\/index.php\\\/2026\\\/04\\\/20\\\/inauguracja-sezonu-2026\\\/\"]}]},{\"@type\":\"ImageObject\",\"inLanguage\":\"pl-PL\",\"@id\":\"https:\\\/\\\/futbolbezbarier.pl\\\/index.php\\\/2026\\\/04\\\/20\\\/inauguracja-sezonu-2026\\\/#primaryimage\",\"url\":\"https:\\\/\\\/futbolbezbarier.pl\\\/wp-content\\\/uploads\\\/2026\\\/04\\\/WhatsApp-Image-2026-04-19-at-16.25.56.jpeg\",\"contentUrl\":\"https:\\\/\\\/futbolbezbarier.pl\\\/wp-content\\\/uploads\\\/2026\\\/04\\\/WhatsApp-Image-2026-04-19-at-16.25.56.jpeg\",\"width\":1280,\"height\":852},{\"@type\":\"BreadcrumbList\",\"@id\":\"https:\\\/\\\/futbolbezbarier.pl\\\/index.php\\\/2026\\\/04\\\/20\\\/inauguracja-sezonu-2026\\\/#breadcrumb\",\"itemListElement\":[{\"@type\":\"ListItem\",\"position\":1,\"name\":\"Home\",\"item\":\"https:\\\/\\\/futbolbezbarier.pl\\\/\"},{\"@type\":\"ListItem\",\"position\":2,\"name\":\"inauguracja sezonu 2026\"}]},{\"@type\":\"WebSite\",\"@id\":\"https:\\\/\\\/futbolbezbarier.pl\\\/#website\",\"url\":\"https:\\\/\\\/futbolbezbarier.pl\\\/\",\"name\":\"Futbol Bez Barier\",\"description\":\"Pi\u0142ka no\u017cna dla os\u00f3b z niepe\u0142nosprawno\u015bciami\",\"publisher\":{\"@id\":\"https:\\\/\\\/futbolbezbarier.pl\\\/#organization\"},\"potentialAction\":[{\"@type\":\"SearchAction\",\"target\":{\"@type\":\"EntryPoint\",\"urlTemplate\":\"https:\\\/\\\/futbolbezbarier.pl\\\/?s={search_term_string}\"},\"query-input\":{\"@type\":\"PropertyValueSpecification\",\"valueRequired\":true,\"valueName\":\"search_term_string\"}}],\"inLanguage\":\"pl-PL\"},{\"@type\":\"Organization\",\"@id\":\"https:\\\/\\\/futbolbezbarier.pl\\\/#organization\",\"name\":\"Futbol Bez Barier\",\"url\":\"https:\\\/\\\/futbolbezbarier.pl\\\/\",\"logo\":{\"@type\":\"ImageObject\",\"inLanguage\":\"pl-PL\",\"@id\":\"https:\\\/\\\/futbolbezbarier.pl\\\/#\\\/schema\\\/logo\\\/image\\\/\",\"url\":\"https:\\\/\\\/futbolbezbarier.pl\\\/wp-content\\\/uploads\\\/2025\\\/02\\\/Projekt-bez-nazwy-20.png\",\"contentUrl\":\"https:\\\/\\\/futbolbezbarier.pl\\\/wp-content\\\/uploads\\\/2025\\\/02\\\/Projekt-bez-nazwy-20.png\",\"width\":940,\"height\":788,\"caption\":\"Futbol Bez Barier\"},\"image\":{\"@id\":\"https:\\\/\\\/futbolbezbarier.pl\\\/#\\\/schema\\\/logo\\\/image\\\/\"},\"sameAs\":[\"https:\\\/\\\/www.facebook.com\\\/FutbollBezBarier\\\/\",\"https:\\\/\\\/www.youtube.com\\\/channel\\\/UCTKZn9TuPuanTWiCGnTRGGw\"]},{\"@type\":\"Person\",\"@id\":\"https:\\\/\\\/futbolbezbarier.pl\\\/#\\\/schema\\\/person\\\/746638be29ba15e59f6324eefa98f822\",\"name\":\"Maciej Colton\",\"image\":{\"@type\":\"ImageObject\",\"inLanguage\":\"pl-PL\",\"@id\":\"https:\\\/\\\/secure.gravatar.com\\\/avatar\\\/a068e195272152fc1341d1b627a6665aa0d02867c44c7a51cecd5f0f9d523ead?s=96&d=mm&r=g\",\"url\":\"https:\\\/\\\/secure.gravatar.com\\\/avatar\\\/a068e195272152fc1341d1b627a6665aa0d02867c44c7a51cecd5f0f9d523ead?s=96&d=mm&r=g\",\"contentUrl\":\"https:\\\/\\\/secure.gravatar.com\\\/avatar\\\/a068e195272152fc1341d1b627a6665aa0d02867c44c7a51cecd5f0f9d523ead?s=96&d=mm&r=g\",\"caption\":\"Maciej Colton\"},\"url\":\"https:\\\/\\\/futbolbezbarier.pl\\\/index.php\\\/author\\\/foltyn-m\\\/\"}]}<\/script>\n<!-- \/ Yoast SEO plugin. -->","yoast_head_json":{"title":"inauguracja sezonu 2026 - Futbol Bez Barier","description":"inauguracja sezonu 2026 przeczytaj najnowszy wpis","robots":{"index":"index","follow":"follow","max-snippet":"max-snippet:-1","max-image-preview":"max-image-preview:large","max-video-preview":"max-video-preview:-1"},"canonical":"https:\/\/futbolbezbarier.pl\/index.php\/2026\/04\/20\/inauguracja-sezonu-2026\/","og_locale":"pl_PL","og_type":"article","og_title":"inauguracja sezonu 2026 - Futbol Bez Barier","og_description":"inauguracja sezonu 2026 przeczytaj najnowszy wpis","og_url":"https:\/\/futbolbezbarier.pl\/index.php\/2026\/04\/20\/inauguracja-sezonu-2026\/","og_site_name":"Futbol Bez Barier","article_publisher":"https:\/\/www.facebook.com\/FutbollBezBarier\/","article_published_time":"2026-04-20T20:26:42+00:00","article_modified_time":"2026-04-21T17:36:41+00:00","og_image":[{"width":1280,"height":852,"url":"https:\/\/futbolbezbarier.pl\/wp-content\/uploads\/2026\/04\/WhatsApp-Image-2026-04-19-at-16.25.56.jpeg","type":"image\/jpeg"}],"author":"Maciej Colton","twitter_card":"summary_large_image","twitter_misc":{"Napisane przez":"Maciej Colton","Szacowany czas czytania":"5 minut"},"schema":{"@context":"https:\/\/schema.org","@graph":[{"@type":"Article","@id":"https:\/\/futbolbezbarier.pl\/index.php\/2026\/04\/20\/inauguracja-sezonu-2026\/#article","isPartOf":{"@id":"https:\/\/futbolbezbarier.pl\/index.php\/2026\/04\/20\/inauguracja-sezonu-2026\/"},"author":{"name":"Maciej Colton","@id":"https:\/\/futbolbezbarier.pl\/#\/schema\/person\/746638be29ba15e59f6324eefa98f822"},"headline":"inauguracja sezonu 2026","datePublished":"2026-04-20T20:26:42+00:00","dateModified":"2026-04-21T17:36:41+00:00","mainEntityOfPage":{"@id":"https:\/\/futbolbezbarier.pl\/index.php\/2026\/04\/20\/inauguracja-sezonu-2026\/"},"wordCount":678,"publisher":{"@id":"https:\/\/futbolbezbarier.pl\/#organization"},"image":{"@id":"https:\/\/futbolbezbarier.pl\/index.php\/2026\/04\/20\/inauguracja-sezonu-2026\/#primaryimage"},"thumbnailUrl":"https:\/\/futbolbezbarier.pl\/wp-content\/uploads\/2026\/04\/WhatsApp-Image-2026-04-19-at-16.25.56.jpeg","inLanguage":"pl-PL"},{"@type":"WebPage","@id":"https:\/\/futbolbezbarier.pl\/index.php\/2026\/04\/20\/inauguracja-sezonu-2026\/","url":"https:\/\/futbolbezbarier.pl\/index.php\/2026\/04\/20\/inauguracja-sezonu-2026\/","name":"inauguracja sezonu 2026 - Futbol Bez Barier","isPartOf":{"@id":"https:\/\/futbolbezbarier.pl\/#website"},"primaryImageOfPage":{"@id":"https:\/\/futbolbezbarier.pl\/index.php\/2026\/04\/20\/inauguracja-sezonu-2026\/#primaryimage"},"image":{"@id":"https:\/\/futbolbezbarier.pl\/index.php\/2026\/04\/20\/inauguracja-sezonu-2026\/#primaryimage"},"thumbnailUrl":"https:\/\/futbolbezbarier.pl\/wp-content\/uploads\/2026\/04\/WhatsApp-Image-2026-04-19-at-16.25.56.jpeg","datePublished":"2026-04-20T20:26:42+00:00","dateModified":"2026-04-21T17:36:41+00:00","description":"inauguracja sezonu 2026 przeczytaj najnowszy wpis","breadcrumb":{"@id":"https:\/\/futbolbezbarier.pl\/index.php\/2026\/04\/20\/inauguracja-sezonu-2026\/#breadcrumb"},"inLanguage":"pl-PL","potentialAction":[{"@type":"ReadAction","target":["https:\/\/futbolbezbarier.pl\/index.php\/2026\/04\/20\/inauguracja-sezonu-2026\/"]}]},{"@type":"ImageObject","inLanguage":"pl-PL","@id":"https:\/\/futbolbezbarier.pl\/index.php\/2026\/04\/20\/inauguracja-sezonu-2026\/#primaryimage","url":"https:\/\/futbolbezbarier.pl\/wp-content\/uploads\/2026\/04\/WhatsApp-Image-2026-04-19-at-16.25.56.jpeg","contentUrl":"https:\/\/futbolbezbarier.pl\/wp-content\/uploads\/2026\/04\/WhatsApp-Image-2026-04-19-at-16.25.56.jpeg","width":1280,"height":852},{"@type":"BreadcrumbList","@id":"https:\/\/futbolbezbarier.pl\/index.php\/2026\/04\/20\/inauguracja-sezonu-2026\/#breadcrumb","itemListElement":[{"@type":"ListItem","position":1,"name":"Home","item":"https:\/\/futbolbezbarier.pl\/"},{"@type":"ListItem","position":2,"name":"inauguracja sezonu 2026"}]},{"@type":"WebSite","@id":"https:\/\/futbolbezbarier.pl\/#website","url":"https:\/\/futbolbezbarier.pl\/","name":"Futbol Bez Barier","description":"Pi\u0142ka no\u017cna dla os\u00f3b z niepe\u0142nosprawno\u015bciami","publisher":{"@id":"https:\/\/futbolbezbarier.pl\/#organization"},"potentialAction":[{"@type":"SearchAction","target":{"@type":"EntryPoint","urlTemplate":"https:\/\/futbolbezbarier.pl\/?s={search_term_string}"},"query-input":{"@type":"PropertyValueSpecification","valueRequired":true,"valueName":"search_term_string"}}],"inLanguage":"pl-PL"},{"@type":"Organization","@id":"https:\/\/futbolbezbarier.pl\/#organization","name":"Futbol Bez Barier","url":"https:\/\/futbolbezbarier.pl\/","logo":{"@type":"ImageObject","inLanguage":"pl-PL","@id":"https:\/\/futbolbezbarier.pl\/#\/schema\/logo\/image\/","url":"https:\/\/futbolbezbarier.pl\/wp-content\/uploads\/2025\/02\/Projekt-bez-nazwy-20.png","contentUrl":"https:\/\/futbolbezbarier.pl\/wp-content\/uploads\/2025\/02\/Projekt-bez-nazwy-20.png","width":940,"height":788,"caption":"Futbol Bez Barier"},"image":{"@id":"https:\/\/futbolbezbarier.pl\/#\/schema\/logo\/image\/"},"sameAs":["https:\/\/www.facebook.com\/FutbollBezBarier\/","https:\/\/www.youtube.com\/channel\/UCTKZn9TuPuanTWiCGnTRGGw"]},{"@type":"Person","@id":"https:\/\/futbolbezbarier.pl\/#\/schema\/person\/746638be29ba15e59f6324eefa98f822","name":"Maciej Colton","image":{"@type":"ImageObject","inLanguage":"pl-PL","@id":"https:\/\/secure.gravatar.com\/avatar\/a068e195272152fc1341d1b627a6665aa0d02867c44c7a51cecd5f0f9d523ead?s=96&d=mm&r=g","url":"https:\/\/secure.gravatar.com\/avatar\/a068e195272152fc1341d1b627a6665aa0d02867c44c7a51cecd5f0f9d523ead?s=96&d=mm&r=g","contentUrl":"https:\/\/secure.gravatar.com\/avatar\/a068e195272152fc1341d1b627a6665aa0d02867c44c7a51cecd5f0f9d523ead?s=96&d=mm&r=g","caption":"Maciej Colton"},"url":"https:\/\/futbolbezbarier.pl\/index.php\/author\/foltyn-m\/"}]}},"_links":{"self":[{"href":"https:\/\/futbolbezbarier.pl\/index.php\/wp-json\/wp\/v2\/posts\/2264","targetHints":{"allow":["GET"]}}],"collection":[{"href":"https:\/\/futbolbezbarier.pl\/index.php\/wp-json\/wp\/v2\/posts"}],"about":[{"href":"https:\/\/futbolbezbarier.pl\/index.php\/wp-json\/wp\/v2\/types\/post"}],"author":[{"embeddable":true,"href":"https:\/\/futbolbezbarier.pl\/index.php\/wp-json\/wp\/v2\/users\/3"}],"replies":[{"embeddable":true,"href":"https:\/\/futbolbezbarier.pl\/index.php\/wp-json\/wp\/v2\/comments?post=2264"}],"version-history":[{"count":6,"href":"https:\/\/futbolbezbarier.pl\/index.php\/wp-json\/wp\/v2\/posts\/2264\/revisions"}],"predecessor-version":[{"id":2276,"href":"https:\/\/futbolbezbarier.pl\/index.php\/wp-json\/wp\/v2\/posts\/2264\/revisions\/2276"}],"wp:featuredmedia":[{"embeddable":true,"href":"https:\/\/futbolbezbarier.pl\/index.php\/wp-json\/wp\/v2\/media\/2302"}],"wp:attachment":[{"href":"https:\/\/futbolbezbarier.pl\/index.php\/wp-json\/wp\/v2\/media?parent=2264"}],"wp:term":[{"taxonomy":"category","embeddable":true,"href":"https:\/\/futbolbezbarier.pl\/index.php\/wp-json\/wp\/v2\/categories?post=2264"},{"taxonomy":"post_tag","embeddable":true,"href":"https:\/\/futbolbezbarier.pl\/index.php\/wp-json\/wp\/v2\/tags?post=2264"}],"curies":[{"name":"wp","href":"https:\/\/api.w.org\/{rel}","templated":true}]}}