{"id":2278,"date":"2026-04-21T19:32:41","date_gmt":"2026-04-21T17:32:41","guid":{"rendered":"https:\/\/futbolbezbarier.pl\/?p=2278"},"modified":"2026-04-21T22:20:54","modified_gmt":"2026-04-21T20:20:54","slug":"gala-mistrzow-bez-barier-2026","status":"publish","type":"post","link":"https:\/\/futbolbezbarier.pl\/index.php\/2026\/04\/21\/gala-mistrzow-bez-barier-2026\/","title":{"rendered":"GALA MISTRZ\u00d3W BEZ BARIER 2026"},"content":{"rendered":"\n<p><strong>Sezon 2025 rozgrywek Futsalu Bez Barier<\/strong> przeszed\u0142 do historii jako jeden z najbardziej emocjonuj\u0105cych i inspiruj\u0105cych w dotychczasowej dzia\u0142alno\u015bci ligi. Przez wiele miesi\u0119cy 16 zespo\u0142\u00f3w z ca\u0142ej Polski rywalizowa\u0142o ze sob\u0105 w duchu sportowej walki, wzajemnego szacunku oraz integracji. Rozgrywki przeznaczone dla os\u00f3b z niepe\u0142nosprawno\u015bci\u0105 intelektualn\u0105 i zaburzeniami psychicznymi po raz kolejny udowodni\u0142y, \u017ce sport nie zna barier, a pasja i zaanga\u017cowanie potrafi\u0105 jednoczy\u0107 ludzi niezale\u017cnie od przeciwno\u015bci.<\/p>\n\n\n<div class=\"wp-block-image\">\n<figure class=\"aligncenter size-large\"><img fetchpriority=\"high\" decoding=\"async\" width=\"1024\" height=\"682\" src=\"https:\/\/futbolbezbarier.pl\/wp-content\/uploads\/2026\/04\/zespoly-1024x682.jpg\" alt=\"\" class=\"wp-image-2279\" srcset=\"https:\/\/futbolbezbarier.pl\/wp-content\/uploads\/2026\/04\/zespoly-1024x682.jpg 1024w, https:\/\/futbolbezbarier.pl\/wp-content\/uploads\/2026\/04\/zespoly-300x200.jpg 300w, https:\/\/futbolbezbarier.pl\/wp-content\/uploads\/2026\/04\/zespoly-768x512.jpg 768w, https:\/\/futbolbezbarier.pl\/wp-content\/uploads\/2026\/04\/zespoly-1536x1023.jpg 1536w, https:\/\/futbolbezbarier.pl\/wp-content\/uploads\/2026\/04\/zespoly-930x620.jpg 930w, https:\/\/futbolbezbarier.pl\/wp-content\/uploads\/2026\/04\/zespoly.jpg 1600w\" sizes=\"(max-width: 1024px) 100vw, 1024px\" \/><\/figure>\n<\/div>\n\n\n<p>Sezon sk\u0142ada\u0142 si\u0119 z siedmiu kolejek ligowych, kt\u00f3re odby\u0142y si\u0119 w r\u00f3\u017cnych miastach Polski. Gospodarzami turniej\u00f3w by\u0142y Jelcz Laskowice, Gliwice, Gdynia, Kielce, Olsztyn, \u0141\u00f3d\u017a oraz Radom. Ka\u017cde z tych miejsc stworzy\u0142o wyj\u0105tkow\u0105 atmosfer\u0119 i zapewni\u0142o zawodnikom doskona\u0142e warunki do rywalizacji. <\/p>\n\n\n\n<p>Po zako\u0144czeniu zmaga\u0144 ligowych przyszed\u0142 czas na podsumowanie sezonu i og\u0142oszenie ko\u0144cowych tabel. By\u0142 to moment pe\u0142en wzrusze\u0144, rado\u015bci i dumy z osi\u0105gni\u0119\u0107 wszystkich dru\u017cyn. Ka\u017cdy zesp\u00f3\u0142 wni\u00f3s\u0142 co\u015b wyj\u0105tkowego do rozgrywek, a ko\u0144cowe wyniki by\u0142y efektem ci\u0119\u017ckiej pracy, determinacji oraz wsp\u00f3\u0142pracy ca\u0142ych dru\u017cyn.<\/p>\n\n\n\n<div class=\"wp-block-columns is-layout-flex wp-container-core-columns-is-layout-9d6595d7 wp-block-columns-is-layout-flex\">\n<div class=\"wp-block-column is-layout-flow wp-block-column-is-layout-flow\"><div class=\"wp-block-image\">\n<figure class=\"aligncenter size-large\"><img decoding=\"async\" width=\"1024\" height=\"1024\" src=\"https:\/\/futbolbezbarier.pl\/wp-content\/uploads\/2026\/04\/TABELA-KONCOWA-ESA-1024x1024.png\" alt=\"\" class=\"wp-image-2280\" srcset=\"https:\/\/futbolbezbarier.pl\/wp-content\/uploads\/2026\/04\/TABELA-KONCOWA-ESA-1024x1024.png 1024w, https:\/\/futbolbezbarier.pl\/wp-content\/uploads\/2026\/04\/TABELA-KONCOWA-ESA-300x300.png 300w, https:\/\/futbolbezbarier.pl\/wp-content\/uploads\/2026\/04\/TABELA-KONCOWA-ESA-150x150.png 150w, https:\/\/futbolbezbarier.pl\/wp-content\/uploads\/2026\/04\/TABELA-KONCOWA-ESA-768x768.png 768w, https:\/\/futbolbezbarier.pl\/wp-content\/uploads\/2026\/04\/TABELA-KONCOWA-ESA.png 1080w\" sizes=\"(max-width: 1024px) 100vw, 1024px\" \/><\/figure>\n<\/div><\/div>\n\n\n\n<div class=\"wp-block-column is-layout-flow wp-block-column-is-layout-flow\"><div class=\"wp-block-image\">\n<figure class=\"aligncenter size-large\"><img decoding=\"async\" width=\"1024\" height=\"1024\" src=\"https:\/\/futbolbezbarier.pl\/wp-content\/uploads\/2026\/04\/TABELA-KONCOWA-1-LIGA-1024x1024.png\" alt=\"\" class=\"wp-image-2281\" srcset=\"https:\/\/futbolbezbarier.pl\/wp-content\/uploads\/2026\/04\/TABELA-KONCOWA-1-LIGA-1024x1024.png 1024w, https:\/\/futbolbezbarier.pl\/wp-content\/uploads\/2026\/04\/TABELA-KONCOWA-1-LIGA-300x300.png 300w, https:\/\/futbolbezbarier.pl\/wp-content\/uploads\/2026\/04\/TABELA-KONCOWA-1-LIGA-150x150.png 150w, https:\/\/futbolbezbarier.pl\/wp-content\/uploads\/2026\/04\/TABELA-KONCOWA-1-LIGA-768x768.png 768w, https:\/\/futbolbezbarier.pl\/wp-content\/uploads\/2026\/04\/TABELA-KONCOWA-1-LIGA.png 1080w\" sizes=\"(max-width: 1024px) 100vw, 1024px\" \/><\/figure>\n<\/div><\/div>\n<\/div>\n\n\n\n<p>Zwie\u0144czeniem sezonu by\u0142a uroczysta <strong>Gala Mistrz\u00f3w Bez Barier<\/strong>, podczas kt\u00f3rej uhonorowano najlepszych zawodnik\u00f3w. To wyj\u0105tkowe wydarzenie by\u0142o okazj\u0105 do wyr\u00f3\u017cnienia tych, kt\u00f3rzy w szczeg\u00f3lny spos\u00f3b zapisali si\u0119 w historii tegorocznych rozgrywek. Przyznano nagrody indywidualne dla najlepszych z najlepszych, doceniaj\u0105c ich talent, zaanga\u017cowanie oraz sportow\u0105 postaw\u0119. [<a href=\"https:\/\/www.youtube.com\/live\/lxyR8V4OpZc?si=3DK_KixtAuOBSZ3q\">KLIKNIJ W TEKST, ABY PRZEJ\u015a\u0106 DO TRANSMISJI<\/a>]<\/p>\n\n\n<div class=\"wp-block-image\">\n<figure class=\"aligncenter size-large\"><img loading=\"lazy\" decoding=\"async\" width=\"1024\" height=\"576\" src=\"https:\/\/futbolbezbarier.pl\/wp-content\/uploads\/2026\/04\/1-PLANSZA-GLOWNA-1024x576.png\" alt=\"\" class=\"wp-image-2282\" srcset=\"https:\/\/futbolbezbarier.pl\/wp-content\/uploads\/2026\/04\/1-PLANSZA-GLOWNA-1024x576.png 1024w, https:\/\/futbolbezbarier.pl\/wp-content\/uploads\/2026\/04\/1-PLANSZA-GLOWNA-300x169.png 300w, https:\/\/futbolbezbarier.pl\/wp-content\/uploads\/2026\/04\/1-PLANSZA-GLOWNA-768x432.png 768w, https:\/\/futbolbezbarier.pl\/wp-content\/uploads\/2026\/04\/1-PLANSZA-GLOWNA-1536x864.png 1536w, https:\/\/futbolbezbarier.pl\/wp-content\/uploads\/2026\/04\/1-PLANSZA-GLOWNA.png 1920w\" sizes=\"(max-width: 1024px) 100vw, 1024px\" \/><\/figure>\n<\/div>\n\n\n<div class=\"wp-block-columns is-layout-flex wp-container-core-columns-is-layout-9d6595d7 wp-block-columns-is-layout-flex\">\n<div class=\"wp-block-column is-layout-flow wp-block-column-is-layout-flow\">\n<figure class=\"wp-block-image size-large\"><img loading=\"lazy\" decoding=\"async\" width=\"819\" height=\"1024\" src=\"https:\/\/futbolbezbarier.pl\/wp-content\/uploads\/2026\/04\/652900604_935535612203767_4282887358492555800_n-819x1024.jpg\" alt=\"\" class=\"wp-image-2283\" srcset=\"https:\/\/futbolbezbarier.pl\/wp-content\/uploads\/2026\/04\/652900604_935535612203767_4282887358492555800_n-819x1024.jpg 819w, https:\/\/futbolbezbarier.pl\/wp-content\/uploads\/2026\/04\/652900604_935535612203767_4282887358492555800_n-240x300.jpg 240w, https:\/\/futbolbezbarier.pl\/wp-content\/uploads\/2026\/04\/652900604_935535612203767_4282887358492555800_n-768x960.jpg 768w, https:\/\/futbolbezbarier.pl\/wp-content\/uploads\/2026\/04\/652900604_935535612203767_4282887358492555800_n-1229x1536.jpg 1229w, https:\/\/futbolbezbarier.pl\/wp-content\/uploads\/2026\/04\/652900604_935535612203767_4282887358492555800_n.jpg 1638w\" sizes=\"(max-width: 819px) 100vw, 819px\" \/><\/figure>\n<\/div>\n\n\n\n<div class=\"wp-block-column is-layout-flow wp-block-column-is-layout-flow\">\n<p>O ko\u0144cowym wyniku zdecydowa\u0142y trzy grupy. Pierwsz\u0105 z nich s\u0105 kibice, czyli wszyscy sympatycy rozgrywek, kt\u00f3rzy mogli oddawa\u0107 swoje g\u0142osy za po\u015brednictwem Facebooka Futsal Bez Barier. Drug\u0105 grup\u0119 stanowi\u0142y kluby uczestnicz\u0105ce w sezonie 2025, z kt\u00f3rych ka\u017cdy otrzyma\u0142 specjalny formularz do g\u0142osowania. Trzeci\u0105 grup\u0105 by\u0142a kapitu\u0142a, czyli sztab organizacyjny oraz obs\u0142uga Futsalu Bez Barier.<\/p>\n\n\n\n<p>W ka\u017cdej z tych grup obowi\u0105zywa\u0142 system punktowania. Za pierwsze miejsce przyznawane by\u0142o 5 punkt\u00f3w, za drugie 3 punkty, za trzecie 2 punkty, natomiast za czwarte miejsce 1 punkt. Maksymalnie jeden nominowany m\u00f3g\u0142 zdoby\u0107 15 punkt\u00f3w.<\/p>\n<\/div>\n<\/div>\n\n\n\n<p>Zwyci\u0119zc\u0105 w danych kategorii zosta\u0142y osoby lub zespo\u0142y, kt\u00f3re po zsumowaniu g\u0142os\u00f3w ze wszystkich trzech grup uzyska\u0142y najwy\u017csz\u0105 liczb\u0119 punkt\u00f3w. W przypadku remisu o ko\u0144cowym wyniku zdecydowa\u0142y g\u0142osy kibic\u00f3w.<\/p>\n\n\n\n<div class=\"wp-block-columns is-layout-flex wp-container-core-columns-is-layout-9d6595d7 wp-block-columns-is-layout-flex\">\n<div class=\"wp-block-column is-layout-flow wp-block-column-is-layout-flow\">\n<div class=\"wp-block-columns is-layout-flex wp-container-core-columns-is-layout-9d6595d7 wp-block-columns-is-layout-flex\">\n<div class=\"wp-block-column is-layout-flow wp-block-column-is-layout-flow\">\n<figure class=\"wp-block-image size-large\"><img loading=\"lazy\" decoding=\"async\" width=\"819\" height=\"1024\" src=\"https:\/\/futbolbezbarier.pl\/wp-content\/uploads\/2026\/04\/674819205_958960706527924_571487399670733997_n-1-819x1024.jpg\" alt=\"\" class=\"wp-image-2285\" srcset=\"https:\/\/futbolbezbarier.pl\/wp-content\/uploads\/2026\/04\/674819205_958960706527924_571487399670733997_n-1-819x1024.jpg 819w, https:\/\/futbolbezbarier.pl\/wp-content\/uploads\/2026\/04\/674819205_958960706527924_571487399670733997_n-1-240x300.jpg 240w, https:\/\/futbolbezbarier.pl\/wp-content\/uploads\/2026\/04\/674819205_958960706527924_571487399670733997_n-1-768x960.jpg 768w, https:\/\/futbolbezbarier.pl\/wp-content\/uploads\/2026\/04\/674819205_958960706527924_571487399670733997_n-1-1229x1536.jpg 1229w, https:\/\/futbolbezbarier.pl\/wp-content\/uploads\/2026\/04\/674819205_958960706527924_571487399670733997_n-1.jpg 1600w\" sizes=\"(max-width: 819px) 100vw, 819px\" \/><figcaption class=\"wp-element-caption\">NAJLEPSZY ZAWODNIK EKSTRAKLASY<br><strong>KAMIL SKORUPA<\/strong><br>SI\u00d3DEMKA RUDA \u015aL.<\/figcaption><\/figure>\n<\/div>\n\n\n\n<div class=\"wp-block-column is-layout-flow wp-block-column-is-layout-flow\">\n<figure class=\"wp-block-image size-large\"><img loading=\"lazy\" decoding=\"async\" width=\"819\" height=\"1024\" src=\"https:\/\/futbolbezbarier.pl\/wp-content\/uploads\/2026\/04\/673438244_958963359860992_6822100261897103980_n-819x1024.jpg\" alt=\"\" class=\"wp-image-2286\" srcset=\"https:\/\/futbolbezbarier.pl\/wp-content\/uploads\/2026\/04\/673438244_958963359860992_6822100261897103980_n-819x1024.jpg 819w, https:\/\/futbolbezbarier.pl\/wp-content\/uploads\/2026\/04\/673438244_958963359860992_6822100261897103980_n-240x300.jpg 240w, https:\/\/futbolbezbarier.pl\/wp-content\/uploads\/2026\/04\/673438244_958963359860992_6822100261897103980_n-768x960.jpg 768w, https:\/\/futbolbezbarier.pl\/wp-content\/uploads\/2026\/04\/673438244_958963359860992_6822100261897103980_n-1229x1536.jpg 1229w, https:\/\/futbolbezbarier.pl\/wp-content\/uploads\/2026\/04\/673438244_958963359860992_6822100261897103980_n.jpg 1600w\" sizes=\"(max-width: 819px) 100vw, 819px\" \/><figcaption class=\"wp-element-caption\">NAJLEPSZY ZAWODNIK <br>1 LIGI<br><strong>KAMIL KOWALEWSKI<\/strong><br>JAGIELLONIA BIA\u0141YSTOK<\/figcaption><\/figure>\n<\/div>\n<\/div>\n<\/div>\n\n\n\n<div class=\"wp-block-column is-layout-flow wp-block-column-is-layout-flow\">\n<div class=\"wp-block-columns is-layout-flex wp-container-core-columns-is-layout-9d6595d7 wp-block-columns-is-layout-flex\">\n<div class=\"wp-block-column is-layout-flow wp-block-column-is-layout-flow\">\n<figure class=\"wp-block-image size-large\"><img loading=\"lazy\" decoding=\"async\" width=\"819\" height=\"1024\" src=\"https:\/\/futbolbezbarier.pl\/wp-content\/uploads\/2026\/04\/673787186_958964959860832_1305837876789878596_n-819x1024.jpg\" alt=\"\" class=\"wp-image-2287\" srcset=\"https:\/\/futbolbezbarier.pl\/wp-content\/uploads\/2026\/04\/673787186_958964959860832_1305837876789878596_n-819x1024.jpg 819w, https:\/\/futbolbezbarier.pl\/wp-content\/uploads\/2026\/04\/673787186_958964959860832_1305837876789878596_n-240x300.jpg 240w, https:\/\/futbolbezbarier.pl\/wp-content\/uploads\/2026\/04\/673787186_958964959860832_1305837876789878596_n-768x960.jpg 768w, https:\/\/futbolbezbarier.pl\/wp-content\/uploads\/2026\/04\/673787186_958964959860832_1305837876789878596_n-1229x1536.jpg 1229w, https:\/\/futbolbezbarier.pl\/wp-content\/uploads\/2026\/04\/673787186_958964959860832_1305837876789878596_n.jpg 1600w\" sizes=\"(max-width: 819px) 100vw, 819px\" \/><figcaption class=\"wp-element-caption\">NAJLEPSZY BRAMKARZ EKSTRAKLASY <br><strong>KONRAD JAWORSKI<\/strong><br>LASOTCZAK P\u0141OCK<\/figcaption><\/figure>\n<\/div>\n\n\n\n<div class=\"wp-block-column is-layout-flow wp-block-column-is-layout-flow\">\n<figure class=\"wp-block-image size-large\"><img loading=\"lazy\" decoding=\"async\" width=\"819\" height=\"1024\" src=\"https:\/\/futbolbezbarier.pl\/wp-content\/uploads\/2026\/04\/672686936_958967013193960_2541074123052135525_n-819x1024.jpg\" alt=\"\" class=\"wp-image-2288\" srcset=\"https:\/\/futbolbezbarier.pl\/wp-content\/uploads\/2026\/04\/672686936_958967013193960_2541074123052135525_n-819x1024.jpg 819w, https:\/\/futbolbezbarier.pl\/wp-content\/uploads\/2026\/04\/672686936_958967013193960_2541074123052135525_n-240x300.jpg 240w, https:\/\/futbolbezbarier.pl\/wp-content\/uploads\/2026\/04\/672686936_958967013193960_2541074123052135525_n-768x960.jpg 768w, https:\/\/futbolbezbarier.pl\/wp-content\/uploads\/2026\/04\/672686936_958967013193960_2541074123052135525_n-1229x1536.jpg 1229w, https:\/\/futbolbezbarier.pl\/wp-content\/uploads\/2026\/04\/672686936_958967013193960_2541074123052135525_n.jpg 1600w\" sizes=\"(max-width: 819px) 100vw, 819px\" \/><figcaption class=\"wp-element-caption\">NAJLEPSZY BRAMKARZ <br>1 LIGI<br><strong>MATEUSZ RAFA\u0141OWSKI<\/strong><br>JAGIELLONIA BIA\u0141YSTOK<\/figcaption><\/figure>\n<\/div>\n<\/div>\n<\/div>\n<\/div>\n\n\n\n<div class=\"wp-block-columns is-layout-flex wp-container-core-columns-is-layout-9d6595d7 wp-block-columns-is-layout-flex\">\n<div class=\"wp-block-column is-layout-flow wp-block-column-is-layout-flow\">\n<div class=\"wp-block-columns is-layout-flex wp-container-core-columns-is-layout-9d6595d7 wp-block-columns-is-layout-flex\">\n<div class=\"wp-block-column is-layout-flow wp-block-column-is-layout-flow\">\n<figure class=\"wp-block-image size-large\"><img loading=\"lazy\" decoding=\"async\" width=\"819\" height=\"1024\" src=\"https:\/\/futbolbezbarier.pl\/wp-content\/uploads\/2026\/04\/673507467_958968583193803_1850996156069151404_n-819x1024.jpg\" alt=\"\" class=\"wp-image-2289\" srcset=\"https:\/\/futbolbezbarier.pl\/wp-content\/uploads\/2026\/04\/673507467_958968583193803_1850996156069151404_n-819x1024.jpg 819w, https:\/\/futbolbezbarier.pl\/wp-content\/uploads\/2026\/04\/673507467_958968583193803_1850996156069151404_n-240x300.jpg 240w, https:\/\/futbolbezbarier.pl\/wp-content\/uploads\/2026\/04\/673507467_958968583193803_1850996156069151404_n-768x960.jpg 768w, https:\/\/futbolbezbarier.pl\/wp-content\/uploads\/2026\/04\/673507467_958968583193803_1850996156069151404_n-1229x1536.jpg 1229w, https:\/\/futbolbezbarier.pl\/wp-content\/uploads\/2026\/04\/673507467_958968583193803_1850996156069151404_n.jpg 1600w\" sizes=\"(max-width: 819px) 100vw, 819px\" \/><figcaption class=\"wp-element-caption\">KR\u00d3L STRZELC\u00d3W EKSTRAKLASY <br><strong>KRYSTIAN DZIERZBA<\/strong><br>LASOTCZAK P\u0141OCK<\/figcaption><\/figure>\n<\/div>\n\n\n\n<div class=\"wp-block-column is-layout-flow wp-block-column-is-layout-flow\">\n<figure class=\"wp-block-image size-large\"><img loading=\"lazy\" decoding=\"async\" width=\"819\" height=\"1024\" src=\"https:\/\/futbolbezbarier.pl\/wp-content\/uploads\/2026\/04\/672675344_958983713192290_7868764298465153173_n-819x1024.jpg\" alt=\"\" class=\"wp-image-2290\" srcset=\"https:\/\/futbolbezbarier.pl\/wp-content\/uploads\/2026\/04\/672675344_958983713192290_7868764298465153173_n-819x1024.jpg 819w, https:\/\/futbolbezbarier.pl\/wp-content\/uploads\/2026\/04\/672675344_958983713192290_7868764298465153173_n-240x300.jpg 240w, https:\/\/futbolbezbarier.pl\/wp-content\/uploads\/2026\/04\/672675344_958983713192290_7868764298465153173_n-768x960.jpg 768w, https:\/\/futbolbezbarier.pl\/wp-content\/uploads\/2026\/04\/672675344_958983713192290_7868764298465153173_n-1229x1536.jpg 1229w, https:\/\/futbolbezbarier.pl\/wp-content\/uploads\/2026\/04\/672675344_958983713192290_7868764298465153173_n.jpg 1600w\" sizes=\"(max-width: 819px) 100vw, 819px\" \/><figcaption class=\"wp-element-caption\">KR\u00d3L STRZELC\u00d3W PIERWSZA LIGA<br><strong>SEBASTIAN ADAMSKI<\/strong><br>RAZEM SK\u0118CZNIEW<br><strong>KRZYSZTOF GORZYCKI<\/strong><br>GDYBUS GDYNIA<\/figcaption><\/figure>\n<\/div>\n<\/div>\n<\/div>\n\n\n\n<div class=\"wp-block-column is-layout-flow wp-block-column-is-layout-flow\">\n<div class=\"wp-block-columns is-layout-flex wp-container-core-columns-is-layout-9d6595d7 wp-block-columns-is-layout-flex\">\n<div class=\"wp-block-column is-layout-flow wp-block-column-is-layout-flow\">\n<figure class=\"wp-block-image size-large\"><img loading=\"lazy\" decoding=\"async\" width=\"819\" height=\"1024\" src=\"https:\/\/futbolbezbarier.pl\/wp-content\/uploads\/2026\/04\/673560466_958985453192116_7336419288910868994_n-819x1024.jpg\" alt=\"\" class=\"wp-image-2293\" srcset=\"https:\/\/futbolbezbarier.pl\/wp-content\/uploads\/2026\/04\/673560466_958985453192116_7336419288910868994_n-819x1024.jpg 819w, https:\/\/futbolbezbarier.pl\/wp-content\/uploads\/2026\/04\/673560466_958985453192116_7336419288910868994_n-240x300.jpg 240w, https:\/\/futbolbezbarier.pl\/wp-content\/uploads\/2026\/04\/673560466_958985453192116_7336419288910868994_n-768x960.jpg 768w, https:\/\/futbolbezbarier.pl\/wp-content\/uploads\/2026\/04\/673560466_958985453192116_7336419288910868994_n-1229x1536.jpg 1229w, https:\/\/futbolbezbarier.pl\/wp-content\/uploads\/2026\/04\/673560466_958985453192116_7336419288910868994_n.jpg 1600w\" sizes=\"(max-width: 819px) 100vw, 819px\" \/><figcaption class=\"wp-element-caption\">ODKRYCIE SEZONU<br><strong>SZYMON BADURA<\/strong><br>SI\u00d3DEMKA RUDA \u015aL.<\/figcaption><\/figure>\n<\/div>\n\n\n\n<div class=\"wp-block-column is-layout-flow wp-block-column-is-layout-flow\">\n<figure class=\"wp-block-image size-large\"><img loading=\"lazy\" decoding=\"async\" width=\"819\" height=\"1024\" src=\"https:\/\/futbolbezbarier.pl\/wp-content\/uploads\/2026\/04\/672421905_959039499853378_2576454273401174983_n-819x1024.jpg\" alt=\"\" class=\"wp-image-2292\" srcset=\"https:\/\/futbolbezbarier.pl\/wp-content\/uploads\/2026\/04\/672421905_959039499853378_2576454273401174983_n-819x1024.jpg 819w, https:\/\/futbolbezbarier.pl\/wp-content\/uploads\/2026\/04\/672421905_959039499853378_2576454273401174983_n-240x300.jpg 240w, https:\/\/futbolbezbarier.pl\/wp-content\/uploads\/2026\/04\/672421905_959039499853378_2576454273401174983_n-768x960.jpg 768w, https:\/\/futbolbezbarier.pl\/wp-content\/uploads\/2026\/04\/672421905_959039499853378_2576454273401174983_n-1229x1536.jpg 1229w, https:\/\/futbolbezbarier.pl\/wp-content\/uploads\/2026\/04\/672421905_959039499853378_2576454273401174983_n.jpg 1600w\" sizes=\"(max-width: 819px) 100vw, 819px\" \/><figcaption class=\"wp-element-caption\">ULUBIENIEC KIBIC\u00d3W<br><strong>SEBASTIAN WI\u015aNIEWSKI<\/strong><br>LASOTCZAK P\u0141OCK<\/figcaption><\/figure>\n<\/div>\n<\/div>\n<\/div>\n<\/div>\n\n\n\n<div class=\"wp-block-columns is-layout-flex wp-container-core-columns-is-layout-9d6595d7 wp-block-columns-is-layout-flex\">\n<div class=\"wp-block-column is-layout-flow wp-block-column-is-layout-flow\">\n<div class=\"wp-block-columns is-layout-flex wp-container-core-columns-is-layout-9d6595d7 wp-block-columns-is-layout-flex\">\n<div class=\"wp-block-column is-layout-flow wp-block-column-is-layout-flow\">\n<figure class=\"wp-block-image size-large\"><img loading=\"lazy\" decoding=\"async\" width=\"819\" height=\"1024\" src=\"https:\/\/futbolbezbarier.pl\/wp-content\/uploads\/2026\/04\/674433479_958989503191711_8011325771750415683_n-1-819x1024.jpg\" alt=\"\" class=\"wp-image-2294\" srcset=\"https:\/\/futbolbezbarier.pl\/wp-content\/uploads\/2026\/04\/674433479_958989503191711_8011325771750415683_n-1-819x1024.jpg 819w, https:\/\/futbolbezbarier.pl\/wp-content\/uploads\/2026\/04\/674433479_958989503191711_8011325771750415683_n-1-240x300.jpg 240w, https:\/\/futbolbezbarier.pl\/wp-content\/uploads\/2026\/04\/674433479_958989503191711_8011325771750415683_n-1-768x960.jpg 768w, https:\/\/futbolbezbarier.pl\/wp-content\/uploads\/2026\/04\/674433479_958989503191711_8011325771750415683_n-1-1229x1536.jpg 1229w, https:\/\/futbolbezbarier.pl\/wp-content\/uploads\/2026\/04\/674433479_958989503191711_8011325771750415683_n-1.jpg 1600w\" sizes=\"(max-width: 819px) 100vw, 819px\" \/><figcaption class=\"wp-element-caption\">TRENERZY SEZONU<br><strong>JOANNA BOGUSZ<br>BART\u0141OMIEJ MIZI\u0143SKI<\/strong><br>SI\u00d3DEMKA RUDA \u015aL.<\/figcaption><\/figure>\n<\/div>\n\n\n\n<div class=\"wp-block-column is-layout-flow wp-block-column-is-layout-flow\">\n<figure class=\"wp-block-image size-large\"><img loading=\"lazy\" decoding=\"async\" width=\"819\" height=\"1024\" src=\"https:\/\/futbolbezbarier.pl\/wp-content\/uploads\/2026\/04\/673127161_958991193191542_8300281096539848492_n-819x1024.jpg\" alt=\"\" class=\"wp-image-2295\" srcset=\"https:\/\/futbolbezbarier.pl\/wp-content\/uploads\/2026\/04\/673127161_958991193191542_8300281096539848492_n-819x1024.jpg 819w, https:\/\/futbolbezbarier.pl\/wp-content\/uploads\/2026\/04\/673127161_958991193191542_8300281096539848492_n-240x300.jpg 240w, https:\/\/futbolbezbarier.pl\/wp-content\/uploads\/2026\/04\/673127161_958991193191542_8300281096539848492_n-768x960.jpg 768w, https:\/\/futbolbezbarier.pl\/wp-content\/uploads\/2026\/04\/673127161_958991193191542_8300281096539848492_n-1229x1536.jpg 1229w, https:\/\/futbolbezbarier.pl\/wp-content\/uploads\/2026\/04\/673127161_958991193191542_8300281096539848492_n.jpg 1600w\" sizes=\"(max-width: 819px) 100vw, 819px\" \/><figcaption class=\"wp-element-caption\">DRU\u017bYNA SEZONU<br><strong>LASOTCZAK P\u0141OCK<\/strong><\/figcaption><\/figure>\n<\/div>\n<\/div>\n<\/div>\n\n\n\n<div class=\"wp-block-column is-layout-flow wp-block-column-is-layout-flow\">\n<div class=\"wp-block-columns is-layout-flex wp-container-core-columns-is-layout-9d6595d7 wp-block-columns-is-layout-flex\">\n<div class=\"wp-block-column is-layout-flow wp-block-column-is-layout-flow\">\n<figure class=\"wp-block-image size-large\"><img loading=\"lazy\" decoding=\"async\" width=\"819\" height=\"1024\" src=\"https:\/\/futbolbezbarier.pl\/wp-content\/uploads\/2026\/04\/673245688_959044016519593_3676486861116015144_n-819x1024.jpg\" alt=\"\" class=\"wp-image-2296\" srcset=\"https:\/\/futbolbezbarier.pl\/wp-content\/uploads\/2026\/04\/673245688_959044016519593_3676486861116015144_n-819x1024.jpg 819w, https:\/\/futbolbezbarier.pl\/wp-content\/uploads\/2026\/04\/673245688_959044016519593_3676486861116015144_n-240x300.jpg 240w, https:\/\/futbolbezbarier.pl\/wp-content\/uploads\/2026\/04\/673245688_959044016519593_3676486861116015144_n-768x960.jpg 768w, https:\/\/futbolbezbarier.pl\/wp-content\/uploads\/2026\/04\/673245688_959044016519593_3676486861116015144_n-1229x1536.jpg 1229w, https:\/\/futbolbezbarier.pl\/wp-content\/uploads\/2026\/04\/673245688_959044016519593_3676486861116015144_n.jpg 1600w\" sizes=\"(max-width: 819px) 100vw, 819px\" \/><figcaption class=\"wp-element-caption\">5 SEZONU EKSTRAKLASY<br><strong>KAMIL SKORUPA<\/strong> <br>SI\u00d3DEMKA RUDA \u015aL.<br><strong>KASJAN BIA\u0141ECKI<\/strong><br>LASOTCZAK P\u0141OCK<br><strong>KRYSTIAN DZIERZBA<\/strong><br>LASOTCZAK P\u0141OCK<br><strong>ALAN KOSZLAGA<\/strong><br>WKS \u015aL\u0104SK BEZ BARIER<br><strong>KONRAD JAWORSKI<\/strong><br>LASOTCZAK P\u0141OCK<\/figcaption><\/figure>\n<\/div>\n\n\n\n<div class=\"wp-block-column is-layout-flow wp-block-column-is-layout-flow\">\n<figure class=\"wp-block-image size-large\"><img loading=\"lazy\" decoding=\"async\" width=\"819\" height=\"1024\" src=\"https:\/\/futbolbezbarier.pl\/wp-content\/uploads\/2026\/04\/673799856_959046669852661_8600186219606868597_n-819x1024.jpg\" alt=\"\" class=\"wp-image-2297\" srcset=\"https:\/\/futbolbezbarier.pl\/wp-content\/uploads\/2026\/04\/673799856_959046669852661_8600186219606868597_n-819x1024.jpg 819w, https:\/\/futbolbezbarier.pl\/wp-content\/uploads\/2026\/04\/673799856_959046669852661_8600186219606868597_n-240x300.jpg 240w, https:\/\/futbolbezbarier.pl\/wp-content\/uploads\/2026\/04\/673799856_959046669852661_8600186219606868597_n-768x960.jpg 768w, https:\/\/futbolbezbarier.pl\/wp-content\/uploads\/2026\/04\/673799856_959046669852661_8600186219606868597_n-1229x1536.jpg 1229w, https:\/\/futbolbezbarier.pl\/wp-content\/uploads\/2026\/04\/673799856_959046669852661_8600186219606868597_n.jpg 1600w\" sizes=\"(max-width: 819px) 100vw, 819px\" \/><figcaption class=\"wp-element-caption\">5 SEZONU 1 LIGA<br><strong>KAMIL KOWALEWSKI<\/strong><br>JAGIELLONIA BIA\u0141YSTOK<br><strong>MICHA\u0141 KOPE\u0106<\/strong><br>STREFA FUTBOLU OLSZTYN<br><strong>SEBASTIAN ADAMSKI<\/strong><br>RAZEM SK\u0118CZNIEW<br><strong>KRZYSZTOF GORZYCKI<\/strong><br>GDYBUS GDYNIA<br><strong>MATEUSZ RAFA\u0141OWSKI<\/strong><br>JAGIELLONIA BIA\u0141YSTOK<\/figcaption><\/figure>\n<\/div>\n<\/div>\n<\/div>\n<\/div>\n\n\n\n<p>Organizacja gali nie by\u0142aby mo\u017cliwa bez wsparcia licznych partner\u00f3w i sponsor\u00f3w, kt\u00f3rym nale\u017c\u0105 si\u0119 szczeg\u00f3lne podzi\u0119kowania. Serdeczne wyrazy wdzi\u0119czno\u015bci kierujemy do wszystkich fundator\u00f3w nagr\u00f3d, kt\u00f3rzy wsparli to wydarzenie i przyczynili si\u0119 do jego wyj\u0105tkowego charakteru. Szczeg\u00f3lne podzi\u0119kowania nale\u017c\u0105 si\u0119 firmom i instytucjom takim jak Saller Polska oraz Stragan Zdrowia, a tak\u017ce LeMon Catering Pniewy, 2 Zmiana JRG Legnica, Dmuchane Zamki Pniewy, Kamil Izbia\u0144ski bramkarz WKS Futsal, Prestige Studio Skoki Karolina Rychlicka, Jelcza\u0144ski Klub Samochodowy, Bia\u0142ek Travel, Akademia P\u0142ywania Jakub B\u0142aszak, Foto Projekt Jacek Stasiak, Serwis u Micha sklep rowerowy, Stra\u017cacy KP PSP O\u0142awa mistrzowie Dolnego \u015al\u0105ska w futsalu oraz Beauty Garden Jelcz Laskowice.<\/p>\n\n\n\n<p>Dzi\u0119ki ich zaanga\u017cowaniu gala mia\u0142a nie tylko uroczysty charakter, ale r\u00f3wnie\u017c by\u0142a pi\u0119knym zwie\u0144czeniem sezonu pe\u0142nego emocji i sportowych wra\u017ce\u0144. Futsal Bez Barier to nie tylko rozgrywki sportowe, ale przede wszystkim inicjatywa, kt\u00f3ra zmienia \u017cycie uczestnik\u00f3w, daje im rado\u015b\u0107, poczucie przynale\u017cno\u015bci oraz mo\u017cliwo\u015b\u0107 realizacji swoich pasji.<\/p>\n\n\n<div class=\"wp-block-image\">\n<figure class=\"aligncenter size-large\"><img loading=\"lazy\" decoding=\"async\" width=\"1024\" height=\"682\" src=\"https:\/\/futbolbezbarier.pl\/wp-content\/uploads\/2026\/04\/WhatsApp-Image-2026-04-18-at-07.07.14-1024x682.jpeg\" alt=\"\" class=\"wp-image-2298\" srcset=\"https:\/\/futbolbezbarier.pl\/wp-content\/uploads\/2026\/04\/WhatsApp-Image-2026-04-18-at-07.07.14-1024x682.jpeg 1024w, https:\/\/futbolbezbarier.pl\/wp-content\/uploads\/2026\/04\/WhatsApp-Image-2026-04-18-at-07.07.14-300x200.jpeg 300w, https:\/\/futbolbezbarier.pl\/wp-content\/uploads\/2026\/04\/WhatsApp-Image-2026-04-18-at-07.07.14-768x511.jpeg 768w, https:\/\/futbolbezbarier.pl\/wp-content\/uploads\/2026\/04\/WhatsApp-Image-2026-04-18-at-07.07.14-930x620.jpeg 930w, https:\/\/futbolbezbarier.pl\/wp-content\/uploads\/2026\/04\/WhatsApp-Image-2026-04-18-at-07.07.14.jpeg 1280w\" sizes=\"(max-width: 1024px) 100vw, 1024px\" \/><\/figure>\n<\/div>\n\n\n<p>Sezon 2025 pokaza\u0142, jak wielka si\u0142a tkwi w sporcie i jak wa\u017cne jest tworzenie przestrzeni dla wszystkich, kt\u00f3rzy chc\u0105 aktywnie uczestniczy\u0107 w \u017cyciu sportowym. Ju\u017c teraz z niecierpliwo\u015bci\u0105 czekamy na kolejne rozgrywki i nast\u0119pne historie, kt\u00f3re napisz\u0105 ich uczestnicy.<\/p>\n","protected":false},"excerpt":{"rendered":"<p>Sezon 2025 rozgrywek Futsalu Bez Barier przeszed\u0142 do historii jako jeden z najbardziej emocjonuj\u0105cych i inspiruj\u0105cych w dotychczasowej dzia\u0142alno\u015bci ligi. Przez wiele miesi\u0119cy 16 zespo\u0142\u00f3w z ca\u0142ej Polski rywalizowa\u0142o ze sob\u0105 w duchu sportowej walki, wzajemnego szacunku oraz integracji. Rozgrywki przeznaczone dla os\u00f3b z niepe\u0142nosprawno\u015bci\u0105 intelektualn\u0105 i zaburzeniami psychicznymi po raz kolejny udowodni\u0142y, \u017ce sport&hellip;&nbsp;<a href=\"https:\/\/futbolbezbarier.pl\/index.php\/2026\/04\/21\/gala-mistrzow-bez-barier-2026\/\" rel=\"bookmark\">Dowiedz si\u0119 wi\u0119cej &raquo;<span class=\"screen-reader-text\">GALA MISTRZ\u00d3W BEZ BARIER 2026<\/span><\/a><\/p>\n","protected":false},"author":3,"featured_media":2301,"comment_status":"closed","ping_status":"open","sticky":false,"template":"","format":"standard","meta":{"_monsterinsights_skip_tracking":false,"_monsterinsights_sitenote_active":false,"_monsterinsights_sitenote_note":"","_monsterinsights_sitenote_category":0,"neve_meta_sidebar":"","neve_meta_container":"","neve_meta_enable_content_width":"","neve_meta_content_width":0,"neve_meta_title_alignment":"","neve_meta_author_avatar":"","neve_post_elements_order":"","neve_meta_disable_header":"","neve_meta_disable_footer":"","neve_meta_disable_title":"","_themeisle_gutenberg_block_has_review":false,"footnotes":""},"categories":[1],"tags":[],"class_list":["post-2278","post","type-post","status-publish","format-standard","has-post-thumbnail","hentry","category-bez-kategorii"],"yoast_head":"<!-- This site is optimized with the Yoast SEO plugin v27.5 - https:\/\/yoast.com\/product\/yoast-seo-wordpress\/ -->\n<title>GALA MISTRZ\u00d3W BEZ BARIER 2026 - Futbol Bez Barier<\/title>\n<meta name=\"description\" content=\"GALA MISTRZ\u00d3W BEZ BARIER 2026 przeczytaj najnowszy wpis\" \/>\n<meta name=\"robots\" content=\"index, follow, max-snippet:-1, max-image-preview:large, max-video-preview:-1\" \/>\n<link rel=\"canonical\" href=\"https:\/\/futbolbezbarier.pl\/index.php\/2026\/04\/21\/gala-mistrzow-bez-barier-2026\/\" \/>\n<meta property=\"og:locale\" content=\"pl_PL\" \/>\n<meta property=\"og:type\" content=\"article\" \/>\n<meta property=\"og:title\" content=\"GALA MISTRZ\u00d3W BEZ BARIER 2026 - Futbol Bez Barier\" \/>\n<meta property=\"og:description\" content=\"GALA MISTRZ\u00d3W BEZ BARIER 2026 przeczytaj najnowszy wpis\" \/>\n<meta property=\"og:url\" content=\"https:\/\/futbolbezbarier.pl\/index.php\/2026\/04\/21\/gala-mistrzow-bez-barier-2026\/\" \/>\n<meta property=\"og:site_name\" content=\"Futbol Bez Barier\" \/>\n<meta property=\"article:publisher\" content=\"https:\/\/www.facebook.com\/FutbollBezBarier\/\" \/>\n<meta property=\"article:published_time\" content=\"2026-04-21T17:32:41+00:00\" \/>\n<meta property=\"article:modified_time\" content=\"2026-04-21T20:20:54+00:00\" \/>\n<meta property=\"og:image\" content=\"https:\/\/futbolbezbarier.pl\/wp-content\/uploads\/2026\/04\/WhatsApp-Image-2026-04-18-at-07.07.13.jpeg\" \/>\n\t<meta property=\"og:image:width\" content=\"1280\" \/>\n\t<meta property=\"og:image:height\" content=\"852\" \/>\n\t<meta property=\"og:image:type\" content=\"image\/jpeg\" \/>\n<meta name=\"author\" content=\"Maciej Colton\" \/>\n<meta name=\"twitter:card\" content=\"summary_large_image\" \/>\n<meta name=\"twitter:label1\" content=\"Napisane przez\" \/>\n\t<meta name=\"twitter:data1\" content=\"Maciej Colton\" \/>\n\t<meta name=\"twitter:label2\" content=\"Szacowany czas czytania\" \/>\n\t<meta name=\"twitter:data2\" content=\"8 minut\" \/>\n<script type=\"application\/ld+json\" class=\"yoast-schema-graph\">{\"@context\":\"https:\\\/\\\/schema.org\",\"@graph\":[{\"@type\":\"Article\",\"@id\":\"https:\\\/\\\/futbolbezbarier.pl\\\/index.php\\\/2026\\\/04\\\/21\\\/gala-mistrzow-bez-barier-2026\\\/#article\",\"isPartOf\":{\"@id\":\"https:\\\/\\\/futbolbezbarier.pl\\\/index.php\\\/2026\\\/04\\\/21\\\/gala-mistrzow-bez-barier-2026\\\/\"},\"author\":{\"name\":\"Maciej Colton\",\"@id\":\"https:\\\/\\\/futbolbezbarier.pl\\\/#\\\/schema\\\/person\\\/746638be29ba15e59f6324eefa98f822\"},\"headline\":\"GALA MISTRZ\u00d3W BEZ BARIER 2026\",\"datePublished\":\"2026-04-21T17:32:41+00:00\",\"dateModified\":\"2026-04-21T20:20:54+00:00\",\"mainEntityOfPage\":{\"@id\":\"https:\\\/\\\/futbolbezbarier.pl\\\/index.php\\\/2026\\\/04\\\/21\\\/gala-mistrzow-bez-barier-2026\\\/\"},\"wordCount\":788,\"publisher\":{\"@id\":\"https:\\\/\\\/futbolbezbarier.pl\\\/#organization\"},\"image\":{\"@id\":\"https:\\\/\\\/futbolbezbarier.pl\\\/index.php\\\/2026\\\/04\\\/21\\\/gala-mistrzow-bez-barier-2026\\\/#primaryimage\"},\"thumbnailUrl\":\"https:\\\/\\\/futbolbezbarier.pl\\\/wp-content\\\/uploads\\\/2026\\\/04\\\/WhatsApp-Image-2026-04-18-at-07.07.13.jpeg\",\"inLanguage\":\"pl-PL\"},{\"@type\":\"WebPage\",\"@id\":\"https:\\\/\\\/futbolbezbarier.pl\\\/index.php\\\/2026\\\/04\\\/21\\\/gala-mistrzow-bez-barier-2026\\\/\",\"url\":\"https:\\\/\\\/futbolbezbarier.pl\\\/index.php\\\/2026\\\/04\\\/21\\\/gala-mistrzow-bez-barier-2026\\\/\",\"name\":\"GALA MISTRZ\u00d3W BEZ BARIER 2026 - Futbol Bez Barier\",\"isPartOf\":{\"@id\":\"https:\\\/\\\/futbolbezbarier.pl\\\/#website\"},\"primaryImageOfPage\":{\"@id\":\"https:\\\/\\\/futbolbezbarier.pl\\\/index.php\\\/2026\\\/04\\\/21\\\/gala-mistrzow-bez-barier-2026\\\/#primaryimage\"},\"image\":{\"@id\":\"https:\\\/\\\/futbolbezbarier.pl\\\/index.php\\\/2026\\\/04\\\/21\\\/gala-mistrzow-bez-barier-2026\\\/#primaryimage\"},\"thumbnailUrl\":\"https:\\\/\\\/futbolbezbarier.pl\\\/wp-content\\\/uploads\\\/2026\\\/04\\\/WhatsApp-Image-2026-04-18-at-07.07.13.jpeg\",\"datePublished\":\"2026-04-21T17:32:41+00:00\",\"dateModified\":\"2026-04-21T20:20:54+00:00\",\"description\":\"GALA MISTRZ\u00d3W BEZ BARIER 2026 przeczytaj najnowszy wpis\",\"breadcrumb\":{\"@id\":\"https:\\\/\\\/futbolbezbarier.pl\\\/index.php\\\/2026\\\/04\\\/21\\\/gala-mistrzow-bez-barier-2026\\\/#breadcrumb\"},\"inLanguage\":\"pl-PL\",\"potentialAction\":[{\"@type\":\"ReadAction\",\"target\":[\"https:\\\/\\\/futbolbezbarier.pl\\\/index.php\\\/2026\\\/04\\\/21\\\/gala-mistrzow-bez-barier-2026\\\/\"]}]},{\"@type\":\"ImageObject\",\"inLanguage\":\"pl-PL\",\"@id\":\"https:\\\/\\\/futbolbezbarier.pl\\\/index.php\\\/2026\\\/04\\\/21\\\/gala-mistrzow-bez-barier-2026\\\/#primaryimage\",\"url\":\"https:\\\/\\\/futbolbezbarier.pl\\\/wp-content\\\/uploads\\\/2026\\\/04\\\/WhatsApp-Image-2026-04-18-at-07.07.13.jpeg\",\"contentUrl\":\"https:\\\/\\\/futbolbezbarier.pl\\\/wp-content\\\/uploads\\\/2026\\\/04\\\/WhatsApp-Image-2026-04-18-at-07.07.13.jpeg\",\"width\":1280,\"height\":852},{\"@type\":\"BreadcrumbList\",\"@id\":\"https:\\\/\\\/futbolbezbarier.pl\\\/index.php\\\/2026\\\/04\\\/21\\\/gala-mistrzow-bez-barier-2026\\\/#breadcrumb\",\"itemListElement\":[{\"@type\":\"ListItem\",\"position\":1,\"name\":\"Home\",\"item\":\"https:\\\/\\\/futbolbezbarier.pl\\\/\"},{\"@type\":\"ListItem\",\"position\":2,\"name\":\"GALA MISTRZ\u00d3W BEZ BARIER 2026\"}]},{\"@type\":\"WebSite\",\"@id\":\"https:\\\/\\\/futbolbezbarier.pl\\\/#website\",\"url\":\"https:\\\/\\\/futbolbezbarier.pl\\\/\",\"name\":\"Futbol Bez Barier\",\"description\":\"Pi\u0142ka no\u017cna dla os\u00f3b z niepe\u0142nosprawno\u015bciami\",\"publisher\":{\"@id\":\"https:\\\/\\\/futbolbezbarier.pl\\\/#organization\"},\"potentialAction\":[{\"@type\":\"SearchAction\",\"target\":{\"@type\":\"EntryPoint\",\"urlTemplate\":\"https:\\\/\\\/futbolbezbarier.pl\\\/?s={search_term_string}\"},\"query-input\":{\"@type\":\"PropertyValueSpecification\",\"valueRequired\":true,\"valueName\":\"search_term_string\"}}],\"inLanguage\":\"pl-PL\"},{\"@type\":\"Organization\",\"@id\":\"https:\\\/\\\/futbolbezbarier.pl\\\/#organization\",\"name\":\"Futbol Bez Barier\",\"url\":\"https:\\\/\\\/futbolbezbarier.pl\\\/\",\"logo\":{\"@type\":\"ImageObject\",\"inLanguage\":\"pl-PL\",\"@id\":\"https:\\\/\\\/futbolbezbarier.pl\\\/#\\\/schema\\\/logo\\\/image\\\/\",\"url\":\"https:\\\/\\\/futbolbezbarier.pl\\\/wp-content\\\/uploads\\\/2025\\\/02\\\/Projekt-bez-nazwy-20.png\",\"contentUrl\":\"https:\\\/\\\/futbolbezbarier.pl\\\/wp-content\\\/uploads\\\/2025\\\/02\\\/Projekt-bez-nazwy-20.png\",\"width\":940,\"height\":788,\"caption\":\"Futbol Bez Barier\"},\"image\":{\"@id\":\"https:\\\/\\\/futbolbezbarier.pl\\\/#\\\/schema\\\/logo\\\/image\\\/\"},\"sameAs\":[\"https:\\\/\\\/www.facebook.com\\\/FutbollBezBarier\\\/\",\"https:\\\/\\\/www.youtube.com\\\/channel\\\/UCTKZn9TuPuanTWiCGnTRGGw\"]},{\"@type\":\"Person\",\"@id\":\"https:\\\/\\\/futbolbezbarier.pl\\\/#\\\/schema\\\/person\\\/746638be29ba15e59f6324eefa98f822\",\"name\":\"Maciej Colton\",\"image\":{\"@type\":\"ImageObject\",\"inLanguage\":\"pl-PL\",\"@id\":\"https:\\\/\\\/secure.gravatar.com\\\/avatar\\\/a068e195272152fc1341d1b627a6665aa0d02867c44c7a51cecd5f0f9d523ead?s=96&d=mm&r=g\",\"url\":\"https:\\\/\\\/secure.gravatar.com\\\/avatar\\\/a068e195272152fc1341d1b627a6665aa0d02867c44c7a51cecd5f0f9d523ead?s=96&d=mm&r=g\",\"contentUrl\":\"https:\\\/\\\/secure.gravatar.com\\\/avatar\\\/a068e195272152fc1341d1b627a6665aa0d02867c44c7a51cecd5f0f9d523ead?s=96&d=mm&r=g\",\"caption\":\"Maciej Colton\"},\"url\":\"https:\\\/\\\/futbolbezbarier.pl\\\/index.php\\\/author\\\/foltyn-m\\\/\"}]}<\/script>\n<!-- \/ Yoast SEO plugin. -->","yoast_head_json":{"title":"GALA MISTRZ\u00d3W BEZ BARIER 2026 - Futbol Bez Barier","description":"GALA MISTRZ\u00d3W BEZ BARIER 2026 przeczytaj najnowszy wpis","robots":{"index":"index","follow":"follow","max-snippet":"max-snippet:-1","max-image-preview":"max-image-preview:large","max-video-preview":"max-video-preview:-1"},"canonical":"https:\/\/futbolbezbarier.pl\/index.php\/2026\/04\/21\/gala-mistrzow-bez-barier-2026\/","og_locale":"pl_PL","og_type":"article","og_title":"GALA MISTRZ\u00d3W BEZ BARIER 2026 - Futbol Bez Barier","og_description":"GALA MISTRZ\u00d3W BEZ BARIER 2026 przeczytaj najnowszy wpis","og_url":"https:\/\/futbolbezbarier.pl\/index.php\/2026\/04\/21\/gala-mistrzow-bez-barier-2026\/","og_site_name":"Futbol Bez Barier","article_publisher":"https:\/\/www.facebook.com\/FutbollBezBarier\/","article_published_time":"2026-04-21T17:32:41+00:00","article_modified_time":"2026-04-21T20:20:54+00:00","og_image":[{"width":1280,"height":852,"url":"https:\/\/futbolbezbarier.pl\/wp-content\/uploads\/2026\/04\/WhatsApp-Image-2026-04-18-at-07.07.13.jpeg","type":"image\/jpeg"}],"author":"Maciej Colton","twitter_card":"summary_large_image","twitter_misc":{"Napisane przez":"Maciej Colton","Szacowany czas czytania":"8 minut"},"schema":{"@context":"https:\/\/schema.org","@graph":[{"@type":"Article","@id":"https:\/\/futbolbezbarier.pl\/index.php\/2026\/04\/21\/gala-mistrzow-bez-barier-2026\/#article","isPartOf":{"@id":"https:\/\/futbolbezbarier.pl\/index.php\/2026\/04\/21\/gala-mistrzow-bez-barier-2026\/"},"author":{"name":"Maciej Colton","@id":"https:\/\/futbolbezbarier.pl\/#\/schema\/person\/746638be29ba15e59f6324eefa98f822"},"headline":"GALA MISTRZ\u00d3W BEZ BARIER 2026","datePublished":"2026-04-21T17:32:41+00:00","dateModified":"2026-04-21T20:20:54+00:00","mainEntityOfPage":{"@id":"https:\/\/futbolbezbarier.pl\/index.php\/2026\/04\/21\/gala-mistrzow-bez-barier-2026\/"},"wordCount":788,"publisher":{"@id":"https:\/\/futbolbezbarier.pl\/#organization"},"image":{"@id":"https:\/\/futbolbezbarier.pl\/index.php\/2026\/04\/21\/gala-mistrzow-bez-barier-2026\/#primaryimage"},"thumbnailUrl":"https:\/\/futbolbezbarier.pl\/wp-content\/uploads\/2026\/04\/WhatsApp-Image-2026-04-18-at-07.07.13.jpeg","inLanguage":"pl-PL"},{"@type":"WebPage","@id":"https:\/\/futbolbezbarier.pl\/index.php\/2026\/04\/21\/gala-mistrzow-bez-barier-2026\/","url":"https:\/\/futbolbezbarier.pl\/index.php\/2026\/04\/21\/gala-mistrzow-bez-barier-2026\/","name":"GALA MISTRZ\u00d3W BEZ BARIER 2026 - Futbol Bez Barier","isPartOf":{"@id":"https:\/\/futbolbezbarier.pl\/#website"},"primaryImageOfPage":{"@id":"https:\/\/futbolbezbarier.pl\/index.php\/2026\/04\/21\/gala-mistrzow-bez-barier-2026\/#primaryimage"},"image":{"@id":"https:\/\/futbolbezbarier.pl\/index.php\/2026\/04\/21\/gala-mistrzow-bez-barier-2026\/#primaryimage"},"thumbnailUrl":"https:\/\/futbolbezbarier.pl\/wp-content\/uploads\/2026\/04\/WhatsApp-Image-2026-04-18-at-07.07.13.jpeg","datePublished":"2026-04-21T17:32:41+00:00","dateModified":"2026-04-21T20:20:54+00:00","description":"GALA MISTRZ\u00d3W BEZ BARIER 2026 przeczytaj najnowszy wpis","breadcrumb":{"@id":"https:\/\/futbolbezbarier.pl\/index.php\/2026\/04\/21\/gala-mistrzow-bez-barier-2026\/#breadcrumb"},"inLanguage":"pl-PL","potentialAction":[{"@type":"ReadAction","target":["https:\/\/futbolbezbarier.pl\/index.php\/2026\/04\/21\/gala-mistrzow-bez-barier-2026\/"]}]},{"@type":"ImageObject","inLanguage":"pl-PL","@id":"https:\/\/futbolbezbarier.pl\/index.php\/2026\/04\/21\/gala-mistrzow-bez-barier-2026\/#primaryimage","url":"https:\/\/futbolbezbarier.pl\/wp-content\/uploads\/2026\/04\/WhatsApp-Image-2026-04-18-at-07.07.13.jpeg","contentUrl":"https:\/\/futbolbezbarier.pl\/wp-content\/uploads\/2026\/04\/WhatsApp-Image-2026-04-18-at-07.07.13.jpeg","width":1280,"height":852},{"@type":"BreadcrumbList","@id":"https:\/\/futbolbezbarier.pl\/index.php\/2026\/04\/21\/gala-mistrzow-bez-barier-2026\/#breadcrumb","itemListElement":[{"@type":"ListItem","position":1,"name":"Home","item":"https:\/\/futbolbezbarier.pl\/"},{"@type":"ListItem","position":2,"name":"GALA MISTRZ\u00d3W BEZ BARIER 2026"}]},{"@type":"WebSite","@id":"https:\/\/futbolbezbarier.pl\/#website","url":"https:\/\/futbolbezbarier.pl\/","name":"Futbol Bez Barier","description":"Pi\u0142ka no\u017cna dla os\u00f3b z niepe\u0142nosprawno\u015bciami","publisher":{"@id":"https:\/\/futbolbezbarier.pl\/#organization"},"potentialAction":[{"@type":"SearchAction","target":{"@type":"EntryPoint","urlTemplate":"https:\/\/futbolbezbarier.pl\/?s={search_term_string}"},"query-input":{"@type":"PropertyValueSpecification","valueRequired":true,"valueName":"search_term_string"}}],"inLanguage":"pl-PL"},{"@type":"Organization","@id":"https:\/\/futbolbezbarier.pl\/#organization","name":"Futbol Bez Barier","url":"https:\/\/futbolbezbarier.pl\/","logo":{"@type":"ImageObject","inLanguage":"pl-PL","@id":"https:\/\/futbolbezbarier.pl\/#\/schema\/logo\/image\/","url":"https:\/\/futbolbezbarier.pl\/wp-content\/uploads\/2025\/02\/Projekt-bez-nazwy-20.png","contentUrl":"https:\/\/futbolbezbarier.pl\/wp-content\/uploads\/2025\/02\/Projekt-bez-nazwy-20.png","width":940,"height":788,"caption":"Futbol Bez Barier"},"image":{"@id":"https:\/\/futbolbezbarier.pl\/#\/schema\/logo\/image\/"},"sameAs":["https:\/\/www.facebook.com\/FutbollBezBarier\/","https:\/\/www.youtube.com\/channel\/UCTKZn9TuPuanTWiCGnTRGGw"]},{"@type":"Person","@id":"https:\/\/futbolbezbarier.pl\/#\/schema\/person\/746638be29ba15e59f6324eefa98f822","name":"Maciej Colton","image":{"@type":"ImageObject","inLanguage":"pl-PL","@id":"https:\/\/secure.gravatar.com\/avatar\/a068e195272152fc1341d1b627a6665aa0d02867c44c7a51cecd5f0f9d523ead?s=96&d=mm&r=g","url":"https:\/\/secure.gravatar.com\/avatar\/a068e195272152fc1341d1b627a6665aa0d02867c44c7a51cecd5f0f9d523ead?s=96&d=mm&r=g","contentUrl":"https:\/\/secure.gravatar.com\/avatar\/a068e195272152fc1341d1b627a6665aa0d02867c44c7a51cecd5f0f9d523ead?s=96&d=mm&r=g","caption":"Maciej Colton"},"url":"https:\/\/futbolbezbarier.pl\/index.php\/author\/foltyn-m\/"}]}},"_links":{"self":[{"href":"https:\/\/futbolbezbarier.pl\/index.php\/wp-json\/wp\/v2\/posts\/2278","targetHints":{"allow":["GET"]}}],"collection":[{"href":"https:\/\/futbolbezbarier.pl\/index.php\/wp-json\/wp\/v2\/posts"}],"about":[{"href":"https:\/\/futbolbezbarier.pl\/index.php\/wp-json\/wp\/v2\/types\/post"}],"author":[{"embeddable":true,"href":"https:\/\/futbolbezbarier.pl\/index.php\/wp-json\/wp\/v2\/users\/3"}],"replies":[{"embeddable":true,"href":"https:\/\/futbolbezbarier.pl\/index.php\/wp-json\/wp\/v2\/comments?post=2278"}],"version-history":[{"count":5,"href":"https:\/\/futbolbezbarier.pl\/index.php\/wp-json\/wp\/v2\/posts\/2278\/revisions"}],"predecessor-version":[{"id":2308,"href":"https:\/\/futbolbezbarier.pl\/index.php\/wp-json\/wp\/v2\/posts\/2278\/revisions\/2308"}],"wp:featuredmedia":[{"embeddable":true,"href":"https:\/\/futbolbezbarier.pl\/index.php\/wp-json\/wp\/v2\/media\/2301"}],"wp:attachment":[{"href":"https:\/\/futbolbezbarier.pl\/index.php\/wp-json\/wp\/v2\/media?parent=2278"}],"wp:term":[{"taxonomy":"category","embeddable":true,"href":"https:\/\/futbolbezbarier.pl\/index.php\/wp-json\/wp\/v2\/categories?post=2278"},{"taxonomy":"post_tag","embeddable":true,"href":"https:\/\/futbolbezbarier.pl\/index.php\/wp-json\/wp\/v2\/tags?post=2278"}],"curies":[{"name":"wp","href":"https:\/\/api.w.org\/{rel}","templated":true}]}}