{"id":628,"date":"2025-01-04T00:00:23","date_gmt":"2025-01-03T23:00:23","guid":{"rendered":"https:\/\/futbolbezbarier.pl\/?p=628"},"modified":"2025-01-14T12:06:44","modified_gmt":"2025-01-14T11:06:44","slug":"coz-to-byl-za-rok","status":"publish","type":"post","link":"https:\/\/futbolbezbarier.pl\/index.php\/2025\/01\/04\/coz-to-byl-za-rok\/","title":{"rendered":"C\u00d3\u017b TO BY\u0141 ZA ROK&#8230;"},"content":{"rendered":"\n<p>\ud835\udfee\ud835\udfec\ud835\udfee\ud835\udff0 <img decoding=\"async\" height=\"16\" width=\"16\" alt=\"\ud83d\udd19\" src=\"https:\/\/static.xx.fbcdn.net\/images\/emoji.php\/v9\/tb5\/1\/16\/1f519.png\"> \ud835\uddd7\ud835\udded\ud835\udddc\ud835\uddd8\u0328\ud835\uddde\ud835\udde8\ud835\udddd\ud835\uddd8\ud835\udde0\ud835\uddec! <img decoding=\"async\" height=\"16\" width=\"16\" alt=\"\ud83d\udc9a\" src=\"https:\/\/static.xx.fbcdn.net\/images\/emoji.php\/v9\/t94\/1\/16\/1f49a.png\"><\/p>\n\n\n\n<p>Powiedzie\u0107, \u017ce miniony rok by\u0142 dla nas rokiem prze\u0142omowym to powiedzie\u0107 zdecydowanie za ma\u0142o\u2026 <img decoding=\"async\" height=\"16\" width=\"16\" alt=\"\ud83e\udd79\" src=\"https:\/\/static.xx.fbcdn.net\/images\/emoji.php\/v9\/t73\/1\/16\/1f979.png\"> Prosili\u015bmy Was jeszcze przed sylwestrem o podzielenie si\u0119 Waszymi wspomnieniami z ubieg\u0142ego sezonu &#8211; dzi\u015b natomiast pragniemy podzieli\u0107 si\u0119 \ud835\uddfb\ud835\uddee\ud835\ude00\ud835\ude07\ud835\ude06\ud835\uddfa\ud835\uddf6 i w pigu\u0142ce opowiedzie\u0107 o minionym ju\u017c, \ud835\udfee\ud835\udfec\ud835\udfee\ud835\udff0 \ud835\uddff\ud835\uddfc\ud835\uddf8\ud835\ude02 &#8211; zapraszamy do lektury <img loading=\"lazy\" decoding=\"async\" height=\"16\" width=\"16\" alt=\"\ud83d\udcda\" src=\"https:\/\/static.xx.fbcdn.net\/images\/emoji.php\/v9\/t49\/1\/16\/1f4da.png\"><\/p>\n\n\n\n<p><img loading=\"lazy\" decoding=\"async\" height=\"16\" width=\"16\" alt=\"\u2747\ufe0f\" src=\"https:\/\/static.xx.fbcdn.net\/images\/emoji.php\/v9\/tb1\/1\/16\/2747.png\"><a href=\"https:\/\/www.facebook.com\/profile.php?id=61564919543873&amp;__cft__[0]=AZVj7jVkE1R8e9KTRiG2AC_g6NdT6XIx0y4LgpImum09Q12I3eM5qk_Iwtjhno1UWPOy4qY6ldoO1Ix3bWRFnt9p245K1_xZYLCff45bfrRgNbOxga1r-xyAkOguTCBvbeZ5GkOiEFc4Rq1MoK-GE8d3M7l9JVs7oo0BmcElxbbQ6Pa00mG52DlfruUS7SY0WR0&amp;__tn__=-]K-R\">No Barriers European SuperCup<\/a> &#8211; mimo wielu perturbacji i bardzo trudnej sytuacji powodziowej w naszym <a><\/a>kraju <img loading=\"lazy\" decoding=\"async\" height=\"16\" width=\"16\" alt=\"\ud83d\udca6\" src=\"https:\/\/static.xx.fbcdn.net\/images\/emoji.php\/v9\/tc1\/1\/16\/1f4a6.png\"> we wrze\u015bniu na terenie wojew\u00f3dztwa dolno\u015bl\u0105skiego, a konkretnie w powiecie o\u0142awskim zorganizowali\u015bmy ju\u017c \ud835\udfee. \ud835\uddf2\ud835\uddf1\ud835\ude06\ud835\uddf0\ud835\uddf7\ud835\uddf2\u0328 Europejskiego Superpucharu BEZ BARIER.<\/p>\n\n\n\n<p>W tygodniowym turnieju udzia\u0142 wzi\u0119\u0142o \ud835\udff4 \ud835\uddf1\ud835\uddff\ud835\ude02\ud835\ude07\u0307\ud835\ude06\ud835\uddfb z ca\u0142ej Europy, w tym m.in <a href=\"https:\/\/www.facebook.com\/fundaciofcb?__cft__[0]=AZVj7jVkE1R8e9KTRiG2AC_g6NdT6XIx0y4LgpImum09Q12I3eM5qk_Iwtjhno1UWPOy4qY6ldoO1Ix3bWRFnt9p245K1_xZYLCff45bfrRgNbOxga1r-xyAkOguTCBvbeZ5GkOiEFc4Rq1MoK-GE8d3M7l9JVs7oo0BmcElxbbQ6Pa00mG52DlfruUS7SY0WR0&amp;__tn__=-]K-R\">FUNDACI\u00d3 FC BARCELONA<\/a><img loading=\"lazy\" decoding=\"async\" height=\"16\" width=\"16\" alt=\"\ud83d\udc9b\" src=\"https:\/\/static.xx.fbcdn.net\/images\/emoji.php\/v9\/t15\/1\/16\/1f49b.png\"><img loading=\"lazy\" decoding=\"async\" height=\"16\" width=\"16\" alt=\"\u2764\ufe0f\" src=\"https:\/\/static.xx.fbcdn.net\/images\/emoji.php\/v9\/t6c\/1\/16\/2764.png\"> czy <a href=\"https:\/\/www.facebook.com\/profile.php?id=100089568736824&amp;__cft__[0]=AZVj7jVkE1R8e9KTRiG2AC_g6NdT6XIx0y4LgpImum09Q12I3eM5qk_Iwtjhno1UWPOy4qY6ldoO1Ix3bWRFnt9p245K1_xZYLCff45bfrRgNbOxga1r-xyAkOguTCBvbeZ5GkOiEFc4Rq1MoK-GE8d3M7l9JVs7oo0BmcElxbbQ6Pa00mG52DlfruUS7SY0WR0&amp;__tn__=-]K-R\">Insuperabili<\/a><img loading=\"lazy\" decoding=\"async\" height=\"16\" width=\"16\" alt=\"\ud83d\udc99\" src=\"https:\/\/static.xx.fbcdn.net\/images\/emoji.php\/v9\/t6c\/1\/16\/1f499.png\"><img loading=\"lazy\" decoding=\"async\" height=\"16\" width=\"16\" alt=\"\ud83e\udd0d\" src=\"https:\/\/static.xx.fbcdn.net\/images\/emoji.php\/v9\/tc5\/1\/16\/1f90d.png\"> To by\u0142 niesamowity, mi\u0119dzynarodowy czas sp\u0119dzony w gronie wspania\u0142ych przyjaci\u00f3\u0142 <img loading=\"lazy\" decoding=\"async\" height=\"16\" width=\"16\" alt=\"\ud83e\udd29\" src=\"https:\/\/static.xx.fbcdn.net\/images\/emoji.php\/v9\/t58\/1\/16\/1f929.png\"><\/p>\n\n\n\n<p><img loading=\"lazy\" decoding=\"async\" height=\"16\" width=\"16\" alt=\"\u2747\ufe0f\" src=\"https:\/\/static.xx.fbcdn.net\/images\/emoji.php\/v9\/tb1\/1\/16\/2747.png\"> 3. sezon \ud835\uddd9\ud835\udde8\ud835\udde7\ud835\udde6\ud835\uddd4\ud835\udddf\ud835\udde8 \ud835\uddd5\ud835\uddd8\ud835\udded \ud835\uddd5\ud835\uddd4\ud835\udde5\ud835\udddc\ud835\uddd8\ud835\udde5 &#8211; czyli rozw\u00f3j, rozw\u00f3j i jeszcze raz rozw\u00f3j. Zdecydowali\u015bmy si\u0119 na poszerzenie naszych flagowych rozgrywek do \ud835\udfed\ud835\udfee dru\u017cyn z ca\u0142ej Polski. Co za tym idzie &#8211; podzielili\u015bmy nasz\u0105 Lig\u0119 na dwa poziomy rozgrywkowe, \ud835\uddd8\ud835\uddf8\ud835\ude00\ud835\ude01\ud835\uddff\ud835\uddee\ud835\uddf8\ud835\uddf9\ud835\uddee\ud835\ude00\ud835\uddf2\u0328 oraz \ud835\udde3\ud835\uddf6\ud835\uddf2\ud835\uddff\ud835\ude04\ud835\ude00\ud835\ude07\ud835\uddee\u0328 \ud835\udddf\ud835\uddf6\ud835\uddf4\ud835\uddf2\u0328 i \u0142\u0105cznie zorganizowali\u015bmy \ud835\udff1 \ud835\ude04\ud835\uddf2\ud835\uddf2\ud835\uddf8\ud835\uddf2\ud835\uddfb\ud835\uddf1\ud835\uddfc\u0301\ud835\ude04 \ud835\uddd5\ud835\uddd8\ud835\udded \ud835\uddd5\ud835\uddd4\ud835\udde5\ud835\udddc\ud835\uddd8\ud835\udde5 gdzie opr\u00f3cz rozegrania \ud835\udff2\ud835\udfec \ud835\uddfa\ud835\uddf2\ud835\uddf0\ud835\ude07\ud835\uddfc\u0301\ud835\ude04 znale\u017ali\u015bmy mn\u00f3stwo czasu na integracj\u0119 i budowanie wsp\u00f3lnych wi\u0119zi.<\/p>\n\n\n\n<p><img loading=\"lazy\" decoding=\"async\" height=\"16\" width=\"16\" alt=\"\u2747\ufe0f\" src=\"https:\/\/static.xx.fbcdn.net\/images\/emoji.php\/v9\/tb1\/1\/16\/2747.png\"> \ud835\uddda\ud835\uddd4\ud835\udddf\ud835\uddd4 \ud835\udde0\ud835\udddc\ud835\udde6\ud835\udde7\ud835\udde5\ud835\udded\ud835\udde2\u0301\ud835\uddea \ud835\uddd5\ud835\uddd8\ud835\udded \ud835\uddd5\ud835\uddd4\ud835\udde5\ud835\udddc\ud835\uddd8\ud835\udde5 &#8211; z pocz\u0105tkiem sezonu inaczej ni\u017c zwykle zako\u0144czyli\u015bmy stary i zainaugurowali\u015bmy nowy sezon. Podczas oficjalnej Gali Mistrz\u00f3w Bez Barier wyr\u00f3\u017cnili\u015bmy wszystkie zespo\u0142y, a tak\u017ce wr\u0119czyli\u015bmy nagrody indywidualne. By\u0142o oficjalnie, by\u0142o pi\u0119knie, by\u0142o magicznie <img loading=\"lazy\" decoding=\"async\" height=\"16\" width=\"16\" alt=\"\ud83e\ude84\" src=\"https:\/\/static.xx.fbcdn.net\/images\/emoji.php\/v9\/tb5\/1\/16\/1fa84.png\"> Ju\u017c wiemy, \u017ce to pocz\u0105tek pi\u0119knej tradycji.<\/p>\n\n\n\n<p><img loading=\"lazy\" decoding=\"async\" height=\"16\" width=\"16\" alt=\"\u2747\ufe0f\" src=\"https:\/\/static.xx.fbcdn.net\/images\/emoji.php\/v9\/tb1\/1\/16\/2747.png\"> \ud835\udde6\ud835\udde8\ud835\udde3\ud835\uddd8\ud835\udde5\ud835\udde3\ud835\udde8\ud835\uddd6\ud835\udddb\ud835\uddd4\ud835\udde5 \ud835\uddd5\ud835\uddd8\ud835\udded \ud835\uddd5\ud835\uddd4\ud835\udde5\ud835\udddc\ud835\uddd8\ud835\udde5 i mecz pomi\u0119dzy zdobywc\u0105 tytu\u0142u Mistrza Polski 2. sezonu (<a href=\"https:\/\/www.facebook.com\/profile.php?id=61556460763257&amp;__cft__[0]=AZVj7jVkE1R8e9KTRiG2AC_g6NdT6XIx0y4LgpImum09Q12I3eM5qk_Iwtjhno1UWPOy4qY6ldoO1Ix3bWRFnt9p245K1_xZYLCff45bfrRgNbOxga1r-xyAkOguTCBvbeZ5GkOiEFc4Rq1MoK-GE8d3M7l9JVs7oo0BmcElxbbQ6Pa00mG52DlfruUS7SY0WR0&amp;__tn__=-]K-R\">ZAMEK Opolnica<\/a>) a tryumfatorem Pucharu Polski (<a href=\"https:\/\/www.facebook.com\/WKSBezBarier?__cft__[0]=AZVj7jVkE1R8e9KTRiG2AC_g6NdT6XIx0y4LgpImum09Q12I3eM5qk_Iwtjhno1UWPOy4qY6ldoO1Ix3bWRFnt9p245K1_xZYLCff45bfrRgNbOxga1r-xyAkOguTCBvbeZ5GkOiEFc4Rq1MoK-GE8d3M7l9JVs7oo0BmcElxbbQ6Pa00mG52DlfruUS7SY0WR0&amp;__tn__=-]K-R\">WKS \u015al\u0105sk Futsal Wroc\u0142aw Bez Barier<\/a>). Pierwszy mecz w roku \ud835\udfee\ud835\udfec\ud835\udfee\ud835\udff0 i nieoczekiwane zwyci\u0119stwo tr\u00f3jkolorowych <img loading=\"lazy\" decoding=\"async\" height=\"16\" width=\"16\" alt=\"\ud83c\udded\ud83c\uddfa\" src=\"https:\/\/static.xx.fbcdn.net\/images\/emoji.php\/v9\/t20\/1\/16\/1f1ed_1f1fa.png\"> zwiastowa\u0142o nam genialny sezon!<\/p>\n\n\n\n<p><img loading=\"lazy\" decoding=\"async\" height=\"16\" width=\"16\" alt=\"\u2747\ufe0f\" src=\"https:\/\/static.xx.fbcdn.net\/images\/emoji.php\/v9\/tb1\/1\/16\/2747.png\"> \ud835\udde3\ud835\ude02\ud835\uddf0\ud835\uddf5\ud835\uddee\ud835\uddff \ud835\udde3\ud835\uddfc\ud835\uddf9\ud835\ude00\ud835\uddf8\ud835\uddf6 \ud835\ude04 \ud835\uddd9\ud835\uddd5\ud835\uddd5 &#8211; i tu kolejna ewolucja. 4 makroregionalne turnieje podczas kt\u00f3rych wy\u0142onili\u015bmy 12 najlepszych dru\u017cyn BEZ BARIER z ca\u0142ej Polski. Wszystkie spotka\u0142y si\u0119 w listopadzie podczas dwudniowego turnieju fina\u0142owego. Rozgrywki, w kt\u00f3rych sprawdzi\u0107 mog\u0142y si\u0119 \ud835\ude04\ud835\ude00\ud835\ude07\ud835\ude06\ud835\ude00\ud835\ude01\ud835\uddf8\ud835\uddf6\ud835\uddf2 \ud835\uddf0\ud835\uddf5\ud835\uddf2\u0328\ud835\ude01\ud835\uddfb\ud835\uddf2 \ud835\uddf1\ud835\uddff\ud835\ude02\ud835\ude07\u0307\ud835\ude06\ud835\uddfb\ud835\ude06 \ud835\uddd5\ud835\uddd8\ud835\udded \ud835\uddd5\ud835\uddd4\ud835\udde5\ud835\udddc\ud835\uddd8\ud835\udde5. Formu\u0142a jak najbardziej zda\u0142a egzamin, idziemy w to dalej!<\/p>\n\n\n\n<p><img loading=\"lazy\" decoding=\"async\" height=\"16\" width=\"16\" alt=\"\u2747\ufe0f\" src=\"https:\/\/static.xx.fbcdn.net\/images\/emoji.php\/v9\/tb1\/1\/16\/2747.png\"> \ud835\udde3\ud835\udddc\ud835\uddde\ud835\udde1\ud835\udddc\ud835\uddde \ud835\udddc\ud835\udde1\ud835\udde7\ud835\uddd8\ud835\uddda\ud835\udde5\ud835\uddd4\ud835\uddd6\ud835\uddec\ud835\udddd\ud835\uddec\ud835\udde1\ud835\uddec \ud835\uddd7\ud835\udddf\ud835\uddd4 \ud835\uddde\ud835\udddc\ud835\uddd5\ud835\udddc\ud835\uddd6\ud835\udde2\u0301\ud835\uddea + \ud835\uddfa\ud835\uddf2\ud835\uddf0\ud835\ude07 \ud835\udde3\ud835\uddfc\ud835\uddf9\ud835\ude00\ud835\uddf8\ud835\uddee &#8211; \ud835\udde7\ud835\ude02\ud835\uddff\ud835\uddf0\ud835\uddf7\ud835\uddee &#8211; na zaproszenie PZPN aktywnie uczestniczyli\u015bmy w otwartym pikniku dla kibic\u00f3w, podczas kt\u00f3rego promowali\u015bmy nasz ruch. Wsp\u00f3\u0142praca z <a href=\"https:\/\/www.facebook.com\/PZPNoficjalny?__cft__[0]=AZVj7jVkE1R8e9KTRiG2AC_g6NdT6XIx0y4LgpImum09Q12I3eM5qk_Iwtjhno1UWPOy4qY6ldoO1Ix3bWRFnt9p245K1_xZYLCff45bfrRgNbOxga1r-xyAkOguTCBvbeZ5GkOiEFc4Rq1MoK-GE8d3M7l9JVs7oo0BmcElxbbQ6Pa00mG52DlfruUS7SY0WR0&amp;__tn__=-]K-R\">Polski Zwi\u0105zek Pi\u0142ki No\u017cnej<\/a> jest dla nas szalenie istotna i z pewno\u015bci\u0105 wznosi\u0107 b\u0119dziemy j\u0105 na coraz wy\u017cszy poziom.<\/p>\n\n\n\n<p><img loading=\"lazy\" decoding=\"async\" height=\"16\" width=\"16\" alt=\"\u2747\ufe0f\" src=\"https:\/\/static.xx.fbcdn.net\/images\/emoji.php\/v9\/tb1\/1\/16\/2747.png\"> \ud835\uddd7\ud835\ude04\ud835\uddee \ud835\ude07\ud835\uddf4\ud835\uddff\ud835\ude02\ud835\uddfd\ud835\uddfc\ud835\ude04\ud835\uddee\ud835\uddfb\ud835\uddf6\ud835\uddee \ud835\udde5\ud835\uddf2\ud835\uddfd\ud835\uddff\ud835\uddf2\ud835\ude07\ud835\uddf2\ud835\uddfb\ud835\ude01\ud835\uddee\ud835\uddf0\ud835\uddf7\ud835\uddf6 &#8211; tym samym czwarte i pi\u0105te w historii. Podczas pierwszego podpisali\u015bmy porozumienie, na mocy kt\u00f3rego Milicz oficjalnie sta\u0142 si\u0119 stolic\u0105 naszej <img loading=\"lazy\" decoding=\"async\" height=\"16\" width=\"16\" alt=\"\ud83e\udd0d\" src=\"https:\/\/static.xx.fbcdn.net\/images\/emoji.php\/v9\/tc5\/1\/16\/1f90d.png\"><img loading=\"lazy\" decoding=\"async\" height=\"16\" width=\"16\" alt=\"\u2764\ufe0f\" src=\"https:\/\/static.xx.fbcdn.net\/images\/emoji.php\/v9\/t6c\/1\/16\/2764.png\"> dumy.<\/p>\n\n\n\n<p><img loading=\"lazy\" decoding=\"async\" height=\"16\" width=\"16\" alt=\"\u2747\ufe0f\" src=\"https:\/\/static.xx.fbcdn.net\/images\/emoji.php\/v9\/tb1\/1\/16\/2747.png\"> \ud835\udde7\ud835\ude02\ud835\uddff\ud835\uddfb\ud835\uddf6\ud835\uddf2\ud835\uddf7 \ud835\udde7\ud835\uddfc\ud835\ude04\ud835\uddee\ud835\uddff\ud835\ude07\ud835\ude06\ud835\ude00\ud835\uddf8\ud835\uddf6 \ud835\uddd9\ud835\udde8\ud835\udde7\ud835\uddd5\ud835\udde2\ud835\udddf \ud835\uddd5\ud835\uddd8\ud835\udded \ud835\uddd5\ud835\uddd4\ud835\udde5\ud835\udddc\ud835\uddd8\ud835\udde5 &#8211; w wakacje po raz pierwszy zorganizowali\u015bmy turniej \ud835\uddfb\ud835\uddee \ud835\ude01\ud835\uddff\ud835\uddee\ud835\ude04\ud835\uddf6\ud835\uddf2. W przysz\u0142o\u015bci zostaniemy tam na d\u0142u\u017cej <img loading=\"lazy\" decoding=\"async\" height=\"16\" width=\"16\" alt=\"\ud83e\udd2b\" src=\"https:\/\/static.xx.fbcdn.net\/images\/emoji.php\/v9\/t1\/1\/16\/1f92b.png\"><\/p>\n\n\n\n<p><img loading=\"lazy\" decoding=\"async\" height=\"16\" width=\"16\" alt=\"\u2747\ufe0f\" src=\"https:\/\/static.xx.fbcdn.net\/images\/emoji.php\/v9\/tb1\/1\/16\/2747.png\"> \ud835\udde3\ud835\uddfc\ud835\ude04\ud835\ude00\ud835\ude01\ud835\uddee\ud835\uddfb\ud835\uddf6\ud835\uddf2 \ud835\uddf5\ud835\ude06\ud835\uddfa\ud835\uddfb\ud835\ude02 &#8211; \ud835\uddd9\ud835\udde8\ud835\udde7\ud835\udde6\ud835\uddd4\ud835\udddf \ud835\uddd5\ud835\uddd8\ud835\udded \ud835\uddd5\ud835\uddd4\ud835\udde5\ud835\udddc\ud835\uddd8\ud835\udde5 &#8211; \u201eTy i ja walka trwa, bez uprzedze\u0144 i BEZ BARIER\u201d. Kto jest z nami ten z pewno\u015bci\u0105 zna ju\u017c ca\u0142o\u015b\u0107 naszej oficjalnej piosenki.<\/p>\n\n\n\n<p><img loading=\"lazy\" decoding=\"async\" height=\"16\" width=\"16\" alt=\"\u2747\ufe0f\" src=\"https:\/\/static.xx.fbcdn.net\/images\/emoji.php\/v9\/tb1\/1\/16\/2747.png\"> \ud835\uddd6\ud835\uddf5\ud835\uddee\ud835\uddff\ud835\ude06\ud835\ude01\ud835\uddee\ud835\ude01\ud835\ude06\ud835\ude04\ud835\uddfb\ud835\ude06 \ud835\udde7\ud835\ude02\ud835\uddff\ud835\uddfb\ud835\uddf6\ud835\uddf2\ud835\uddf7 \ud835\uddea\ud835\uddde\ud835\udde6 \ud835\udde6\u0301\ud835\uddf9\ud835\uddee\u0328\ud835\ude00\ud835\uddf8 \ud835\uddea\ud835\uddff\ud835\uddfc\ud835\uddf0\u0142\ud835\uddee\ud835\ude04 \ud835\uddd5\ud835\uddd5 + \ud835\uddd7\ud835\udddf\ud835\uddd9\ud835\uddd5\ud835\uddd5 &#8211; r\u00f3wnie mocno ciesz\u0105 nas dzia\u0142ania zrzeszonych w naszym ruchu klub\u00f3w, a tu wspania\u0142ymi inicjatywami w dalszym ci\u0105gu wykazuje si\u0119 ekipa z Wroc\u0142awia. Podczas ostatniej kolejki DLFBB podpisali\u015bmy porozumienie z <a href=\"https:\/\/www.facebook.com\/dolzpn?__cft__[0]=AZVj7jVkE1R8e9KTRiG2AC_g6NdT6XIx0y4LgpImum09Q12I3eM5qk_Iwtjhno1UWPOy4qY6ldoO1Ix3bWRFnt9p245K1_xZYLCff45bfrRgNbOxga1r-xyAkOguTCBvbeZ5GkOiEFc4Rq1MoK-GE8d3M7l9JVs7oo0BmcElxbbQ6Pa00mG52DlfruUS7SY0WR0&amp;__tn__=-]K-R\">Dolno\u015bl\u0105ski Zwi\u0105zek Pi\u0142ki No\u017cnej<\/a> kt\u00f3ry w tym roku jeszcze mocniej w\u0142\u0105czy si\u0119 w nasze dzia\u0142ania.<\/p>\n\n\n\n<p><img loading=\"lazy\" decoding=\"async\" height=\"16\" width=\"16\" alt=\"\u2747\ufe0f\" src=\"https:\/\/static.xx.fbcdn.net\/images\/emoji.php\/v9\/tb1\/1\/16\/2747.png\"> \ud835\udfed. \ud835\udde7\ud835\udde8\ud835\udde5\ud835\udde1\ud835\udddc\ud835\uddd8\ud835\udddd \ud835\uddd9\ud835\uddd5\ud835\uddd5 \ud835\uddfc \ud835\udde3\ud835\ude02\ud835\uddf0\ud835\uddf5\ud835\uddee\ud835\uddff \ud835\uddde\ud835\uddda\ud835\uddde\ud835\udde1 &#8211; sw\u00f3j pierwszy, ale ju\u017c wiemy \u017ce cykliczny turniej zorganizowa\u0142a nasza niesamowita dru\u017cyna z Gdyni &#8211; <a href=\"https:\/\/www.facebook.com\/profile.php?id=61559480645888&amp;__cft__[0]=AZVj7jVkE1R8e9KTRiG2AC_g6NdT6XIx0y4LgpImum09Q12I3eM5qk_Iwtjhno1UWPOy4qY6ldoO1Ix3bWRFnt9p245K1_xZYLCff45bfrRgNbOxga1r-xyAkOguTCBvbeZ5GkOiEFc4Rq1MoK-GE8d3M7l9JVs7oo0BmcElxbbQ6Pa00mG52DlfruUS7SY0WR0&amp;__tn__=-]K-R\">Sekcja Futsal KGKN Gdynia<\/a><img loading=\"lazy\" decoding=\"async\" height=\"16\" width=\"16\" alt=\"\ud83d\udc9b\" src=\"https:\/\/static.xx.fbcdn.net\/images\/emoji.php\/v9\/t15\/1\/16\/1f49b.png\"><img loading=\"lazy\" decoding=\"async\" height=\"16\" width=\"16\" alt=\"\ud83d\udc99\" src=\"https:\/\/static.xx.fbcdn.net\/images\/emoji.php\/v9\/t6c\/1\/16\/1f499.png\"> uwielbiamy kiedy wraz z naszym ruchem rozwijaj\u0105 si\u0119 nasze dru\u017cyny.<\/p>\n\n\n\n<p><img loading=\"lazy\" decoding=\"async\" height=\"16\" width=\"16\" alt=\"\u2747\ufe0f\" src=\"https:\/\/static.xx.fbcdn.net\/images\/emoji.php\/v9\/tb1\/1\/16\/2747.png\"> \ud835\uddde\ud835\uddfc\ud835\uddfb\ud835\uddf3\ud835\uddf2\ud835\uddff\ud835\uddf2\ud835\uddfb\ud835\uddf0\ud835\uddf7\ud835\uddee \ud835\udde3\ud835\udded\ud835\udde3\ud835\udde1 \u201e\ud835\uddda\ud835\uddfc\ud835\uddee\ud835\uddf9 \ud835\uddf3\ud835\uddfc\ud835\uddff \ud835\udde6\ud835\ude02\ud835\ude00\ud835\ude01\ud835\uddee\ud835\uddf6\ud835\uddfb\ud835\uddef\ud835\uddf6\ud835\uddf9\ud835\uddf6\ud835\ude01\ud835\ude06\u201d \ud835\udde7\ud835\udddb\ud835\uddd8 \ud835\uddd8\ud835\udde6\ud835\uddda \ud835\uddd9\ud835\uddfc\ud835\uddfc\ud835\ude01\ud835\uddef\ud835\uddee\ud835\uddf9\ud835\uddf9 \ud835\udde6\ud835\ude02\ud835\uddfa\ud835\uddfa\ud835\uddf6\ud835\ude01 &#8211; na zaproszenie PZPN mogli\u015bmy wzi\u0105\u0107 udzia\u0142 i zainspirowa\u0107 si\u0119 wieloma szlachetnymi dzia\u0142aniami.<\/p>\n\n\n\n<p>\ud835\udfee\ud835\udfec\ud835\udfee\ud835\udff0 okazujemy \ud835\uddea\ud835\uddd7\ud835\udded\ud835\udddc\ud835\uddd8\u0328\ud835\uddd6\ud835\udded\ud835\udde1\ud835\udde2\ud835\udde6\u0301\ud835\uddd6\u0301 <img decoding=\"async\" height=\"16\" width=\"16\" alt=\"\ud83d\udc9a\" src=\"https:\/\/static.xx.fbcdn.net\/images\/emoji.php\/v9\/t94\/1\/16\/1f49a.png\"><\/p>\n\n\n\n<p>\ud835\udfee\ud835\udfec\ud835\udfee\ud835\udff1 jeste\u015bmy \ud835\uddda\ud835\udde2\ud835\udde7\ud835\udde2\ud835\uddea\ud835\udddc <img loading=\"lazy\" decoding=\"async\" height=\"16\" width=\"16\" alt=\"\ud83d\udd25\" src=\"https:\/\/static.xx.fbcdn.net\/images\/emoji.php\/v9\/t50\/1\/16\/1f525.png\"><\/p>\n","protected":false},"excerpt":{"rendered":"<p>\ud835\udfee\ud835\udfec\ud835\udfee\ud835\udff0 \ud835\uddd7\ud835\udded\ud835\udddc\ud835\uddd8\u0328\ud835\uddde\ud835\udde8\ud835\udddd\ud835\uddd8\ud835\udde0\ud835\uddec! Powiedzie\u0107, \u017ce miniony rok by\u0142 dla nas rokiem prze\u0142omowym to powiedzie\u0107 zdecydowanie za ma\u0142o\u2026 Prosili\u015bmy Was jeszcze przed sylwestrem o podzielenie si\u0119 Waszymi wspomnieniami z ubieg\u0142ego sezonu &#8211; dzi\u015b natomiast pragniemy podzieli\u0107 si\u0119 \ud835\uddfb\ud835\uddee\ud835\ude00\ud835\ude07\ud835\ude06\ud835\uddfa\ud835\uddf6 i w pigu\u0142ce opowiedzie\u0107 o minionym ju\u017c, \ud835\udfee\ud835\udfec\ud835\udfee\ud835\udff0 \ud835\uddff\ud835\uddfc\ud835\uddf8\ud835\ude02 &#8211; zapraszamy do lektury No Barriers European SuperCup &#8211; mimo&hellip;&nbsp;<a href=\"https:\/\/futbolbezbarier.pl\/index.php\/2025\/01\/04\/coz-to-byl-za-rok\/\" rel=\"bookmark\">Dowiedz si\u0119 wi\u0119cej &raquo;<span class=\"screen-reader-text\">C\u00d3\u017b TO BY\u0141 ZA ROK&#8230;<\/span><\/a><\/p>\n","protected":false},"author":3,"featured_media":986,"comment_status":"closed","ping_status":"open","sticky":false,"template":"","format":"standard","meta":{"_monsterinsights_skip_tracking":false,"_monsterinsights_sitenote_active":false,"_monsterinsights_sitenote_note":"","_monsterinsights_sitenote_category":0,"neve_meta_sidebar":"","neve_meta_container":"","neve_meta_enable_content_width":"","neve_meta_content_width":0,"neve_meta_title_alignment":"","neve_meta_author_avatar":"","neve_post_elements_order":"","neve_meta_disable_header":"","neve_meta_disable_footer":"","neve_meta_disable_title":"","_themeisle_gutenberg_block_has_review":false,"footnotes":""},"categories":[1],"tags":[],"class_list":["post-628","post","type-post","status-publish","format-standard","has-post-thumbnail","hentry","category-bez-kategorii"],"yoast_head":"<!-- This site is optimized with the Yoast SEO plugin v27.5 - https:\/\/yoast.com\/product\/yoast-seo-wordpress\/ -->\n<title>C\u00d3\u017b TO BY\u0141 ZA ROK... - Futbol Bez Barier<\/title>\n<meta name=\"description\" content=\"C\u00d3\u017b TO BY\u0141 ZA ROK... przeczytaj najnowszy wpis\" \/>\n<meta name=\"robots\" content=\"index, follow, max-snippet:-1, max-image-preview:large, max-video-preview:-1\" \/>\n<link rel=\"canonical\" href=\"https:\/\/futbolbezbarier.pl\/index.php\/2025\/01\/04\/coz-to-byl-za-rok\/\" \/>\n<meta property=\"og:locale\" content=\"pl_PL\" \/>\n<meta property=\"og:type\" content=\"article\" \/>\n<meta property=\"og:title\" content=\"C\u00d3\u017b TO BY\u0141 ZA ROK... - Futbol Bez Barier\" \/>\n<meta property=\"og:description\" content=\"C\u00d3\u017b TO BY\u0141 ZA ROK... przeczytaj najnowszy wpis\" \/>\n<meta property=\"og:url\" content=\"https:\/\/futbolbezbarier.pl\/index.php\/2025\/01\/04\/coz-to-byl-za-rok\/\" \/>\n<meta property=\"og:site_name\" content=\"Futbol Bez Barier\" \/>\n<meta property=\"article:publisher\" content=\"https:\/\/www.facebook.com\/FutbollBezBarier\/\" \/>\n<meta property=\"article:published_time\" content=\"2025-01-03T23:00:23+00:00\" \/>\n<meta property=\"article:modified_time\" content=\"2025-01-14T11:06:44+00:00\" \/>\n<meta property=\"og:image\" content=\"https:\/\/futbolbezbarier.pl\/wp-content\/uploads\/2025\/01\/fota1.jpg\" \/>\n\t<meta property=\"og:image:width\" content=\"2560\" \/>\n\t<meta property=\"og:image:height\" content=\"1440\" \/>\n\t<meta property=\"og:image:type\" content=\"image\/jpeg\" \/>\n<meta name=\"author\" content=\"Maciej Colton\" \/>\n<meta name=\"twitter:card\" content=\"summary_large_image\" \/>\n<meta name=\"twitter:label1\" content=\"Napisane przez\" \/>\n\t<meta name=\"twitter:data1\" content=\"Maciej Colton\" \/>\n\t<meta name=\"twitter:label2\" content=\"Szacowany czas czytania\" \/>\n\t<meta name=\"twitter:data2\" content=\"10 minut\" \/>\n<script type=\"application\/ld+json\" class=\"yoast-schema-graph\">{\"@context\":\"https:\\\/\\\/schema.org\",\"@graph\":[{\"@type\":\"Article\",\"@id\":\"https:\\\/\\\/futbolbezbarier.pl\\\/index.php\\\/2025\\\/01\\\/04\\\/coz-to-byl-za-rok\\\/#article\",\"isPartOf\":{\"@id\":\"https:\\\/\\\/futbolbezbarier.pl\\\/index.php\\\/2025\\\/01\\\/04\\\/coz-to-byl-za-rok\\\/\"},\"author\":{\"name\":\"Maciej Colton\",\"@id\":\"https:\\\/\\\/futbolbezbarier.pl\\\/#\\\/schema\\\/person\\\/746638be29ba15e59f6324eefa98f822\"},\"headline\":\"C\u00d3\u017b TO BY\u0141 ZA ROK&#8230;\",\"datePublished\":\"2025-01-03T23:00:23+00:00\",\"dateModified\":\"2025-01-14T11:06:44+00:00\",\"mainEntityOfPage\":{\"@id\":\"https:\\\/\\\/futbolbezbarier.pl\\\/index.php\\\/2025\\\/01\\\/04\\\/coz-to-byl-za-rok\\\/\"},\"wordCount\":568,\"publisher\":{\"@id\":\"https:\\\/\\\/futbolbezbarier.pl\\\/#organization\"},\"image\":{\"@id\":\"https:\\\/\\\/futbolbezbarier.pl\\\/index.php\\\/2025\\\/01\\\/04\\\/coz-to-byl-za-rok\\\/#primaryimage\"},\"thumbnailUrl\":\"https:\\\/\\\/futbolbezbarier.pl\\\/wp-content\\\/uploads\\\/2025\\\/01\\\/fota1.jpg\",\"inLanguage\":\"pl-PL\"},{\"@type\":\"WebPage\",\"@id\":\"https:\\\/\\\/futbolbezbarier.pl\\\/index.php\\\/2025\\\/01\\\/04\\\/coz-to-byl-za-rok\\\/\",\"url\":\"https:\\\/\\\/futbolbezbarier.pl\\\/index.php\\\/2025\\\/01\\\/04\\\/coz-to-byl-za-rok\\\/\",\"name\":\"C\u00d3\u017b TO BY\u0141 ZA ROK... - Futbol Bez Barier\",\"isPartOf\":{\"@id\":\"https:\\\/\\\/futbolbezbarier.pl\\\/#website\"},\"primaryImageOfPage\":{\"@id\":\"https:\\\/\\\/futbolbezbarier.pl\\\/index.php\\\/2025\\\/01\\\/04\\\/coz-to-byl-za-rok\\\/#primaryimage\"},\"image\":{\"@id\":\"https:\\\/\\\/futbolbezbarier.pl\\\/index.php\\\/2025\\\/01\\\/04\\\/coz-to-byl-za-rok\\\/#primaryimage\"},\"thumbnailUrl\":\"https:\\\/\\\/futbolbezbarier.pl\\\/wp-content\\\/uploads\\\/2025\\\/01\\\/fota1.jpg\",\"datePublished\":\"2025-01-03T23:00:23+00:00\",\"dateModified\":\"2025-01-14T11:06:44+00:00\",\"description\":\"C\u00d3\u017b TO BY\u0141 ZA ROK... przeczytaj najnowszy wpis\",\"breadcrumb\":{\"@id\":\"https:\\\/\\\/futbolbezbarier.pl\\\/index.php\\\/2025\\\/01\\\/04\\\/coz-to-byl-za-rok\\\/#breadcrumb\"},\"inLanguage\":\"pl-PL\",\"potentialAction\":[{\"@type\":\"ReadAction\",\"target\":[\"https:\\\/\\\/futbolbezbarier.pl\\\/index.php\\\/2025\\\/01\\\/04\\\/coz-to-byl-za-rok\\\/\"]}]},{\"@type\":\"ImageObject\",\"inLanguage\":\"pl-PL\",\"@id\":\"https:\\\/\\\/futbolbezbarier.pl\\\/index.php\\\/2025\\\/01\\\/04\\\/coz-to-byl-za-rok\\\/#primaryimage\",\"url\":\"https:\\\/\\\/futbolbezbarier.pl\\\/wp-content\\\/uploads\\\/2025\\\/01\\\/fota1.jpg\",\"contentUrl\":\"https:\\\/\\\/futbolbezbarier.pl\\\/wp-content\\\/uploads\\\/2025\\\/01\\\/fota1.jpg\",\"width\":2560,\"height\":1440},{\"@type\":\"BreadcrumbList\",\"@id\":\"https:\\\/\\\/futbolbezbarier.pl\\\/index.php\\\/2025\\\/01\\\/04\\\/coz-to-byl-za-rok\\\/#breadcrumb\",\"itemListElement\":[{\"@type\":\"ListItem\",\"position\":1,\"name\":\"Home\",\"item\":\"https:\\\/\\\/futbolbezbarier.pl\\\/\"},{\"@type\":\"ListItem\",\"position\":2,\"name\":\"C\u00d3\u017b TO BY\u0141 ZA ROK&#8230;\"}]},{\"@type\":\"WebSite\",\"@id\":\"https:\\\/\\\/futbolbezbarier.pl\\\/#website\",\"url\":\"https:\\\/\\\/futbolbezbarier.pl\\\/\",\"name\":\"Futbol Bez Barier\",\"description\":\"Pi\u0142ka no\u017cna dla os\u00f3b z niepe\u0142nosprawno\u015bciami\",\"publisher\":{\"@id\":\"https:\\\/\\\/futbolbezbarier.pl\\\/#organization\"},\"potentialAction\":[{\"@type\":\"SearchAction\",\"target\":{\"@type\":\"EntryPoint\",\"urlTemplate\":\"https:\\\/\\\/futbolbezbarier.pl\\\/?s={search_term_string}\"},\"query-input\":{\"@type\":\"PropertyValueSpecification\",\"valueRequired\":true,\"valueName\":\"search_term_string\"}}],\"inLanguage\":\"pl-PL\"},{\"@type\":\"Organization\",\"@id\":\"https:\\\/\\\/futbolbezbarier.pl\\\/#organization\",\"name\":\"Futbol Bez Barier\",\"url\":\"https:\\\/\\\/futbolbezbarier.pl\\\/\",\"logo\":{\"@type\":\"ImageObject\",\"inLanguage\":\"pl-PL\",\"@id\":\"https:\\\/\\\/futbolbezbarier.pl\\\/#\\\/schema\\\/logo\\\/image\\\/\",\"url\":\"https:\\\/\\\/futbolbezbarier.pl\\\/wp-content\\\/uploads\\\/2025\\\/02\\\/Projekt-bez-nazwy-20.png\",\"contentUrl\":\"https:\\\/\\\/futbolbezbarier.pl\\\/wp-content\\\/uploads\\\/2025\\\/02\\\/Projekt-bez-nazwy-20.png\",\"width\":940,\"height\":788,\"caption\":\"Futbol Bez Barier\"},\"image\":{\"@id\":\"https:\\\/\\\/futbolbezbarier.pl\\\/#\\\/schema\\\/logo\\\/image\\\/\"},\"sameAs\":[\"https:\\\/\\\/www.facebook.com\\\/FutbollBezBarier\\\/\",\"https:\\\/\\\/www.youtube.com\\\/channel\\\/UCTKZn9TuPuanTWiCGnTRGGw\"]},{\"@type\":\"Person\",\"@id\":\"https:\\\/\\\/futbolbezbarier.pl\\\/#\\\/schema\\\/person\\\/746638be29ba15e59f6324eefa98f822\",\"name\":\"Maciej Colton\",\"image\":{\"@type\":\"ImageObject\",\"inLanguage\":\"pl-PL\",\"@id\":\"https:\\\/\\\/secure.gravatar.com\\\/avatar\\\/a068e195272152fc1341d1b627a6665aa0d02867c44c7a51cecd5f0f9d523ead?s=96&d=mm&r=g\",\"url\":\"https:\\\/\\\/secure.gravatar.com\\\/avatar\\\/a068e195272152fc1341d1b627a6665aa0d02867c44c7a51cecd5f0f9d523ead?s=96&d=mm&r=g\",\"contentUrl\":\"https:\\\/\\\/secure.gravatar.com\\\/avatar\\\/a068e195272152fc1341d1b627a6665aa0d02867c44c7a51cecd5f0f9d523ead?s=96&d=mm&r=g\",\"caption\":\"Maciej Colton\"},\"url\":\"https:\\\/\\\/futbolbezbarier.pl\\\/index.php\\\/author\\\/foltyn-m\\\/\"}]}<\/script>\n<!-- \/ Yoast SEO plugin. -->","yoast_head_json":{"title":"C\u00d3\u017b TO BY\u0141 ZA ROK... - Futbol Bez Barier","description":"C\u00d3\u017b TO BY\u0141 ZA ROK... przeczytaj najnowszy wpis","robots":{"index":"index","follow":"follow","max-snippet":"max-snippet:-1","max-image-preview":"max-image-preview:large","max-video-preview":"max-video-preview:-1"},"canonical":"https:\/\/futbolbezbarier.pl\/index.php\/2025\/01\/04\/coz-to-byl-za-rok\/","og_locale":"pl_PL","og_type":"article","og_title":"C\u00d3\u017b TO BY\u0141 ZA ROK... - Futbol Bez Barier","og_description":"C\u00d3\u017b TO BY\u0141 ZA ROK... przeczytaj najnowszy wpis","og_url":"https:\/\/futbolbezbarier.pl\/index.php\/2025\/01\/04\/coz-to-byl-za-rok\/","og_site_name":"Futbol Bez Barier","article_publisher":"https:\/\/www.facebook.com\/FutbollBezBarier\/","article_published_time":"2025-01-03T23:00:23+00:00","article_modified_time":"2025-01-14T11:06:44+00:00","og_image":[{"width":2560,"height":1440,"url":"https:\/\/futbolbezbarier.pl\/wp-content\/uploads\/2025\/01\/fota1.jpg","type":"image\/jpeg"}],"author":"Maciej Colton","twitter_card":"summary_large_image","twitter_misc":{"Napisane przez":"Maciej Colton","Szacowany czas czytania":"10 minut"},"schema":{"@context":"https:\/\/schema.org","@graph":[{"@type":"Article","@id":"https:\/\/futbolbezbarier.pl\/index.php\/2025\/01\/04\/coz-to-byl-za-rok\/#article","isPartOf":{"@id":"https:\/\/futbolbezbarier.pl\/index.php\/2025\/01\/04\/coz-to-byl-za-rok\/"},"author":{"name":"Maciej Colton","@id":"https:\/\/futbolbezbarier.pl\/#\/schema\/person\/746638be29ba15e59f6324eefa98f822"},"headline":"C\u00d3\u017b TO BY\u0141 ZA ROK&#8230;","datePublished":"2025-01-03T23:00:23+00:00","dateModified":"2025-01-14T11:06:44+00:00","mainEntityOfPage":{"@id":"https:\/\/futbolbezbarier.pl\/index.php\/2025\/01\/04\/coz-to-byl-za-rok\/"},"wordCount":568,"publisher":{"@id":"https:\/\/futbolbezbarier.pl\/#organization"},"image":{"@id":"https:\/\/futbolbezbarier.pl\/index.php\/2025\/01\/04\/coz-to-byl-za-rok\/#primaryimage"},"thumbnailUrl":"https:\/\/futbolbezbarier.pl\/wp-content\/uploads\/2025\/01\/fota1.jpg","inLanguage":"pl-PL"},{"@type":"WebPage","@id":"https:\/\/futbolbezbarier.pl\/index.php\/2025\/01\/04\/coz-to-byl-za-rok\/","url":"https:\/\/futbolbezbarier.pl\/index.php\/2025\/01\/04\/coz-to-byl-za-rok\/","name":"C\u00d3\u017b TO BY\u0141 ZA ROK... - Futbol Bez Barier","isPartOf":{"@id":"https:\/\/futbolbezbarier.pl\/#website"},"primaryImageOfPage":{"@id":"https:\/\/futbolbezbarier.pl\/index.php\/2025\/01\/04\/coz-to-byl-za-rok\/#primaryimage"},"image":{"@id":"https:\/\/futbolbezbarier.pl\/index.php\/2025\/01\/04\/coz-to-byl-za-rok\/#primaryimage"},"thumbnailUrl":"https:\/\/futbolbezbarier.pl\/wp-content\/uploads\/2025\/01\/fota1.jpg","datePublished":"2025-01-03T23:00:23+00:00","dateModified":"2025-01-14T11:06:44+00:00","description":"C\u00d3\u017b TO BY\u0141 ZA ROK... przeczytaj najnowszy wpis","breadcrumb":{"@id":"https:\/\/futbolbezbarier.pl\/index.php\/2025\/01\/04\/coz-to-byl-za-rok\/#breadcrumb"},"inLanguage":"pl-PL","potentialAction":[{"@type":"ReadAction","target":["https:\/\/futbolbezbarier.pl\/index.php\/2025\/01\/04\/coz-to-byl-za-rok\/"]}]},{"@type":"ImageObject","inLanguage":"pl-PL","@id":"https:\/\/futbolbezbarier.pl\/index.php\/2025\/01\/04\/coz-to-byl-za-rok\/#primaryimage","url":"https:\/\/futbolbezbarier.pl\/wp-content\/uploads\/2025\/01\/fota1.jpg","contentUrl":"https:\/\/futbolbezbarier.pl\/wp-content\/uploads\/2025\/01\/fota1.jpg","width":2560,"height":1440},{"@type":"BreadcrumbList","@id":"https:\/\/futbolbezbarier.pl\/index.php\/2025\/01\/04\/coz-to-byl-za-rok\/#breadcrumb","itemListElement":[{"@type":"ListItem","position":1,"name":"Home","item":"https:\/\/futbolbezbarier.pl\/"},{"@type":"ListItem","position":2,"name":"C\u00d3\u017b TO BY\u0141 ZA ROK&#8230;"}]},{"@type":"WebSite","@id":"https:\/\/futbolbezbarier.pl\/#website","url":"https:\/\/futbolbezbarier.pl\/","name":"Futbol Bez Barier","description":"Pi\u0142ka no\u017cna dla os\u00f3b z niepe\u0142nosprawno\u015bciami","publisher":{"@id":"https:\/\/futbolbezbarier.pl\/#organization"},"potentialAction":[{"@type":"SearchAction","target":{"@type":"EntryPoint","urlTemplate":"https:\/\/futbolbezbarier.pl\/?s={search_term_string}"},"query-input":{"@type":"PropertyValueSpecification","valueRequired":true,"valueName":"search_term_string"}}],"inLanguage":"pl-PL"},{"@type":"Organization","@id":"https:\/\/futbolbezbarier.pl\/#organization","name":"Futbol Bez Barier","url":"https:\/\/futbolbezbarier.pl\/","logo":{"@type":"ImageObject","inLanguage":"pl-PL","@id":"https:\/\/futbolbezbarier.pl\/#\/schema\/logo\/image\/","url":"https:\/\/futbolbezbarier.pl\/wp-content\/uploads\/2025\/02\/Projekt-bez-nazwy-20.png","contentUrl":"https:\/\/futbolbezbarier.pl\/wp-content\/uploads\/2025\/02\/Projekt-bez-nazwy-20.png","width":940,"height":788,"caption":"Futbol Bez Barier"},"image":{"@id":"https:\/\/futbolbezbarier.pl\/#\/schema\/logo\/image\/"},"sameAs":["https:\/\/www.facebook.com\/FutbollBezBarier\/","https:\/\/www.youtube.com\/channel\/UCTKZn9TuPuanTWiCGnTRGGw"]},{"@type":"Person","@id":"https:\/\/futbolbezbarier.pl\/#\/schema\/person\/746638be29ba15e59f6324eefa98f822","name":"Maciej Colton","image":{"@type":"ImageObject","inLanguage":"pl-PL","@id":"https:\/\/secure.gravatar.com\/avatar\/a068e195272152fc1341d1b627a6665aa0d02867c44c7a51cecd5f0f9d523ead?s=96&d=mm&r=g","url":"https:\/\/secure.gravatar.com\/avatar\/a068e195272152fc1341d1b627a6665aa0d02867c44c7a51cecd5f0f9d523ead?s=96&d=mm&r=g","contentUrl":"https:\/\/secure.gravatar.com\/avatar\/a068e195272152fc1341d1b627a6665aa0d02867c44c7a51cecd5f0f9d523ead?s=96&d=mm&r=g","caption":"Maciej Colton"},"url":"https:\/\/futbolbezbarier.pl\/index.php\/author\/foltyn-m\/"}]}},"_links":{"self":[{"href":"https:\/\/futbolbezbarier.pl\/index.php\/wp-json\/wp\/v2\/posts\/628","targetHints":{"allow":["GET"]}}],"collection":[{"href":"https:\/\/futbolbezbarier.pl\/index.php\/wp-json\/wp\/v2\/posts"}],"about":[{"href":"https:\/\/futbolbezbarier.pl\/index.php\/wp-json\/wp\/v2\/types\/post"}],"author":[{"embeddable":true,"href":"https:\/\/futbolbezbarier.pl\/index.php\/wp-json\/wp\/v2\/users\/3"}],"replies":[{"embeddable":true,"href":"https:\/\/futbolbezbarier.pl\/index.php\/wp-json\/wp\/v2\/comments?post=628"}],"version-history":[{"count":1,"href":"https:\/\/futbolbezbarier.pl\/index.php\/wp-json\/wp\/v2\/posts\/628\/revisions"}],"predecessor-version":[{"id":630,"href":"https:\/\/futbolbezbarier.pl\/index.php\/wp-json\/wp\/v2\/posts\/628\/revisions\/630"}],"wp:featuredmedia":[{"embeddable":true,"href":"https:\/\/futbolbezbarier.pl\/index.php\/wp-json\/wp\/v2\/media\/986"}],"wp:attachment":[{"href":"https:\/\/futbolbezbarier.pl\/index.php\/wp-json\/wp\/v2\/media?parent=628"}],"wp:term":[{"taxonomy":"category","embeddable":true,"href":"https:\/\/futbolbezbarier.pl\/index.php\/wp-json\/wp\/v2\/categories?post=628"},{"taxonomy":"post_tag","embeddable":true,"href":"https:\/\/futbolbezbarier.pl\/index.php\/wp-json\/wp\/v2\/tags?post=628"}],"curies":[{"name":"wp","href":"https:\/\/api.w.org\/{rel}","templated":true}]}}