{"id":812,"date":"2025-01-06T18:44:39","date_gmt":"2025-01-06T17:44:39","guid":{"rendered":"https:\/\/futbolbezbarier.pl\/?p=812"},"modified":"2025-01-06T18:45:24","modified_gmt":"2025-01-06T17:45:24","slug":"wks-slask-futsal-wroclaw-bez-barier-poleci-do-usa","status":"publish","type":"post","link":"https:\/\/futbolbezbarier.pl\/index.php\/2025\/01\/06\/wks-slask-futsal-wroclaw-bez-barier-poleci-do-usa\/","title":{"rendered":"WKS \u015aL\u0104SK FUTSAL WROC\u0141AW BEZ BARIER POLECI DO USA!"},"content":{"rendered":"\n<h3 class=\"wp-block-heading\">WKS \u015al\u0105sk Futbol Wroc\u0142aw Bez Barier zagra w Genuine World Cup <img decoding=\"async\" height=\"16\" width=\"16\" src=\"https:\/\/static.xx.fbcdn.net\/images\/emoji.php\/v9\/t77\/1\/16\/203c.png\" alt=\"\u203c\ufe0f\"><\/h3>\n\n\n\n<figure class=\"wp-block-image size-full\"><img fetchpriority=\"high\" decoding=\"async\" width=\"960\" height=\"540\" src=\"https:\/\/futbolbezbarier.pl\/wp-content\/uploads\/2025\/01\/468299893_990273303129433_6168931734883938403_n.jpg\" alt=\"\" class=\"wp-image-813\" srcset=\"https:\/\/futbolbezbarier.pl\/wp-content\/uploads\/2025\/01\/468299893_990273303129433_6168931734883938403_n.jpg 960w, https:\/\/futbolbezbarier.pl\/wp-content\/uploads\/2025\/01\/468299893_990273303129433_6168931734883938403_n-300x169.jpg 300w, https:\/\/futbolbezbarier.pl\/wp-content\/uploads\/2025\/01\/468299893_990273303129433_6168931734883938403_n-768x432.jpg 768w\" sizes=\"(max-width: 960px) 100vw, 960px\" \/><\/figure>\n\n\n\n<p>Tak, dobrze przeczytali\u015bcie! Dru\u017cyna, WKS \u015al\u0105sk Futbol Wroc\u0142aw Bez Barier, w lipcu 2025 roku we\u017amie udzia\u0142 w jednym z najbardziej presti\u017cowych turniej\u00f3w pi\u0142karskich na \u015bwiecie \u2013 Genuine World Cup! <br>To wielkie wyr\u00f3\u017cnienie, kt\u00f3re nie tylko podkre\u015bla ogromny talent i zaanga\u017cowanie zawodnik\u00f3w, ale tak\u017ce stanowi spe\u0142nienie marze\u0144 o mi\u0119dzynarodowej rywalizacji na najwy\u017cszym poziomie.<\/p>\n\n\n<div class=\"wp-block-image\">\n<figure class=\"aligncenter size-large\"><img decoding=\"async\" width=\"1024\" height=\"564\" src=\"https:\/\/futbolbezbarier.pl\/wp-content\/uploads\/2025\/01\/471147850_1010236937799736_3568901587178859236_n-1024x564.jpg\" alt=\"\" class=\"wp-image-814\" srcset=\"https:\/\/futbolbezbarier.pl\/wp-content\/uploads\/2025\/01\/471147850_1010236937799736_3568901587178859236_n-1024x564.jpg 1024w, https:\/\/futbolbezbarier.pl\/wp-content\/uploads\/2025\/01\/471147850_1010236937799736_3568901587178859236_n-300x165.jpg 300w, https:\/\/futbolbezbarier.pl\/wp-content\/uploads\/2025\/01\/471147850_1010236937799736_3568901587178859236_n-768x423.jpg 768w, https:\/\/futbolbezbarier.pl\/wp-content\/uploads\/2025\/01\/471147850_1010236937799736_3568901587178859236_n.jpg 1170w\" sizes=\"(max-width: 1024px) 100vw, 1024px\" \/><\/figure>\n<\/div>\n\n\n<p>Gdzie odb\u0119dzie si\u0119 to wydarzenie? W Houston, w stanie Teksas. Dla nas to nie tylko szansa na pokazanie swoich umiej\u0119tno\u015bci, ale tak\u017ce wyj\u0105tkowa okazja do reprezentowania Polski na globalnej scenie futbolu.<\/p>\n\n\n\n<p>Co to oznacza dla WKS \u015al\u0105sk Futbol Wroc\u0142aw Bez Barier ? <br>Jak m\u00f3wi Trener WKS  Krystian Kozina: &#8222;Udzia\u0142 w Genuine World Cup to dow\u00f3d na to, jak daleko zaszli\u015bmy w budowaniu dru\u017cyny, kt\u00f3ra nie tylko kocha pi\u0142k\u0119 no\u017cn\u0105, ale przede wszystkim udowadnia, \u017ce bariery, zar\u00f3wno fizyczne, jak i mentalne, mo\u017cna pokona\u0107. Nasza dru\u017cyna to zgrany kolektyw pe\u0142en pasji, kt\u00f3ry inspiruje i motywuje innych do si\u0119gania po marzenia, niezale\u017cnie od wyzwa\u0144, kt\u00f3re napotykamy na swojej drodze.&#8221;<\/p>\n\n\n\n<p>Po chwili dodaje: &#8222;Jeste\u015bmy dumni, \u017ce jako dru\u017cyna mo\u017cemy reprezentowa\u0107 Wroc\u0142aw, Polsk\u0119 i wszystkich, kt\u00f3rzy wierz\u0105 w si\u0142\u0119 sportu. Ju\u017c teraz z niecierpliwo\u015bci\u0105 czekamy na te niezapomniane chwile na boisku i mamy nadziej\u0119, \u017ce zyskamy nowych kibic\u00f3w, kt\u00f3rzy b\u0119d\u0105 wspiera\u0107 nasz\u0105 podr\u00f3\u017c na drug\u0105 stron\u0119 Atlantyku.&#8221;<\/p>\n","protected":false},"excerpt":{"rendered":"<p>WKS \u015al\u0105sk Futbol Wroc\u0142aw Bez Barier zagra w Genuine World Cup Tak, dobrze przeczytali\u015bcie! Dru\u017cyna, WKS \u015al\u0105sk Futbol Wroc\u0142aw Bez Barier, w lipcu 2025 roku we\u017amie udzia\u0142 w jednym z najbardziej presti\u017cowych turniej\u00f3w pi\u0142karskich na \u015bwiecie \u2013 Genuine World Cup! To wielkie wyr\u00f3\u017cnienie, kt\u00f3re nie tylko podkre\u015bla ogromny talent i zaanga\u017cowanie zawodnik\u00f3w, ale tak\u017ce stanowi&hellip;&nbsp;<a href=\"https:\/\/futbolbezbarier.pl\/index.php\/2025\/01\/06\/wks-slask-futsal-wroclaw-bez-barier-poleci-do-usa\/\" rel=\"bookmark\">Dowiedz si\u0119 wi\u0119cej &raquo;<span class=\"screen-reader-text\">WKS \u015aL\u0104SK FUTSAL WROC\u0141AW BEZ BARIER POLECI DO USA!<\/span><\/a><\/p>\n","protected":false},"author":3,"featured_media":814,"comment_status":"closed","ping_status":"open","sticky":false,"template":"","format":"standard","meta":{"_monsterinsights_skip_tracking":false,"_monsterinsights_sitenote_active":false,"_monsterinsights_sitenote_note":"","_monsterinsights_sitenote_category":0,"neve_meta_sidebar":"","neve_meta_container":"","neve_meta_enable_content_width":"","neve_meta_content_width":0,"neve_meta_title_alignment":"","neve_meta_author_avatar":"","neve_post_elements_order":"","neve_meta_disable_header":"","neve_meta_disable_footer":"","neve_meta_disable_title":"","_themeisle_gutenberg_block_has_review":false,"footnotes":""},"categories":[12],"tags":[],"class_list":["post-812","post","type-post","status-publish","format-standard","has-post-thumbnail","hentry","category-ciekawe-informacje"],"yoast_head":"<!-- This site is optimized with the Yoast SEO plugin v27.5 - https:\/\/yoast.com\/product\/yoast-seo-wordpress\/ -->\n<title>WKS \u015aL\u0104SK FUTSAL WROC\u0141AW BEZ BARIER POLECI DO USA! - Futbol Bez Barier<\/title>\n<meta name=\"description\" content=\"WKS \u015aL\u0104SK FUTSAL WROC\u0141AW BEZ BARIER POLECI DO USA! przeczytaj najnowszy wpis\" \/>\n<meta name=\"robots\" content=\"index, follow, max-snippet:-1, max-image-preview:large, max-video-preview:-1\" \/>\n<link rel=\"canonical\" href=\"https:\/\/futbolbezbarier.pl\/index.php\/2025\/01\/06\/wks-slask-futsal-wroclaw-bez-barier-poleci-do-usa\/\" \/>\n<meta property=\"og:locale\" content=\"pl_PL\" \/>\n<meta property=\"og:type\" content=\"article\" \/>\n<meta property=\"og:title\" content=\"WKS \u015aL\u0104SK FUTSAL WROC\u0141AW BEZ BARIER POLECI DO USA! - Futbol Bez Barier\" \/>\n<meta property=\"og:description\" content=\"WKS \u015aL\u0104SK FUTSAL WROC\u0141AW BEZ BARIER POLECI DO USA! przeczytaj najnowszy wpis\" \/>\n<meta property=\"og:url\" content=\"https:\/\/futbolbezbarier.pl\/index.php\/2025\/01\/06\/wks-slask-futsal-wroclaw-bez-barier-poleci-do-usa\/\" \/>\n<meta property=\"og:site_name\" content=\"Futbol Bez Barier\" \/>\n<meta property=\"article:publisher\" content=\"https:\/\/www.facebook.com\/FutbollBezBarier\/\" \/>\n<meta property=\"article:published_time\" content=\"2025-01-06T17:44:39+00:00\" \/>\n<meta property=\"article:modified_time\" content=\"2025-01-06T17:45:24+00:00\" \/>\n<meta property=\"og:image\" content=\"https:\/\/futbolbezbarier.pl\/wp-content\/uploads\/2025\/01\/471147850_1010236937799736_3568901587178859236_n.jpg\" \/>\n\t<meta property=\"og:image:width\" content=\"1170\" \/>\n\t<meta property=\"og:image:height\" content=\"644\" \/>\n\t<meta property=\"og:image:type\" content=\"image\/jpeg\" \/>\n<meta name=\"author\" content=\"Maciej Colton\" \/>\n<meta name=\"twitter:card\" content=\"summary_large_image\" \/>\n<meta name=\"twitter:label1\" content=\"Napisane przez\" \/>\n\t<meta name=\"twitter:data1\" content=\"Maciej Colton\" \/>\n\t<meta name=\"twitter:label2\" content=\"Szacowany czas czytania\" \/>\n\t<meta name=\"twitter:data2\" content=\"3 minuty\" \/>\n<script type=\"application\/ld+json\" class=\"yoast-schema-graph\">{\"@context\":\"https:\\\/\\\/schema.org\",\"@graph\":[{\"@type\":\"Article\",\"@id\":\"https:\\\/\\\/futbolbezbarier.pl\\\/index.php\\\/2025\\\/01\\\/06\\\/wks-slask-futsal-wroclaw-bez-barier-poleci-do-usa\\\/#article\",\"isPartOf\":{\"@id\":\"https:\\\/\\\/futbolbezbarier.pl\\\/index.php\\\/2025\\\/01\\\/06\\\/wks-slask-futsal-wroclaw-bez-barier-poleci-do-usa\\\/\"},\"author\":{\"name\":\"Maciej Colton\",\"@id\":\"https:\\\/\\\/futbolbezbarier.pl\\\/#\\\/schema\\\/person\\\/746638be29ba15e59f6324eefa98f822\"},\"headline\":\"WKS \u015aL\u0104SK FUTSAL WROC\u0141AW BEZ BARIER POLECI DO USA!\",\"datePublished\":\"2025-01-06T17:44:39+00:00\",\"dateModified\":\"2025-01-06T17:45:24+00:00\",\"mainEntityOfPage\":{\"@id\":\"https:\\\/\\\/futbolbezbarier.pl\\\/index.php\\\/2025\\\/01\\\/06\\\/wks-slask-futsal-wroclaw-bez-barier-poleci-do-usa\\\/\"},\"wordCount\":273,\"publisher\":{\"@id\":\"https:\\\/\\\/futbolbezbarier.pl\\\/#organization\"},\"image\":{\"@id\":\"https:\\\/\\\/futbolbezbarier.pl\\\/index.php\\\/2025\\\/01\\\/06\\\/wks-slask-futsal-wroclaw-bez-barier-poleci-do-usa\\\/#primaryimage\"},\"thumbnailUrl\":\"https:\\\/\\\/futbolbezbarier.pl\\\/wp-content\\\/uploads\\\/2025\\\/01\\\/471147850_1010236937799736_3568901587178859236_n.jpg\",\"articleSection\":[\"Ciekawe informacje\"],\"inLanguage\":\"pl-PL\"},{\"@type\":\"WebPage\",\"@id\":\"https:\\\/\\\/futbolbezbarier.pl\\\/index.php\\\/2025\\\/01\\\/06\\\/wks-slask-futsal-wroclaw-bez-barier-poleci-do-usa\\\/\",\"url\":\"https:\\\/\\\/futbolbezbarier.pl\\\/index.php\\\/2025\\\/01\\\/06\\\/wks-slask-futsal-wroclaw-bez-barier-poleci-do-usa\\\/\",\"name\":\"WKS \u015aL\u0104SK FUTSAL WROC\u0141AW BEZ BARIER POLECI DO USA! - Futbol Bez Barier\",\"isPartOf\":{\"@id\":\"https:\\\/\\\/futbolbezbarier.pl\\\/#website\"},\"primaryImageOfPage\":{\"@id\":\"https:\\\/\\\/futbolbezbarier.pl\\\/index.php\\\/2025\\\/01\\\/06\\\/wks-slask-futsal-wroclaw-bez-barier-poleci-do-usa\\\/#primaryimage\"},\"image\":{\"@id\":\"https:\\\/\\\/futbolbezbarier.pl\\\/index.php\\\/2025\\\/01\\\/06\\\/wks-slask-futsal-wroclaw-bez-barier-poleci-do-usa\\\/#primaryimage\"},\"thumbnailUrl\":\"https:\\\/\\\/futbolbezbarier.pl\\\/wp-content\\\/uploads\\\/2025\\\/01\\\/471147850_1010236937799736_3568901587178859236_n.jpg\",\"datePublished\":\"2025-01-06T17:44:39+00:00\",\"dateModified\":\"2025-01-06T17:45:24+00:00\",\"description\":\"WKS \u015aL\u0104SK FUTSAL WROC\u0141AW BEZ BARIER POLECI DO USA! przeczytaj najnowszy wpis\",\"breadcrumb\":{\"@id\":\"https:\\\/\\\/futbolbezbarier.pl\\\/index.php\\\/2025\\\/01\\\/06\\\/wks-slask-futsal-wroclaw-bez-barier-poleci-do-usa\\\/#breadcrumb\"},\"inLanguage\":\"pl-PL\",\"potentialAction\":[{\"@type\":\"ReadAction\",\"target\":[\"https:\\\/\\\/futbolbezbarier.pl\\\/index.php\\\/2025\\\/01\\\/06\\\/wks-slask-futsal-wroclaw-bez-barier-poleci-do-usa\\\/\"]}]},{\"@type\":\"ImageObject\",\"inLanguage\":\"pl-PL\",\"@id\":\"https:\\\/\\\/futbolbezbarier.pl\\\/index.php\\\/2025\\\/01\\\/06\\\/wks-slask-futsal-wroclaw-bez-barier-poleci-do-usa\\\/#primaryimage\",\"url\":\"https:\\\/\\\/futbolbezbarier.pl\\\/wp-content\\\/uploads\\\/2025\\\/01\\\/471147850_1010236937799736_3568901587178859236_n.jpg\",\"contentUrl\":\"https:\\\/\\\/futbolbezbarier.pl\\\/wp-content\\\/uploads\\\/2025\\\/01\\\/471147850_1010236937799736_3568901587178859236_n.jpg\",\"width\":1170,\"height\":644},{\"@type\":\"BreadcrumbList\",\"@id\":\"https:\\\/\\\/futbolbezbarier.pl\\\/index.php\\\/2025\\\/01\\\/06\\\/wks-slask-futsal-wroclaw-bez-barier-poleci-do-usa\\\/#breadcrumb\",\"itemListElement\":[{\"@type\":\"ListItem\",\"position\":1,\"name\":\"Home\",\"item\":\"https:\\\/\\\/futbolbezbarier.pl\\\/\"},{\"@type\":\"ListItem\",\"position\":2,\"name\":\"WKS \u015aL\u0104SK FUTSAL WROC\u0141AW BEZ BARIER POLECI DO USA!\"}]},{\"@type\":\"WebSite\",\"@id\":\"https:\\\/\\\/futbolbezbarier.pl\\\/#website\",\"url\":\"https:\\\/\\\/futbolbezbarier.pl\\\/\",\"name\":\"Futbol Bez Barier\",\"description\":\"Pi\u0142ka no\u017cna dla os\u00f3b z niepe\u0142nosprawno\u015bciami\",\"publisher\":{\"@id\":\"https:\\\/\\\/futbolbezbarier.pl\\\/#organization\"},\"potentialAction\":[{\"@type\":\"SearchAction\",\"target\":{\"@type\":\"EntryPoint\",\"urlTemplate\":\"https:\\\/\\\/futbolbezbarier.pl\\\/?s={search_term_string}\"},\"query-input\":{\"@type\":\"PropertyValueSpecification\",\"valueRequired\":true,\"valueName\":\"search_term_string\"}}],\"inLanguage\":\"pl-PL\"},{\"@type\":\"Organization\",\"@id\":\"https:\\\/\\\/futbolbezbarier.pl\\\/#organization\",\"name\":\"Futbol Bez Barier\",\"url\":\"https:\\\/\\\/futbolbezbarier.pl\\\/\",\"logo\":{\"@type\":\"ImageObject\",\"inLanguage\":\"pl-PL\",\"@id\":\"https:\\\/\\\/futbolbezbarier.pl\\\/#\\\/schema\\\/logo\\\/image\\\/\",\"url\":\"https:\\\/\\\/futbolbezbarier.pl\\\/wp-content\\\/uploads\\\/2025\\\/02\\\/Projekt-bez-nazwy-20.png\",\"contentUrl\":\"https:\\\/\\\/futbolbezbarier.pl\\\/wp-content\\\/uploads\\\/2025\\\/02\\\/Projekt-bez-nazwy-20.png\",\"width\":940,\"height\":788,\"caption\":\"Futbol Bez Barier\"},\"image\":{\"@id\":\"https:\\\/\\\/futbolbezbarier.pl\\\/#\\\/schema\\\/logo\\\/image\\\/\"},\"sameAs\":[\"https:\\\/\\\/www.facebook.com\\\/FutbollBezBarier\\\/\",\"https:\\\/\\\/www.youtube.com\\\/channel\\\/UCTKZn9TuPuanTWiCGnTRGGw\"]},{\"@type\":\"Person\",\"@id\":\"https:\\\/\\\/futbolbezbarier.pl\\\/#\\\/schema\\\/person\\\/746638be29ba15e59f6324eefa98f822\",\"name\":\"Maciej Colton\",\"image\":{\"@type\":\"ImageObject\",\"inLanguage\":\"pl-PL\",\"@id\":\"https:\\\/\\\/secure.gravatar.com\\\/avatar\\\/a068e195272152fc1341d1b627a6665aa0d02867c44c7a51cecd5f0f9d523ead?s=96&d=mm&r=g\",\"url\":\"https:\\\/\\\/secure.gravatar.com\\\/avatar\\\/a068e195272152fc1341d1b627a6665aa0d02867c44c7a51cecd5f0f9d523ead?s=96&d=mm&r=g\",\"contentUrl\":\"https:\\\/\\\/secure.gravatar.com\\\/avatar\\\/a068e195272152fc1341d1b627a6665aa0d02867c44c7a51cecd5f0f9d523ead?s=96&d=mm&r=g\",\"caption\":\"Maciej Colton\"},\"url\":\"https:\\\/\\\/futbolbezbarier.pl\\\/index.php\\\/author\\\/foltyn-m\\\/\"}]}<\/script>\n<!-- \/ Yoast SEO plugin. -->","yoast_head_json":{"title":"WKS \u015aL\u0104SK FUTSAL WROC\u0141AW BEZ BARIER POLECI DO USA! - Futbol Bez Barier","description":"WKS \u015aL\u0104SK FUTSAL WROC\u0141AW BEZ BARIER POLECI DO USA! przeczytaj najnowszy wpis","robots":{"index":"index","follow":"follow","max-snippet":"max-snippet:-1","max-image-preview":"max-image-preview:large","max-video-preview":"max-video-preview:-1"},"canonical":"https:\/\/futbolbezbarier.pl\/index.php\/2025\/01\/06\/wks-slask-futsal-wroclaw-bez-barier-poleci-do-usa\/","og_locale":"pl_PL","og_type":"article","og_title":"WKS \u015aL\u0104SK FUTSAL WROC\u0141AW BEZ BARIER POLECI DO USA! - Futbol Bez Barier","og_description":"WKS \u015aL\u0104SK FUTSAL WROC\u0141AW BEZ BARIER POLECI DO USA! przeczytaj najnowszy wpis","og_url":"https:\/\/futbolbezbarier.pl\/index.php\/2025\/01\/06\/wks-slask-futsal-wroclaw-bez-barier-poleci-do-usa\/","og_site_name":"Futbol Bez Barier","article_publisher":"https:\/\/www.facebook.com\/FutbollBezBarier\/","article_published_time":"2025-01-06T17:44:39+00:00","article_modified_time":"2025-01-06T17:45:24+00:00","og_image":[{"width":1170,"height":644,"url":"https:\/\/futbolbezbarier.pl\/wp-content\/uploads\/2025\/01\/471147850_1010236937799736_3568901587178859236_n.jpg","type":"image\/jpeg"}],"author":"Maciej Colton","twitter_card":"summary_large_image","twitter_misc":{"Napisane przez":"Maciej Colton","Szacowany czas czytania":"3 minuty"},"schema":{"@context":"https:\/\/schema.org","@graph":[{"@type":"Article","@id":"https:\/\/futbolbezbarier.pl\/index.php\/2025\/01\/06\/wks-slask-futsal-wroclaw-bez-barier-poleci-do-usa\/#article","isPartOf":{"@id":"https:\/\/futbolbezbarier.pl\/index.php\/2025\/01\/06\/wks-slask-futsal-wroclaw-bez-barier-poleci-do-usa\/"},"author":{"name":"Maciej Colton","@id":"https:\/\/futbolbezbarier.pl\/#\/schema\/person\/746638be29ba15e59f6324eefa98f822"},"headline":"WKS \u015aL\u0104SK FUTSAL WROC\u0141AW BEZ BARIER POLECI DO USA!","datePublished":"2025-01-06T17:44:39+00:00","dateModified":"2025-01-06T17:45:24+00:00","mainEntityOfPage":{"@id":"https:\/\/futbolbezbarier.pl\/index.php\/2025\/01\/06\/wks-slask-futsal-wroclaw-bez-barier-poleci-do-usa\/"},"wordCount":273,"publisher":{"@id":"https:\/\/futbolbezbarier.pl\/#organization"},"image":{"@id":"https:\/\/futbolbezbarier.pl\/index.php\/2025\/01\/06\/wks-slask-futsal-wroclaw-bez-barier-poleci-do-usa\/#primaryimage"},"thumbnailUrl":"https:\/\/futbolbezbarier.pl\/wp-content\/uploads\/2025\/01\/471147850_1010236937799736_3568901587178859236_n.jpg","articleSection":["Ciekawe informacje"],"inLanguage":"pl-PL"},{"@type":"WebPage","@id":"https:\/\/futbolbezbarier.pl\/index.php\/2025\/01\/06\/wks-slask-futsal-wroclaw-bez-barier-poleci-do-usa\/","url":"https:\/\/futbolbezbarier.pl\/index.php\/2025\/01\/06\/wks-slask-futsal-wroclaw-bez-barier-poleci-do-usa\/","name":"WKS \u015aL\u0104SK FUTSAL WROC\u0141AW BEZ BARIER POLECI DO USA! - Futbol Bez Barier","isPartOf":{"@id":"https:\/\/futbolbezbarier.pl\/#website"},"primaryImageOfPage":{"@id":"https:\/\/futbolbezbarier.pl\/index.php\/2025\/01\/06\/wks-slask-futsal-wroclaw-bez-barier-poleci-do-usa\/#primaryimage"},"image":{"@id":"https:\/\/futbolbezbarier.pl\/index.php\/2025\/01\/06\/wks-slask-futsal-wroclaw-bez-barier-poleci-do-usa\/#primaryimage"},"thumbnailUrl":"https:\/\/futbolbezbarier.pl\/wp-content\/uploads\/2025\/01\/471147850_1010236937799736_3568901587178859236_n.jpg","datePublished":"2025-01-06T17:44:39+00:00","dateModified":"2025-01-06T17:45:24+00:00","description":"WKS \u015aL\u0104SK FUTSAL WROC\u0141AW BEZ BARIER POLECI DO USA! przeczytaj najnowszy wpis","breadcrumb":{"@id":"https:\/\/futbolbezbarier.pl\/index.php\/2025\/01\/06\/wks-slask-futsal-wroclaw-bez-barier-poleci-do-usa\/#breadcrumb"},"inLanguage":"pl-PL","potentialAction":[{"@type":"ReadAction","target":["https:\/\/futbolbezbarier.pl\/index.php\/2025\/01\/06\/wks-slask-futsal-wroclaw-bez-barier-poleci-do-usa\/"]}]},{"@type":"ImageObject","inLanguage":"pl-PL","@id":"https:\/\/futbolbezbarier.pl\/index.php\/2025\/01\/06\/wks-slask-futsal-wroclaw-bez-barier-poleci-do-usa\/#primaryimage","url":"https:\/\/futbolbezbarier.pl\/wp-content\/uploads\/2025\/01\/471147850_1010236937799736_3568901587178859236_n.jpg","contentUrl":"https:\/\/futbolbezbarier.pl\/wp-content\/uploads\/2025\/01\/471147850_1010236937799736_3568901587178859236_n.jpg","width":1170,"height":644},{"@type":"BreadcrumbList","@id":"https:\/\/futbolbezbarier.pl\/index.php\/2025\/01\/06\/wks-slask-futsal-wroclaw-bez-barier-poleci-do-usa\/#breadcrumb","itemListElement":[{"@type":"ListItem","position":1,"name":"Home","item":"https:\/\/futbolbezbarier.pl\/"},{"@type":"ListItem","position":2,"name":"WKS \u015aL\u0104SK FUTSAL WROC\u0141AW BEZ BARIER POLECI DO USA!"}]},{"@type":"WebSite","@id":"https:\/\/futbolbezbarier.pl\/#website","url":"https:\/\/futbolbezbarier.pl\/","name":"Futbol Bez Barier","description":"Pi\u0142ka no\u017cna dla os\u00f3b z niepe\u0142nosprawno\u015bciami","publisher":{"@id":"https:\/\/futbolbezbarier.pl\/#organization"},"potentialAction":[{"@type":"SearchAction","target":{"@type":"EntryPoint","urlTemplate":"https:\/\/futbolbezbarier.pl\/?s={search_term_string}"},"query-input":{"@type":"PropertyValueSpecification","valueRequired":true,"valueName":"search_term_string"}}],"inLanguage":"pl-PL"},{"@type":"Organization","@id":"https:\/\/futbolbezbarier.pl\/#organization","name":"Futbol Bez Barier","url":"https:\/\/futbolbezbarier.pl\/","logo":{"@type":"ImageObject","inLanguage":"pl-PL","@id":"https:\/\/futbolbezbarier.pl\/#\/schema\/logo\/image\/","url":"https:\/\/futbolbezbarier.pl\/wp-content\/uploads\/2025\/02\/Projekt-bez-nazwy-20.png","contentUrl":"https:\/\/futbolbezbarier.pl\/wp-content\/uploads\/2025\/02\/Projekt-bez-nazwy-20.png","width":940,"height":788,"caption":"Futbol Bez Barier"},"image":{"@id":"https:\/\/futbolbezbarier.pl\/#\/schema\/logo\/image\/"},"sameAs":["https:\/\/www.facebook.com\/FutbollBezBarier\/","https:\/\/www.youtube.com\/channel\/UCTKZn9TuPuanTWiCGnTRGGw"]},{"@type":"Person","@id":"https:\/\/futbolbezbarier.pl\/#\/schema\/person\/746638be29ba15e59f6324eefa98f822","name":"Maciej Colton","image":{"@type":"ImageObject","inLanguage":"pl-PL","@id":"https:\/\/secure.gravatar.com\/avatar\/a068e195272152fc1341d1b627a6665aa0d02867c44c7a51cecd5f0f9d523ead?s=96&d=mm&r=g","url":"https:\/\/secure.gravatar.com\/avatar\/a068e195272152fc1341d1b627a6665aa0d02867c44c7a51cecd5f0f9d523ead?s=96&d=mm&r=g","contentUrl":"https:\/\/secure.gravatar.com\/avatar\/a068e195272152fc1341d1b627a6665aa0d02867c44c7a51cecd5f0f9d523ead?s=96&d=mm&r=g","caption":"Maciej Colton"},"url":"https:\/\/futbolbezbarier.pl\/index.php\/author\/foltyn-m\/"}]}},"_links":{"self":[{"href":"https:\/\/futbolbezbarier.pl\/index.php\/wp-json\/wp\/v2\/posts\/812","targetHints":{"allow":["GET"]}}],"collection":[{"href":"https:\/\/futbolbezbarier.pl\/index.php\/wp-json\/wp\/v2\/posts"}],"about":[{"href":"https:\/\/futbolbezbarier.pl\/index.php\/wp-json\/wp\/v2\/types\/post"}],"author":[{"embeddable":true,"href":"https:\/\/futbolbezbarier.pl\/index.php\/wp-json\/wp\/v2\/users\/3"}],"replies":[{"embeddable":true,"href":"https:\/\/futbolbezbarier.pl\/index.php\/wp-json\/wp\/v2\/comments?post=812"}],"version-history":[{"count":1,"href":"https:\/\/futbolbezbarier.pl\/index.php\/wp-json\/wp\/v2\/posts\/812\/revisions"}],"predecessor-version":[{"id":815,"href":"https:\/\/futbolbezbarier.pl\/index.php\/wp-json\/wp\/v2\/posts\/812\/revisions\/815"}],"wp:featuredmedia":[{"embeddable":true,"href":"https:\/\/futbolbezbarier.pl\/index.php\/wp-json\/wp\/v2\/media\/814"}],"wp:attachment":[{"href":"https:\/\/futbolbezbarier.pl\/index.php\/wp-json\/wp\/v2\/media?parent=812"}],"wp:term":[{"taxonomy":"category","embeddable":true,"href":"https:\/\/futbolbezbarier.pl\/index.php\/wp-json\/wp\/v2\/categories?post=812"},{"taxonomy":"post_tag","embeddable":true,"href":"https:\/\/futbolbezbarier.pl\/index.php\/wp-json\/wp\/v2\/tags?post=812"}],"curies":[{"name":"wp","href":"https:\/\/api.w.org\/{rel}","templated":true}]}}